{"id":91912,"date":"2024-12-09T10:14:29","date_gmt":"2024-12-09T13:14:29","guid":{"rendered":"https:\/\/catolicanet.net\/wp-cnet\/?p=91912"},"modified":"2024-12-09T14:16:23","modified_gmt":"2024-12-09T17:16:23","slug":"presepio-e-arvore-de-natal-2024-sao-inaugurados-no-vaticano","status":"publish","type":"post","link":"https:\/\/catolicanet.net\/wp-cnet\/presepio-e-arvore-de-natal-2024-sao-inaugurados-no-vaticano\/","title":{"rendered":"Pres\u00e9pio e \u00e1rvore de Natal 2024 s\u00e3o inaugurados no Vaticano"},"content":{"rendered":"<p style=\"text-align: justify;\">O Vaticano inaugurou o pres\u00e9pio e a \u00e1rvore de Natal 2024 neste s\u00e1bado (7), v\u00e9spera da Solenidade da Imaculada Concei\u00e7\u00e3o de Maria, na Pra\u00e7a de S\u00e3o Pedro, no Vaticano, no mesmo dia em que o papa Francisco criou 21 cardeais.<\/p>\n<p><iframe loading=\"lazy\" title=\"Inauguraci\u00f3n del pesebre y el \u00e1rbol en la Plaza de San Pedro 2024\" width=\"696\" height=\"392\" src=\"https:\/\/www.youtube.com\/embed\/D1N4WlqIzn4?feature=oembed\" frameborder=\"0\" allow=\"accelerometer; autoplay; clipboard-write; encrypted-media; gyroscope; picture-in-picture; web-share\" referrerpolicy=\"strict-origin-when-cross-origin\" allowfullscreen><\/iframe><\/p>\n<p style=\"text-align: justify;\">Na cerim\u00f4nia de inaugura\u00e7\u00e3o foi iluminado o grande abeto natural de 29 metros de altura, que, como disse o papa Francisco ao receber uma delega\u00e7\u00e3o das cidades italianas de Grado e Ledro, respons\u00e1veis \u200b\u200beste ano pela \u00e1rvore e pelo pres\u00e9pio, \u201cfoi cortado de acordo com os princ\u00edpios ecol\u00f3gicos da renova\u00e7\u00e3o natural da floresta\u201d.<\/p>\n<p style=\"text-align: justify;\">Andrea de Walderstein, arquiteto, designer e diretor de constru\u00e7\u00e3o do pres\u00e9pio, disse h\u00e1 poucos dias \u00e0 CNA, ag\u00eancia em ingl\u00eas da EWTN News: \u201csomos os primeiros a levar \u00e1gua para [a pra\u00e7a] S\u00e3o Pedro\u201d. Ele contou que o pres\u00e9pio reproduz a lagoa de Grado, cidade com cerca de 8 mil pessoas que fica em uma ilha e pen\u00ednsula adjacente no mar Adri\u00e1tico entre Veneza e Trieste.<\/p>\n<p style=\"text-align: justify;\">Maria, Jos\u00e9 e o menino Jesus est\u00e3o dentro de uma das cabanas dos pescadores, chamada de\u00a0<em>casone<\/em>.<\/p>\n<figure class=\"mx-auto\" style=\"text-align: justify;\"><img decoding=\"async\" class=\"img-fluid\" src=\"https:\/\/admin.acidigital.com\/images\/241208-angelus-daniel-ibanez-7.webp?w=600\" alt=\"O pres\u00e9pio e a \u00e1rvore de Natal na Pra\u00e7a de S\u00e3o Pedro, no Vaticano. Cr\u00e9dito: Daniel Ib\u00e1\u00f1ez\/EWTN News.\" \/><figcaption class=\"caption text-muted\">O pres\u00e9pio e a \u00e1rvore de Natal na Pra\u00e7a de S\u00e3o Pedro, no Vaticano. Cr\u00e9dito: Daniel Ib\u00e1\u00f1ez\/EWTN News.<\/figcaption><\/figure>\n<p style=\"text-align: justify;\"><strong>Discurso do papa Francisco<\/strong><\/p>\n<p style=\"text-align: justify;\">Ao receber na manh\u00e3 de s\u00e1bado a delega\u00e7\u00e3o de Grado e Ledro, e os enviados da Palestina martirizada, que este ano levaram pres\u00e9pios ao Vaticano, Francisco disse que a \u00e1rvore de Natal pode ser \u201cuma bela imagem da Igreja, povo e corpo\u201d, que gira em torno de Jesus, sua origem e centro.<\/p>\n<p style=\"text-align: justify;\">O\u00a0<em>casone<\/em>, onde os pescadores passam a sua vida cotidiana, continuou o papa Francisco, pode ser tamb\u00e9m \u201cum s\u00edmbolo que nos fala do Natal, no qual Deus se faz homem para partilhar a nossa pobreza, vindo construir o seu Reino na terra n\u00e3o com meios poderosos, mas atrav\u00e9s dos fracos recursos da nossa humanidade, purificada e fortalecida pela sua gra\u00e7a\u201d.<\/p>\n<p style=\"text-align: justify;\">O papa disse ent\u00e3o que na Igreja, tamb\u00e9m no Natal, \u201ch\u00e1 lugar para todos\u201d, tamb\u00e9m para os pecadores, que \u201cs\u00e3o os primeiros, os privilegiados, porque Jesus veio para os pecadores, para todos n\u00f3s, n\u00e3o para os santos. Para todos. N\u00e3o se esque\u00e7am disso. Para todos, para todos\u201d.<\/p>\n<p style=\"text-align: justify;\">Ao meditar sobre os pres\u00e9pios chegados de Bel\u00e9m, Palestina, o papa Francisco quis recordar \u201cos nossos irm\u00e3os e irm\u00e3s que, ali e noutras partes do mundo, sofrem a trag\u00e9dia da guerra\u201d.<\/p>\n<p style=\"text-align: justify;\">Para concluir, Francisco fez votos de que n\u00e3o haja mais guerras e \u201cque haja paz no mundo e para todos os homens, a quem Deus ama\u201d.<\/p>\n","protected":false},"excerpt":{"rendered":"<p>O Vaticano inaugurou o pres\u00e9pio e a \u00e1rvore de Natal 2024 neste s\u00e1bado (7), v\u00e9spera da Solenidade da Imaculada Concei\u00e7\u00e3o de Maria, na Pra\u00e7a de S\u00e3o Pedro, no Vaticano, no mesmo dia em que o papa Francisco criou 21 cardeais. Na cerim\u00f4nia de inaugura\u00e7\u00e3o foi iluminado o grande abeto natural de 29 metros de altura, [&hellip;]<\/p>\n","protected":false},"author":1,"featured_media":91913,"comment_status":"open","ping_status":"closed","sticky":false,"template":"","format":"standard","meta":{"footnotes":""},"categories":[4,13],"tags":[],"class_list":["post-91912","post","type-post","status-publish","format-standard","has-post-thumbnail","hentry","category-cotidiano","category-featured"],"_links":{"self":[{"href":"https:\/\/catolicanet.net\/wp-cnet\/wp-json\/wp\/v2\/posts\/91912","targetHints":{"allow":["GET"]}}],"collection":[{"href":"https:\/\/catolicanet.net\/wp-cnet\/wp-json\/wp\/v2\/posts"}],"about":[{"href":"https:\/\/catolicanet.net\/wp-cnet\/wp-json\/wp\/v2\/types\/post"}],"author":[{"embeddable":true,"href":"https:\/\/catolicanet.net\/wp-cnet\/wp-json\/wp\/v2\/users\/1"}],"replies":[{"embeddable":true,"href":"https:\/\/catolicanet.net\/wp-cnet\/wp-json\/wp\/v2\/comments?post=91912"}],"version-history":[{"count":1,"href":"https:\/\/catolicanet.net\/wp-cnet\/wp-json\/wp\/v2\/posts\/91912\/revisions"}],"predecessor-version":[{"id":91915,"href":"https:\/\/catolicanet.net\/wp-cnet\/wp-json\/wp\/v2\/posts\/91912\/revisions\/91915"}],"wp:featuredmedia":[{"embeddable":true,"href":"https:\/\/catolicanet.net\/wp-cnet\/wp-json\/wp\/v2\/media\/91913"}],"wp:attachment":[{"href":"https:\/\/catolicanet.net\/wp-cnet\/wp-json\/wp\/v2\/media?parent=91912"}],"wp:term":[{"taxonomy":"category","embeddable":true,"href":"https:\/\/catolicanet.net\/wp-cnet\/wp-json\/wp\/v2\/categories?post=91912"},{"taxonomy":"post_tag","embeddable":true,"href":"https:\/\/catolicanet.net\/wp-cnet\/wp-json\/wp\/v2\/tags?post=91912"}],"curies":[{"name":"wp","href":"https:\/\/api.w.org\/{rel}","templated":true}]}}