{"id":91908,"date":"2024-12-09T09:56:38","date_gmt":"2024-12-09T12:56:38","guid":{"rendered":"https:\/\/catolicanet.net\/wp-cnet\/?p=91908"},"modified":"2024-12-09T14:13:08","modified_gmt":"2024-12-09T17:13:08","slug":"em-missa-com-os-novos-cardeais-papa-aponta-maria-imaculada-como-exemplo-a-ser-seguido-por-todos","status":"publish","type":"post","link":"https:\/\/catolicanet.net\/wp-cnet\/em-missa-com-os-novos-cardeais-papa-aponta-maria-imaculada-como-exemplo-a-ser-seguido-por-todos\/","title":{"rendered":"Em missa com os novos cardeais, Papa aponta Maria Imaculada como exemplo a ser seguido por todos"},"content":{"rendered":"<p style=\"text-align: justify;\">Na santa missa deste domingo, 8 de dezembro, o Papa Francisco refletiu com os cerca de 5.500 fi\u00e9is e peregrinos presentes na bas\u00edlica de S\u00e3o Pedro e 21 novos cardeais criados no s\u00e1bado, 7, sobre a figura da m\u00e3e de Deus que \u201cnos mostra a aut\u00eantica imagem da humanidade, a virgem concebida sem pecado\u201d, em refer\u00eancia \u00e0 solenidade da Imaculada Concei\u00e7\u00e3o da Bem-aventurada Virgem Maria, que a Igreja celebra neste segundo domingo do Advento.<\/p>\n<p style=\"text-align: justify;\"><img loading=\"lazy\" decoding=\"async\" class=\"size-medium wp-image-974803 alignright\" src=\"https:\/\/www.cnbb.org.br\/wp-content\/uploads\/2024\/12\/Papa-Francisco-cardeais-300x214.jpg\" sizes=\"auto, (max-width: 300px) 100vw, 300px\" srcset=\"https:\/\/www.cnbb.org.br\/wp-content\/uploads\/2024\/12\/Papa-Francisco-cardeais-300x214.jpg 300w, https:\/\/www.cnbb.org.br\/wp-content\/uploads\/2024\/12\/Papa-Francisco-cardeais-500x356.jpg 500w, https:\/\/www.cnbb.org.br\/wp-content\/uploads\/2024\/12\/Papa-Francisco-cardeais.jpg 554w\" alt=\"\" width=\"300\" height=\"214\" \/>O Santo Padre convidou a todos a se deter e a contemplar tr\u00eas aspectos da vida de Maria: ela como filha,\u00a0 esposa e m\u00e3e.<\/p>\n<p style=\"text-align: justify;\">\u201cMaria nos ensina a seguir o Senhor. Ela esteve com Jesus em todos os momentos, at\u00e9 a cruz. Deus escolheu Maria para cooperar em seu plano de salva\u00e7\u00e3o. N\u00e3o existe salva\u00e7\u00e3o, sem a mulher, porque a Igreja \u00e9 mulher.\u00a0 Deus lhe confiou o tesouro mais importante\u201d, refletiu.<\/p>\n<h3 style=\"text-align: justify;\">Maria, exemplo de nossa humanidade<\/h3>\n<p style=\"text-align: justify;\">O Papa refor\u00e7ou que o exemplo de Maria Imaculada n\u00e3o \u00e9 um mito mas um exemplo concreto de nossa humanidade e mostra que todos podem contribuir para tornar o mundo melhor.<\/p>\n<blockquote><p>Francisco alertou os fi\u00e9is para o cuidado de n\u00e3o cair na presun\u00e7\u00e3o de autossufici\u00eancia. \u201cDe que serve o dinheiro no banco, o conforto de nosso apartamento, as falsas amizades das redes sociais se depois os cora\u00e7\u00f5es permanecem frios. De que adianta o alto desenvolvimento dos pa\u00edses se metade do planeta morre na guerra e de fome? Hoje olhamos para Maria Imaculada e lhes pedimos que seu cora\u00e7\u00e3o de amor nos converta e nos torne uma comunidade\u201d, refletiu.<\/p><\/blockquote>\n<p style=\"text-align: justify;\">Ao final de sua homilia, o Papa disse aos peregrinos que a Eucaristia deste segundo domingo do Advento foi concelebrada com os novos cardeais, que s\u00e3o de muitos lugares do mundo, a quem pediu para lhe ajudar no servi\u00e7o \u00e0 Igreja universal e na propaga\u00e7\u00e3o da mensagem de Deus.<\/p>\n<div id=\"gallery-1\" class=\"gallery galleryid-974796 gallery-columns-2 gallery-size-medium\">\n<figure class=\"gallery-item\">\n<div class=\"gallery-icon landscape\"><a class=\"rl-gallery-link\" title=\"\" href=\"https:\/\/www.cnbb.org.br\/wp-content\/uploads\/2024\/12\/Missa-cardeais-coral-e1733651341269.jpeg\" data-rl_title=\"\" data-rl_caption=\"\" data-rel=\"lightbox-gallery-1\"><img loading=\"lazy\" decoding=\"async\" class=\"attachment-medium size-medium\" src=\"https:\/\/www.cnbb.org.br\/wp-content\/uploads\/2024\/12\/Missa-cardeais-coral-e1733651341269-300x174.jpeg\" sizes=\"auto, (max-width: 300px) 100vw, 300px\" srcset=\"https:\/\/www.cnbb.org.br\/wp-content\/uploads\/2024\/12\/Missa-cardeais-coral-e1733651341269-300x174.jpeg 300w, https:\/\/www.cnbb.org.br\/wp-content\/uploads\/2024\/12\/Missa-cardeais-coral-e1733651341269.jpeg 484w\" alt=\"\" width=\"300\" height=\"174\" \/><\/a><\/div>\n<\/figure>\n<figure class=\"gallery-item\">\n<div class=\"gallery-icon landscape\"><a class=\"rl-gallery-link\" title=\"\" href=\"https:\/\/www.cnbb.org.br\/wp-content\/uploads\/2024\/12\/Missa-cardeais-e1733651190625.jpeg\" data-rl_title=\"\" data-rl_caption=\"\" data-rel=\"lightbox-gallery-1\"><img loading=\"lazy\" decoding=\"async\" class=\"attachment-medium size-medium\" src=\"https:\/\/www.cnbb.org.br\/wp-content\/uploads\/2024\/12\/Missa-cardeais-e1733651190625-300x174.jpeg\" sizes=\"auto, (max-width: 300px) 100vw, 300px\" srcset=\"https:\/\/www.cnbb.org.br\/wp-content\/uploads\/2024\/12\/Missa-cardeais-e1733651190625-300x174.jpeg 300w, https:\/\/www.cnbb.org.br\/wp-content\/uploads\/2024\/12\/Missa-cardeais-e1733651190625.jpeg 488w\" alt=\"\" width=\"300\" height=\"174\" \/><\/a><\/div>\n<\/figure>\n<\/div>\n<p>&nbsp;<\/p>\n<h3>Reveja a missa:<\/h3>\n<div class=\"ast-oembed-container\"><iframe loading=\"lazy\" title=\"Solenidade da Imaculada Concei\u00e7\u00e3o da Virgem Maria - Santa Missa\" src=\"https:\/\/www.youtube.com\/embed\/4--_K0v5cDE?feature=oembed\" width=\"1200\" height=\"675\" frameborder=\"0\" allowfullscreen=\"allowfullscreen\" data-mce-fragment=\"1\"><\/iframe><\/div>\n<p>&nbsp;<\/p>\n","protected":false},"excerpt":{"rendered":"<p>Na santa missa deste domingo, 8 de dezembro, o Papa Francisco refletiu com os cerca de 5.500 fi\u00e9is e peregrinos presentes na bas\u00edlica de S\u00e3o Pedro e 21 novos cardeais criados no s\u00e1bado, 7, sobre a figura da m\u00e3e de Deus que \u201cnos mostra a aut\u00eantica imagem da humanidade, a virgem concebida sem pecado\u201d, em [&hellip;]<\/p>\n","protected":false},"author":1,"featured_media":91909,"comment_status":"open","ping_status":"closed","sticky":false,"template":"","format":"standard","meta":{"footnotes":""},"categories":[7],"tags":[],"class_list":["post-91908","post","type-post","status-publish","format-standard","has-post-thumbnail","hentry","category-cnbb"],"_links":{"self":[{"href":"https:\/\/catolicanet.net\/wp-cnet\/wp-json\/wp\/v2\/posts\/91908","targetHints":{"allow":["GET"]}}],"collection":[{"href":"https:\/\/catolicanet.net\/wp-cnet\/wp-json\/wp\/v2\/posts"}],"about":[{"href":"https:\/\/catolicanet.net\/wp-cnet\/wp-json\/wp\/v2\/types\/post"}],"author":[{"embeddable":true,"href":"https:\/\/catolicanet.net\/wp-cnet\/wp-json\/wp\/v2\/users\/1"}],"replies":[{"embeddable":true,"href":"https:\/\/catolicanet.net\/wp-cnet\/wp-json\/wp\/v2\/comments?post=91908"}],"version-history":[{"count":1,"href":"https:\/\/catolicanet.net\/wp-cnet\/wp-json\/wp\/v2\/posts\/91908\/revisions"}],"predecessor-version":[{"id":91911,"href":"https:\/\/catolicanet.net\/wp-cnet\/wp-json\/wp\/v2\/posts\/91908\/revisions\/91911"}],"wp:featuredmedia":[{"embeddable":true,"href":"https:\/\/catolicanet.net\/wp-cnet\/wp-json\/wp\/v2\/media\/91909"}],"wp:attachment":[{"href":"https:\/\/catolicanet.net\/wp-cnet\/wp-json\/wp\/v2\/media?parent=91908"}],"wp:term":[{"taxonomy":"category","embeddable":true,"href":"https:\/\/catolicanet.net\/wp-cnet\/wp-json\/wp\/v2\/categories?post=91908"},{"taxonomy":"post_tag","embeddable":true,"href":"https:\/\/catolicanet.net\/wp-cnet\/wp-json\/wp\/v2\/tags?post=91908"}],"curies":[{"name":"wp","href":"https:\/\/api.w.org\/{rel}","templated":true}]}}