{"id":91892,"date":"2024-12-09T09:41:32","date_gmt":"2024-12-09T12:41:32","guid":{"rendered":"https:\/\/catolicanet.net\/wp-cnet\/?p=91892"},"modified":"2024-12-09T13:47:10","modified_gmt":"2024-12-09T16:47:10","slug":"o-papa-uma-teologia-apenas-de-homens-e-uma-teologia-pela-metade","status":"publish","type":"post","link":"https:\/\/catolicanet.net\/wp-cnet\/o-papa-uma-teologia-apenas-de-homens-e-uma-teologia-pela-metade\/","title":{"rendered":"O Papa: uma Teologia apenas de homens \u00e9 uma Teologia pela metade"},"content":{"rendered":"<div class=\"article__subTitle\" style=\"text-align: justify;\">Francisco recebeu em audi\u00eancia os participantes do Congresso Internacional sobre o Futuro da Teologia, organizado pelo Dicast\u00e9rio para a Cultura e a Educa\u00e7\u00e3o. Segundo o Papa, &#8220;h\u00e1 coisas que s\u00f3 as mulheres intuem e a Teologia precisa da sua contribui\u00e7\u00e3o&#8221;. Ele fez um apelo para que esta disciplina, \u201cluz\u201d que faz emergir o Evangelho, possa ser \u201cacess\u00edvel a todos\u201d e ajude a \u201crepensar o pensamento\u201d num mundo complexo.<\/div>\n<div class=\"title__separator\" style=\"text-align: justify;\"><\/div>\n<div class=\"article__text\">\n<p style=\"text-align: justify;\"><b>Mariangela Jaguraba &#8211; Vatican News<\/b><\/p>\n<p style=\"text-align: justify;\">O Papa Francisco recebeu em audi\u00eancia, nesta segunda-feira (09\/12), na Sala das B\u00ean\u00e7\u00e3os, no Vaticano, os participantes do Congresso Internacional sobre o Futuro da Teologia organizado pelo Dicast\u00e9rio para a Cultura e a Educa\u00e7\u00e3o.<\/p>\n<p style=\"text-align: justify;\">O Pont\u00edfice manifestou satisfa\u00e7\u00e3o por professores, pesquisadores e reitores, provenientes de v\u00e1rias partes do mundo, terem se reunido para refletir sobre &#8220;como herdar o grande patrim\u00f4nio teol\u00f3gico das gera\u00e7\u00f5es passadas e imaginar o futuro&#8221;.<\/p>\n<div style=\"text-align: justify;\">\n<div class=\"article__embed article__embed--unwrap article__embed--dark\">\n<div class=\"article__innerTitle\">Ou\u00e7a e compartilhe<\/div>\n<div>\n<!--[if lt IE 9]><script>document.createElement('audio');<\/script><![endif]-->\n<audio class=\"wp-audio-shortcode\" id=\"audio-91892-1\" preload=\"none\" style=\"width: 100%;\" controls=\"controls\"><source type=\"audio\/mpeg\" src=\"https:\/\/media.vaticannews.va\/media\/audio\/s1\/2024\/12\/09\/16\/138460954_F138460954.mp3?_=1\" \/><a href=\"https:\/\/media.vaticannews.va\/media\/audio\/s1\/2024\/12\/09\/16\/138460954_F138460954.mp3\">https:\/\/media.vaticannews.va\/media\/audio\/s1\/2024\/12\/09\/16\/138460954_F138460954.mp3<\/a><\/audio>\n<\/div>\n<\/div>\n<\/div>\n<p style=\"text-align: justify;\">Francisco disse que quando pensa na Teologia, vem \u00e0 sua mente a luz. &#8220;Gra\u00e7as \u00e0 luz, as coisas emergem da escurid\u00e3o, os rostos revelam os seus contornos, as formas e as cores do mundo aparecem finalmente. A luz \u00e9 bela porque faz com que as coisas apare\u00e7am, mas sem se exibir&#8221;, disse ele.<\/p>\n<div style=\"text-align: justify;\">\n<div class=\"article__embed article__embed--unwrap article__embed--photo\">\n<figure><picture><img decoding=\"async\" class=\"loaded\" src=\"https:\/\/www.vaticannews.va\/content\/dam\/vaticannews\/agenzie\/images\/srv\/2024\/12\/09\/2024-12-09-partecipanti-al-convegno-internazionale-di-teologia\/1733739784825.jpg\/_jcr_content\/renditions\/cq5dam.thumbnail.cropped.750.422.jpeg\" alt=\"Foto de grupo do Papa com alguns participantes do congresso sobre o futuro da Teologia\" data-original=\"\/content\/dam\/vaticannews\/agenzie\/images\/srv\/2024\/12\/09\/2024-12-09-partecipanti-al-convegno-internazionale-di-teologia\/1733739784825.jpg\/_jcr_content\/renditions\/cq5dam.thumbnail.cropped.750.422.jpeg\" data-was-processed=\"true\" \/><\/picture><\/figure>\n<div class=\"photo_embed--Title\">Foto de grupo do Papa com alguns participantes do congresso sobre o futuro da Teologia<\/div>\n<\/div>\n<\/div>\n<h2 style=\"text-align: justify;\">A Teologia faz um trabalho escondido e humilde<\/h2>\n<p style=\"text-align: justify;\">&#8220;Agora, aqui, admiramos esta sala, vemos nossos rostos, mas n\u00e3o percebemos a luz, porque ela \u00e9 discreta, \u00e9 gentil, \u00e9 humilde e, portanto, permanece invis\u00edvel&#8221;, disse o Papa, acrescentando:<\/p>\n<div style=\"text-align: justify;\">\n<div class=\"article__embed article__embed--border embed_style\">\n<blockquote><p>\u201cAssim tamb\u00e9m \u00e9 a Teologia: ela faz um trabalho escondido e humilde, de modo que a luz de Cristo e seu Evangelho possa emergir.\u201d<\/p><\/blockquote>\n<\/div>\n<\/div>\n<p style=\"text-align: justify;\"><i>A partir dessa observa\u00e7\u00e3o, surge para voc\u00eas um caminho: buscar a gra\u00e7a e permanecer na gra\u00e7a da amizade com Cristo, a verdadeira luz que veio a este mundo. Toda Teologia nasce da amizade com Cristo e do amor por seus irm\u00e3os, suas irm\u00e3s, seu mundo; este mundo, dram\u00e1tico e magn\u00edfico ao mesmo tempo, cheio de dor, mas tamb\u00e9m de beleza comovente.<\/i><\/p>\n<h2 style=\"text-align: justify;\">A Teologia precisa da contribui\u00e7\u00e3o das mulheres<\/h2>\n<p style=\"text-align: justify;\">O Papa convidou os participantes do Congresso Internacional sobre o Futuro da Teologia a se fazerem as seguintes perguntas: Teologia, onde voc\u00ea est\u00e1? Com quem voc\u00ea est\u00e1 caminhando? O que est\u00e1 fazendo pela humanidade? &#8220;Esses dias ser\u00e3o importantes para abordar essas quest\u00f5es, para perguntar se a heran\u00e7a teol\u00f3gica do passado ainda pode dizer alguma coisa aos desafios de hoje e nos ajudar a imaginar o futuro. Este \u00e9 um caminho que voc\u00eas s\u00e3o chamados a percorrer juntos, te\u00f3logos e te\u00f3logas&#8221;, disse ainda Francisco.<\/p>\n<div style=\"text-align: justify;\">\n<div class=\"article__embed article__embed--unwrap article__embed--photo\">\n<figure><picture><img decoding=\"async\" class=\"loaded\" src=\"https:\/\/www.vaticannews.va\/content\/dam\/vaticannews\/agenzie\/images\/srv\/2022\/05\/13\/2022-05-13-partecipanti-al-convegno-internazionale-di-teologia-m\/1652438910903.JPG\/_jcr_content\/renditions\/cq5dam.thumbnail.cropped.750.422.jpeg\" alt=\"Um momento da audi\u00eancia\" data-original=\"\/content\/dam\/vaticannews\/agenzie\/images\/srv\/2022\/05\/13\/2022-05-13-partecipanti-al-convegno-internazionale-di-teologia-m\/1652438910903.JPG\/_jcr_content\/renditions\/cq5dam.thumbnail.cropped.750.422.jpeg\" data-was-processed=\"true\" \/><\/picture><\/figure>\n<div class=\"photo_embed--Title\">Um momento da audi\u00eancia<\/div>\n<\/div>\n<\/div>\n<p style=\"text-align: justify;\">A seguir, o Papa recordou uma passagem do Segundo Livro dos Reis que diz que &#8220;durante a restaura\u00e7\u00e3o do Templo de Jerusal\u00e9m, foi encontrado um texto, talvez seja a primeira edi\u00e7\u00e3o perdida de Deuteron\u00f4mio. Um sacerdote e alguns estudiosos o leram; at\u00e9 o rei o estudou; eles intuem algo, mas n\u00e3o o entendem. Ent\u00e3o o rei decide entreg\u00e1-lo a uma mulher, Hulda, que imediatamente o entende e ajuda o grupo de estudiosos \u2013 todos homens \u2013 a entend\u00ea-lo&#8221;, sublinhou o Papa.<\/p>\n<div style=\"text-align: justify;\">\n<div class=\"article__embed article__embed--border embed_style\">\n<blockquote><p>\u201cH\u00e1 coisas que s\u00f3 as mulheres intuem e a Teologia precisa da sua contribui\u00e7\u00e3o. Uma Teologia apenas de homens \u00e9 uma Teologia pela metade. Ainda h\u00e1 um longo caminho a percorrer neste sentido.\u201d<\/p><\/blockquote>\n<\/div>\n<\/div>\n<p style=\"text-align: justify;\">A seguir, o Papa entregou-lhes um\u00a0<b>desejo\u00a0<\/b>e um\u00a0<b>convite<\/b>.<\/p>\n<p style=\"text-align: justify;\">&#8220;O desejo \u00e9 que a\u00a0<i>Teologia ajude a repensar o pensamento<\/i>. O nosso modo de pensar, como sabemos, tamb\u00e9m molda nossos sentimentos, nossa vontade e nossas decis\u00f5es. Um cora\u00e7\u00e3o amplo corresponde a uma imagina\u00e7\u00e3o e um pensamento amplos, enquanto um pensamento retra\u00eddo, fechado e med\u00edocre dificilmente pode gerar criatividade e coragem&#8221;, disse Francisco.<\/p>\n<p style=\"text-align: justify;\">O Papa recordou os livros did\u00e1ticos de Teologia que eram usados para estudar. Disse que eram &#8220;todos fechados, todos parecidos com museus, com bibliotecas, mas n\u00e3o faziam pensar&#8221;.<\/p>\n<h2 style=\"text-align: justify;\">Curar a simplifica\u00e7\u00e3o<\/h2>\n<p style=\"text-align: justify;\">Segundo o Pont\u00edfice, &#8220;<b>a primeira coisa a fazer, para repensar o pensamento, \u00e9 curar a simplifica\u00e7\u00e3o<\/b>. De fato, a realidade \u00e9 complexa, os desafios s\u00e3o variados, a hist\u00f3ria \u00e9 habitada pela beleza e, ao mesmo tempo, ferida pelo mal, e quando n\u00e3o se consegue ou n\u00e3o se quer lidar com o drama dessa complexidade, facilmente se tende a simplificar&#8221;.<\/p>\n<div style=\"text-align: justify;\">\n<div class=\"article__embed article__embed--border embed_style\">\n<blockquote><p>\u201cMas a simplifica\u00e7\u00e3o, no entanto, quer mutilar a realidade, d\u00e1 origem a pensamentos est\u00e9reis e, pensamentos un\u00edvocos, gera polariza\u00e7\u00f5es e fragmenta\u00e7\u00f5es.\u201d<\/p><\/blockquote>\n<\/div>\n<\/div>\n<p style=\"text-align: justify;\"><i>Assim fazem, por exemplo, as ideologias. A ideologia \u00e9 uma simplifica\u00e7\u00e3o que mata: mata a realidade, mata o pensamento, mata a comunidade. As ideologias achatam tudo numa \u00fanica ideia, e depois a repetem de forma obsessiva e instrumental, superficial e como papagaios.<\/i><\/p>\n<p style=\"text-align: justify;\">De acordo com o Papa, &#8220;um ant\u00eddoto contra a simplifica\u00e7\u00e3o \u00e9 indicado na Constitui\u00e7\u00e3o Apost\u00f3lica\u00a0<i>Veritatis gaudium<\/i>: interdisciplinaridade e transdisciplinaridade. Trata-se de fazer \u201cfermentar\u201d a forma do pensamento teol\u00f3gico junto com a de outros conhecimentos: filosofia, literatura, artes, matem\u00e1tica, f\u00edsica, hist\u00f3ria, ci\u00eancias jur\u00eddicas, pol\u00edticas e econ\u00f4micas. Deixar fermentar o conhecimento, porque s\u00e3o como os sentidos do corpo: cada um tem a sua especificidade, mas precisam um do outro, segundo tamb\u00e9m diz o ap\u00f3stolo Paulo: \u00abSe todo o corpo fosse olho, onde estaria a audi\u00e7\u00e3o? Se tudo fosse ouvido, onde estaria o olfato?\u00bb&#8221;.<\/p>\n<div style=\"text-align: justify;\">\n<div class=\"article__embed article__embed--unwrap article__embed--photo\">\n<figure><picture><img decoding=\"async\" class=\"loaded\" src=\"https:\/\/www.vaticannews.va\/content\/dam\/vaticannews\/agenzie\/images\/srv\/2024\/12\/09\/2024-12-09-partecipanti-al-convegno-internazionale-di-teologia\/1733739233406.jpg\/_jcr_content\/renditions\/cq5dam.thumbnail.cropped.750.422.jpeg\" alt=\"Papa Francisco durante audi\u00eancia na Sala das B\u00ean\u00e7\u00e3os\" data-original=\"\/content\/dam\/vaticannews\/agenzie\/images\/srv\/2024\/12\/09\/2024-12-09-partecipanti-al-convegno-internazionale-di-teologia\/1733739233406.jpg\/_jcr_content\/renditions\/cq5dam.thumbnail.cropped.750.422.jpeg\" data-was-processed=\"true\" \/><\/picture><\/figure>\n<div class=\"photo_embed--Title\">Papa Francisco durante audi\u00eancia na Sala das B\u00ean\u00e7\u00e3os<\/div>\n<\/div>\n<\/div>\n<p style=\"text-align: justify;\">Francisco recordou que &#8220;este ano celebramos o\u00a0<b>750\u00ba anivers\u00e1rio da morte de dois grandes te\u00f3logos: Santo Tom\u00e1s de Aquino e S\u00e3o Boaventura<\/b>. Tom\u00e1s lembra que n\u00e3o temos apenas um sentido, mas m\u00faltiplos sentidos, e sentidos diferentes, para que a realidade n\u00e3o nos escape. E Boaventura afirma que, na medida em que algu\u00e9m \u00abacredita, espera e ama Jesus Cristo\u00bb, \u00abrecupera a audi\u00e7\u00e3o e a vis\u00e3o, o olfato, o paladar e o tato\u00bb&#8221;. &#8220;Ao ajudar a repensar o pensamento, a Teologia voltar\u00e1 a brilhar como merece, na Igreja e nas culturas, ajudando todos e cada um na busca da verdade&#8221;, disse ainda o Papa.<\/p>\n<h2 style=\"text-align: justify;\">Uma Teologia acess\u00edvel a todos<\/h2>\n<p style=\"text-align: justify;\">A seguir, Francisco fez um convite: que\u00a0<i>a Teologia seja acess\u00edvel a todos<\/i>. Segundo o Pont\u00edfice, &#8220;h\u00e1 alguns anos, em muitas partes do mundo, existe um interesse entre os adultos em retomar a sua forma\u00e7\u00e3o, incluindo a forma\u00e7\u00e3o acad\u00eamica. Homens e mulheres, especialmente de meia-idade, talvez j\u00e1 formados, desejam aprofundar a sua f\u00e9, querem fazer um caminho, muitas vezes matriculam-se numa faculdade universit\u00e1ria. E este \u00e9 um fen\u00f4meno de crescimento. \u00c9 tamb\u00e9m um fen\u00f4meno em crescimento que merece o interesse da sociedade e da Igreja&#8221;.<\/p>\n<p style=\"text-align: justify;\">&#8220;A meia-idade \u00e9 uma \u00e9poca especial da vida. \u00c9 uma \u00e9poca em que geralmente se goza de uma certa seguran\u00e7a profissional e solidez emocional, mas tamb\u00e9m \u00e9 uma \u00e9poca em que os fracassos s\u00e3o sentidos com maior dor e novas quest\u00f5es surgem \u00e0 medida que os sonhos juvenis desmoronam. Nesta fase \u00e9 poss\u00edvel sentir uma sensa\u00e7\u00e3o de abandono e, \u00e0s vezes, a alma se bloqueia. \u00c9 a crise da meia-idade. Sente-se a necessidade de retomar uma busca, talvez tateando, talvez sendo segurado pela m\u00e3o, e a Teologia \u00e9 esta companheira de viagem&#8221;, disse ainda o Papa, concluindo:<\/p>\n<div style=\"text-align: justify;\">\n<div class=\"article__embed article__embed--border embed_style\">\n<blockquote><p>\u201cSe alguma dessas pessoas bater \u00e0 porta da Teologia, das escolas de Teologia, por favor, encontre-a aberta.\u201d<\/p><\/blockquote>\n<\/div>\n<\/div>\n<p style=\"text-align: justify;\"><i>Fa\u00e7am com que estas mulheres e homens encontrem na Teologia uma casa aberta, um lugar onde possam retomar o caminho, onde possam procurar, encontrar e procurar novamente. Preparem-se para isso. Imaginem coisas novas nos programas de estudo para que a Teologia seja acess\u00edvel a todos.<\/i><\/p>\n<\/div>\n","protected":false},"excerpt":{"rendered":"<p>Francisco recebeu em audi\u00eancia os participantes do Congresso Internacional sobre o Futuro da Teologia, organizado pelo Dicast\u00e9rio para a Cultura e a Educa\u00e7\u00e3o. Segundo o Papa, &#8220;h\u00e1 coisas que s\u00f3 as mulheres intuem e a Teologia precisa da sua contribui\u00e7\u00e3o&#8221;. Ele fez um apelo para que esta disciplina, \u201cluz\u201d que faz emergir o Evangelho, possa [&hellip;]<\/p>\n","protected":false},"author":1,"featured_media":91893,"comment_status":"open","ping_status":"closed","sticky":false,"template":"","format":"standard","meta":{"footnotes":""},"categories":[3],"tags":[],"class_list":["post-91892","post","type-post","status-publish","format-standard","has-post-thumbnail","hentry","category-vaticano"],"_links":{"self":[{"href":"https:\/\/catolicanet.net\/wp-cnet\/wp-json\/wp\/v2\/posts\/91892","targetHints":{"allow":["GET"]}}],"collection":[{"href":"https:\/\/catolicanet.net\/wp-cnet\/wp-json\/wp\/v2\/posts"}],"about":[{"href":"https:\/\/catolicanet.net\/wp-cnet\/wp-json\/wp\/v2\/types\/post"}],"author":[{"embeddable":true,"href":"https:\/\/catolicanet.net\/wp-cnet\/wp-json\/wp\/v2\/users\/1"}],"replies":[{"embeddable":true,"href":"https:\/\/catolicanet.net\/wp-cnet\/wp-json\/wp\/v2\/comments?post=91892"}],"version-history":[{"count":1,"href":"https:\/\/catolicanet.net\/wp-cnet\/wp-json\/wp\/v2\/posts\/91892\/revisions"}],"predecessor-version":[{"id":91895,"href":"https:\/\/catolicanet.net\/wp-cnet\/wp-json\/wp\/v2\/posts\/91892\/revisions\/91895"}],"wp:featuredmedia":[{"embeddable":true,"href":"https:\/\/catolicanet.net\/wp-cnet\/wp-json\/wp\/v2\/media\/91893"}],"wp:attachment":[{"href":"https:\/\/catolicanet.net\/wp-cnet\/wp-json\/wp\/v2\/media?parent=91892"}],"wp:term":[{"taxonomy":"category","embeddable":true,"href":"https:\/\/catolicanet.net\/wp-cnet\/wp-json\/wp\/v2\/categories?post=91892"},{"taxonomy":"post_tag","embeddable":true,"href":"https:\/\/catolicanet.net\/wp-cnet\/wp-json\/wp\/v2\/tags?post=91892"}],"curies":[{"name":"wp","href":"https:\/\/api.w.org\/{rel}","templated":true}]}}