{"id":91887,"date":"2024-12-09T09:38:27","date_gmt":"2024-12-09T12:38:27","guid":{"rendered":"https:\/\/catolicanet.net\/wp-cnet\/?p=91887"},"modified":"2024-12-09T13:40:54","modified_gmt":"2024-12-09T16:40:54","slug":"francisco-as-pessoas-estao-sendo-mortas-enquanto-prosperam-os-negocios-de-morte","status":"publish","type":"post","link":"https:\/\/catolicanet.net\/wp-cnet\/francisco-as-pessoas-estao-sendo-mortas-enquanto-prosperam-os-negocios-de-morte\/","title":{"rendered":"Francisco: as pessoas est\u00e3o sendo mortas enquanto prosperam os neg\u00f3cios de morte"},"content":{"rendered":"<figure class=\"article__image\" style=\"text-align: justify;\"><span class=\"didascalia_img\">Uma cerim\u00f4nia para as v\u00edtimas da viol\u00eancia no leste da Rep\u00fablica Democr\u00e1tica do Congo\u00a0 (ANSA)<\/span><\/figure>\n<div class=\"article__meta \" data-mediatype=\"\">\n<div class=\"article__subTitle\" style=\"text-align: justify;\">A partir da conta @Pontifex, em nove idiomas, na rede social X, o Papa aponta o dedo contra as guerras, \u201cdesencadeadas pela gan\u00e2ncia por mat\u00e9rias-primas e dinheiro\u201d, e para uma economia armada que leva \u00e0 instabilidade e \u00e0 corrup\u00e7\u00e3o. O Pont\u00edfice reitera a acusa\u00e7\u00e3o que expressou durante sua viagem de 2023 \u00e0 Rep\u00fablica Democr\u00e1tica do Congo, quando encontrou um grupo de v\u00edtimas da viol\u00eancia no Leste e disse: \u201cchega de enriquecer \u00e0 custa da pele dos fracos com dinheiro sujo de sangue&#8221;.<\/div>\n<div class=\"title__separator\" style=\"text-align: justify;\"><\/div>\n<div class=\"article__text\">\n<p style=\"text-align: justify;\"><b>Salvatore Cernuzio \u2013 Vatican News<\/b><\/p>\n<p style=\"text-align: justify;\">\u00c9 um esc\u00e2ndalo, uma hipocrisia que, por causa de conflitos alimentados pela gan\u00e2ncia e pela corrup\u00e7\u00e3o, povos inteiros sejam reduzidos \u00e0 metade, enquanto crescem os neg\u00f3cios de \u201cmorte\u201d. \u00c9 uma den\u00fancia que n\u00e3o poupa nenhuma dureza a que o Papa lan\u00e7a hoje, 9 de dezembro, na plataforma X a partir de sua conta em nove idiomas @Pontifex.<\/p>\n<p style=\"text-align: justify;\">\u201cTantas guerras, desencadeadas pela gan\u00e2ncia por mat\u00e9rias-primas e dinheiro, alimentam uma economia armada que exige instabilidade e corrup\u00e7\u00e3o. Que esc\u00e2ndalo e que hipocrisia: pessoas s\u00e3o mortas enquanto neg\u00f3cios que causam viol\u00eancias e morte prosperam!\u201d<\/p>\n<h2 style=\"text-align: justify;\">Um novo forte apelo<\/h2>\n<p style=\"text-align: justify;\">Depois das palavras deste domingo (08\/12) da janela do Pal\u00e1cio Apost\u00f3lico durante o Angelus, pedindo um cessar-fogo em todas as frentes no per\u00edodo de Natal, Francisco assoma em outra janela, a virtual das redes sociais, para a qual milh\u00f5es de pessoas est\u00e3o olhando simultaneamente, para colocar diante de seus olhos a feiura deste mundo. A duplicidade da economia, o af\u00e3 da acumula\u00e7\u00e3o a qualquer custo, a dignidade e a pr\u00f3pria vida humana pisoteadas em nome do deus dinheiro.<\/p>\n<h2 style=\"text-align: justify;\">As palavras \u00e0s v\u00edtimas no leste da Rep\u00fablica Democr\u00e1tica do Congo<\/h2>\n<p style=\"text-align: justify;\">A frase escolhida pelo Papa Francisco para @Pontifex foi tirada do discurso apaixonado que o Pont\u00edfice dirigiu, em janeiro de 2023, durante sua viagem \u00e0 Rep\u00fablica Democr\u00e1tica do Congo, ao grupo de pessoas da parte leste do pa\u00eds. Ou seja, de Kiwu do Norte e de outras \u00e1reas vizinhas, todas assoladas por massacres, estupros, assassinatos e outras viol\u00eancias sem precedentes. Um horror detalhado por homens e especialmente mulheres, reunidos em torno do Papa na Nunciatura em Kinshasa, com testemunhos que fizeram os presentes estremecerem.<\/p>\n<p style=\"text-align: justify;\">Jorge Mario Bergoglio, visivelmente comovido com essas hist\u00f3rias, mas tamb\u00e9m com a disposi\u00e7\u00e3o das v\u00edtimas de perdoar seus algozes, estigmatizou em seu discurso a \u201cinseguran\u00e7a e a guerra\u201d no leste da Rep\u00fablica Democr\u00e1tica do Congo, \u201cvergonhosamente alimentadas por for\u00e7as externas e internas\u201d. E ele apontou o dedo para aqueles que estavam puxando as cordas dos conflitos: \u201cChega! Chega de enriquecer com a pele dos mais fracos! Chega de enriquecer com recursos e dinheiro sujos de sangue!\u201d. Da\u00ed, naquele dia, uma acusa\u00e7\u00e3o contra as guerras desencadeadas pela \u201cgan\u00e2ncia insaci\u00e1vel por mat\u00e9rias-primas e dinheiro\u201d, que alimenta \u201cuma economia armada\u201d que causa \u201cinstabilidade e corrup\u00e7\u00e3o\u201d. Com pessoas \u201cestupradas e mortas\u201d, e neg\u00f3cios que cheiram \u00e0 morte e que ao inv\u00e9s proliferam.<\/p>\n<p style=\"text-align: justify;\">A acusa\u00e7\u00e3o foi feita hoje na conta X, quando o mundo testemunha um aumento das tens\u00f5es, em meio a guerras que parecem n\u00e3o ter solu\u00e7\u00e3o.<\/p>\n<\/div>\n<\/div>\n","protected":false},"excerpt":{"rendered":"<p>Uma cerim\u00f4nia para as v\u00edtimas da viol\u00eancia no leste da Rep\u00fablica Democr\u00e1tica do Congo\u00a0 (ANSA) A partir da conta @Pontifex, em nove idiomas, na rede social X, o Papa aponta o dedo contra as guerras, \u201cdesencadeadas pela gan\u00e2ncia por mat\u00e9rias-primas e dinheiro\u201d, e para uma economia armada que leva \u00e0 instabilidade e \u00e0 corrup\u00e7\u00e3o. O [&hellip;]<\/p>\n","protected":false},"author":1,"featured_media":91889,"comment_status":"open","ping_status":"closed","sticky":false,"template":"","format":"standard","meta":{"footnotes":""},"categories":[13,3],"tags":[],"class_list":["post-91887","post","type-post","status-publish","format-standard","has-post-thumbnail","hentry","category-featured","category-vaticano"],"_links":{"self":[{"href":"https:\/\/catolicanet.net\/wp-cnet\/wp-json\/wp\/v2\/posts\/91887","targetHints":{"allow":["GET"]}}],"collection":[{"href":"https:\/\/catolicanet.net\/wp-cnet\/wp-json\/wp\/v2\/posts"}],"about":[{"href":"https:\/\/catolicanet.net\/wp-cnet\/wp-json\/wp\/v2\/types\/post"}],"author":[{"embeddable":true,"href":"https:\/\/catolicanet.net\/wp-cnet\/wp-json\/wp\/v2\/users\/1"}],"replies":[{"embeddable":true,"href":"https:\/\/catolicanet.net\/wp-cnet\/wp-json\/wp\/v2\/comments?post=91887"}],"version-history":[{"count":1,"href":"https:\/\/catolicanet.net\/wp-cnet\/wp-json\/wp\/v2\/posts\/91887\/revisions"}],"predecessor-version":[{"id":91891,"href":"https:\/\/catolicanet.net\/wp-cnet\/wp-json\/wp\/v2\/posts\/91887\/revisions\/91891"}],"wp:featuredmedia":[{"embeddable":true,"href":"https:\/\/catolicanet.net\/wp-cnet\/wp-json\/wp\/v2\/media\/91889"}],"wp:attachment":[{"href":"https:\/\/catolicanet.net\/wp-cnet\/wp-json\/wp\/v2\/media?parent=91887"}],"wp:term":[{"taxonomy":"category","embeddable":true,"href":"https:\/\/catolicanet.net\/wp-cnet\/wp-json\/wp\/v2\/categories?post=91887"},{"taxonomy":"post_tag","embeddable":true,"href":"https:\/\/catolicanet.net\/wp-cnet\/wp-json\/wp\/v2\/tags?post=91887"}],"curies":[{"name":"wp","href":"https:\/\/api.w.org\/{rel}","templated":true}]}}