{"id":91885,"date":"2024-12-15T09:00:24","date_gmt":"2024-12-15T12:00:24","guid":{"rendered":"https:\/\/catolicanet.net\/wp-cnet\/?p=91885"},"modified":"2024-12-09T13:38:11","modified_gmt":"2024-12-09T16:38:11","slug":"advento-na-escola-de-nossa-senhora-da-expectacao","status":"publish","type":"post","link":"https:\/\/catolicanet.net\/wp-cnet\/advento-na-escola-de-nossa-senhora-da-expectacao\/","title":{"rendered":"Advento, na Escola de Nossa Senhora da Expecta\u00e7\u00e3o"},"content":{"rendered":"<p style=\"text-align: justify;\">O Advento \u00e9 o tempo lit\u00fargico em que a Igreja se prepara para celebrar o nascimento do Verbo, Jesus Cristo. Neste per\u00edodo, a figura de Nossa Senhora ganha especial destaque, especialmente sob o t\u00edtulo de Nossa Senhora da Expecta\u00e7\u00e3o, que representa Maria como aquela que espera, com f\u00e9 e esperan\u00e7a, o nascimento do Salvador. Com o tema <em>Advento, na escola de Nossa Senhora da Expecta\u00e7\u00e3o<\/em>, somos convidados a aprender com Maria como viver a espera ativa, a ora\u00e7\u00e3o e a prontid\u00e3o espiritual.<\/p>\n<p style=\"text-align: justify;\">Quem \u00e9 Nossa Senhora da Expecta\u00e7\u00e3o? Nossa Senhora da Expecta\u00e7\u00e3o, tamb\u00e9m conhecida como Nossa Senhora do \u00d3, \u00e9 um t\u00edtulo atribu\u00eddo \u00e0 Virgem Maria que destaca sua atitude de expectativa e prepara\u00e7\u00e3o para o nascimento de Jesus. Esta devo\u00e7\u00e3o remonta ao s\u00e9culo VII, quando a Igreja come\u00e7ou a celebrar a festa da Expecta\u00e7\u00e3o do Parto de Maria no dia 18 de dezembro, poucos dias antes do Natal.<\/p>\n<p style=\"text-align: justify;\">O t\u00edtulo \u201cdo \u00d3\u201d \u00e9 associado \u00e0s ant\u00edfonas maiores do Advento, conhecidas como Ant\u00edfonas do \u00d3, que expressam a ansiedade e o desejo pela vinda do Messias. Maria, com sua espera silenciosa e cheia de f\u00e9, \u00e9 o modelo perfeito para os crist\u00e3os que aguardam a chegada de Cristo no Natal e sua vinda gloriosa no fim dos tempos. S\u00e3o as ant\u00edfonas do canto do Magnificat na Ora\u00e7\u00e3o da Tarde, ou das V\u00e9speras na semana que antecede o Natal: \u00d3 <strong>S<\/strong>abedoria, \u00d3 <strong>A<\/strong>donai, \u00d3 <strong>R<\/strong>aiz de Jess\u00e9, \u00d3 <strong>C<\/strong>have de Davi, <strong>\u00d3<\/strong> Sol Nascente, \u00d3 <strong>R<\/strong>ei das Na\u00e7\u00f5es, \u00d3 <strong>E<\/strong>manuel , que utilizando as primeiras letras de cada ant\u00edfona em latim, d\u00e1 a palavra: Virei Amanh\u00e3 (Ero Cras). A liturgia vai nos ajudando a vivenciar a expectativa de acolher o Senhor com um cora\u00e7\u00e3o renovado.<\/p>\n<p style=\"text-align: justify;\">Maria nos ensina que a espera n\u00e3o \u00e9 passiva, mas ativa. Sua atitude no Advento \u00e9 marcada por tr\u00eas dimens\u00f5es principais: a f\u00e9, a esperan\u00e7a e a prontid\u00e3o para o servi\u00e7o.<\/p>\n<p style=\"text-align: justify;\">Maria recebeu o an\u00fancio do anjo Gabriel com uma f\u00e9 inabal\u00e1vel: \u201cEis aqui a serva do Senhor; fa\u00e7a-se em mim segundo a tua palavra\u201d (Lc 1,38). Sua resposta revela uma total entrega ao plano de Deus, mesmo diante da incerteza e dos desafios.<\/p>\n<p style=\"text-align: justify;\">Na escola de Maria, aprendemos que, durante o Advento, \u00e9 necess\u00e1rio confiar plenamente no Senhor, mesmo quando n\u00e3o compreendemos todos os aspectos de sua vontade. A f\u00e9 nos permite reconhecer que Deus est\u00e1 presente em cada momento de nossa vida, conduzindo-nos ao bem.<\/p>\n<p style=\"text-align: justify;\">Por isso nestes aben\u00e7oados dias de espera rezemos o \u201cMagnificat\u201d (Lc 1,46-55), louvando a Deus por suas maravilhas e renovando sua confian\u00e7a no plano divino.<\/p>\n<p style=\"text-align: justify;\">A Esperan\u00e7a que Sustenta a Caminhada: Maria esperou o nascimento de Jesus com uma esperan\u00e7a firme, sabendo que a promessa de Deus seria cumprida. Essa esperan\u00e7a \u00e9 a base de sua serenidade e coragem. No Advento, somos chamados a renovar nossa esperan\u00e7a, especialmente em tempos de dificuldade. Assim como Maria, devemos acreditar que Deus cumpre suas promessas e que sua presen\u00e7a transforma toda realidade.<\/p>\n<p style=\"text-align: justify;\">Durante este tempo do Advento, reserve um momento di\u00e1rio para meditar sobre as promessas de Deus na B\u00edblia, especialmente as profecias sobre a vinda do Messias.<\/p>\n<p style=\"text-align: justify;\">A espera de Maria foi ativa: ela foi ao encontro de sua prima Isabel para ajud\u00e1-la, mesmo estando gr\u00e1vida (Lc 1,39-56). Sua prontid\u00e3o para o servi\u00e7o mostra que a verdadeira prepara\u00e7\u00e3o para Cristo inclui o cuidado com o pr\u00f3ximo.<\/p>\n<p style=\"text-align: justify;\">No Advento, a escola de Maria nos ensina que a caridade \u00e9 uma forma de preparar o cora\u00e7\u00e3o para receber Jesus. O amor ao pr\u00f3ximo reflete a luz de Cristo que est\u00e1 por vir.<\/p>\n<p style=\"text-align: justify;\">Numa prepara\u00e7\u00e3o mais pr\u00f3xima do Natal recomendo que na medida do poss\u00edvel, voc\u00ea participe de iniciativas solid\u00e1rias, como campanhas de doa\u00e7\u00e3o ou visitas a pessoas necessitadas, seguindo o exemplo de Maria.<\/p>\n<p style=\"text-align: justify;\">Nossa Senhora da Expecta\u00e7\u00e3o nos ensina o valor da ora\u00e7\u00e3o e do sil\u00eancio durante o Advento. Maria guardava todas as coisas em seu cora\u00e7\u00e3o, meditando sobre os mist\u00e9rios de Deus (Lc 2,19). Este sil\u00eancio contemplativo n\u00e3o \u00e9 vazio, mas cheio da presen\u00e7a de Deus.<\/p>\n<p style=\"text-align: justify;\">Em um mundo ruidoso, Maria nos ensina a import\u00e2ncia de criar espa\u00e7o para ouvir a voz de Deus. No Advento, somos convidados a diminuir o ritmo, evitar distra\u00e7\u00f5es excessivas e focar na escuta da Palavra de Deus. Dedique momentos do dia ao sil\u00eancio e \u00e0 leitura orante da B\u00edblia (Lectio Divina), deixando que a Palavra de Deus fale ao seu cora\u00e7\u00e3o.<\/p>\n<p style=\"text-align: justify;\">A ora\u00e7\u00e3o de Maria n\u00e3o era apenas contemplativa, mas profundamente transformadora. No Advento, a ora\u00e7\u00e3o \u00e9 o canal que nos permite entregar nossos anseios e preparar o cora\u00e7\u00e3o para acolher Cristo. Como \u00e9 salutar ter intimidade com a ora\u00e7\u00e3o mariana por excel\u00eancia que nos conduz aos mist\u00e9rios do nascimento, vida, morte e ressurrei\u00e7\u00e3o de Jesus. Reze o ter\u00e7o diariamente, contemplando os mist\u00e9rios gozosos, que destacam os momentos iniciais da vida de Jesus e sua vinda ao mundo.<\/p>\n<p style=\"text-align: justify;\">Maria nos ensina que a prepara\u00e7\u00e3o para o Natal \u00e9 uma experi\u00eancia interior e comunit\u00e1ria. Sua atitude de humildade, entrega e amor nos convida a refletir sobre como estamos nos preparando para acolher Jesus em nossa vida.<\/p>\n<p style=\"text-align: justify;\">Assim como Jo\u00e3o Batista pregava a convers\u00e3o, Maria nos inspira a remover os obst\u00e1culos espirituais que nos afastam de Deus. O Advento \u00e9 um tempo de reconcilia\u00e7\u00e3o e de renova\u00e7\u00e3o interior. Aproveite este tempo do Advento para participar do Sacramento da Reconcilia\u00e7\u00e3o e renovar sua vida espiritual.<\/p>\n<p style=\"text-align: justify;\">Maria nos ensina a import\u00e2ncia de viver em comunh\u00e3o com a Igreja e a comunidade. Ao visitar Isabel, ela nos mostra que a f\u00e9 se fortalece no encontro com os outros. Participe ativamente das celebra\u00e7\u00f5es comunit\u00e1rias de sua par\u00f3quia durante o Advento, especialmente da Novena de Natal.<\/p>\n<p style=\"text-align: justify;\">Nossa Senhora da Expecta\u00e7\u00e3o ou do \u00d3 nos guia no caminho do Advento, ensinando-nos a esperar com f\u00e9, esperan\u00e7a e amor. Seu exemplo de ora\u00e7\u00e3o, humildade e servi\u00e7o \u00e9 um farol para todos os crist\u00e3os que aguardam a chegada do Salvador.<\/p>\n<p style=\"text-align: justify;\">Ao longo deste tempo sagrado, sigamos os passos de Maria, abrindo nossos cora\u00e7\u00f5es para que Cristo nas\u00e7a em n\u00f3s e transforme nossa vida. Que a espera do Natal, vivida na escola de Nossa Senhora, nos conduza a um encontro renovador com Jesus, fonte de toda paz e alegria!<\/p>\n","protected":false},"excerpt":{"rendered":"<p>O Advento \u00e9 o tempo lit\u00fargico em que a Igreja se prepara para celebrar o nascimento do Verbo, Jesus Cristo. Neste per\u00edodo, a figura de Nossa Senhora ganha especial destaque, especialmente sob o t\u00edtulo de Nossa Senhora da Expecta\u00e7\u00e3o, que representa Maria como aquela que espera, com f\u00e9 e esperan\u00e7a, o nascimento do Salvador. Com [&hellip;]<\/p>\n","protected":false},"author":5,"featured_media":55819,"comment_status":"open","ping_status":"closed","sticky":false,"template":"","format":"standard","meta":{"footnotes":""},"categories":[9],"tags":[],"class_list":["post-91885","post","type-post","status-publish","format-standard","has-post-thumbnail","hentry","category-artigos"],"_links":{"self":[{"href":"https:\/\/catolicanet.net\/wp-cnet\/wp-json\/wp\/v2\/posts\/91885","targetHints":{"allow":["GET"]}}],"collection":[{"href":"https:\/\/catolicanet.net\/wp-cnet\/wp-json\/wp\/v2\/posts"}],"about":[{"href":"https:\/\/catolicanet.net\/wp-cnet\/wp-json\/wp\/v2\/types\/post"}],"author":[{"embeddable":true,"href":"https:\/\/catolicanet.net\/wp-cnet\/wp-json\/wp\/v2\/users\/5"}],"replies":[{"embeddable":true,"href":"https:\/\/catolicanet.net\/wp-cnet\/wp-json\/wp\/v2\/comments?post=91885"}],"version-history":[{"count":1,"href":"https:\/\/catolicanet.net\/wp-cnet\/wp-json\/wp\/v2\/posts\/91885\/revisions"}],"predecessor-version":[{"id":91886,"href":"https:\/\/catolicanet.net\/wp-cnet\/wp-json\/wp\/v2\/posts\/91885\/revisions\/91886"}],"wp:featuredmedia":[{"embeddable":true,"href":"https:\/\/catolicanet.net\/wp-cnet\/wp-json\/wp\/v2\/media\/55819"}],"wp:attachment":[{"href":"https:\/\/catolicanet.net\/wp-cnet\/wp-json\/wp\/v2\/media?parent=91885"}],"wp:term":[{"taxonomy":"category","embeddable":true,"href":"https:\/\/catolicanet.net\/wp-cnet\/wp-json\/wp\/v2\/categories?post=91885"},{"taxonomy":"post_tag","embeddable":true,"href":"https:\/\/catolicanet.net\/wp-cnet\/wp-json\/wp\/v2\/tags?post=91885"}],"curies":[{"name":"wp","href":"https:\/\/api.w.org\/{rel}","templated":true}]}}