{"id":91877,"date":"2024-12-07T13:31:40","date_gmt":"2024-12-07T16:31:40","guid":{"rendered":"https:\/\/catolicanet.net\/wp-cnet\/?p=91877"},"modified":"2024-12-09T13:33:16","modified_gmt":"2024-12-09T16:33:16","slug":"imaculada-conceicao-da-virgem-maria","status":"publish","type":"post","link":"https:\/\/catolicanet.net\/wp-cnet\/imaculada-conceicao-da-virgem-maria\/","title":{"rendered":"Imaculada Concei\u00e7\u00e3o da Virgem Maria"},"content":{"rendered":"<p style=\"text-align: justify;\">Amados irm\u00e3os e irm\u00e3s em Cristo,<\/p>\n<p style=\"text-align: justify;\">Precisamente neste domingo, dia 08 de dezembro de 2024, celebramos com grande j\u00fabilo a Solenidade da Imaculada Concei\u00e7\u00e3o da Virgem Maria, um dos mais belos mist\u00e9rios de nossa f\u00e9. Este dia nos convida a contemplar o amor infinito de Deus, que escolheu Maria, desde o primeiro instante de sua exist\u00eancia, para ser cheia de gra\u00e7a, sem m\u00e1cula do pecado original. Este privil\u00e9gio \u00fanico foi concedido a ela em vista da miss\u00e3o singular de ser a M\u00e3e do Salvador.<\/p>\n<p style=\"text-align: justify;\">No Evangelho de hoje, ouvimos o relato da Anuncia\u00e7\u00e3o (Lc 1,26-38), em que o Arcanjo Gabriel sa\u00fada Maria: <em>\u201cAve, cheia de gra\u00e7a, o Senhor est\u00e1 contigo!\u201d<\/em> Estas palavras revelam a plenitude do mist\u00e9rio que celebramos. Maria \u00e9 \u201ccheia de gra\u00e7a\u201d porque Deus a preparou para ser o templo puro e santo onde o Verbo se faria carne.<\/p>\n<p style=\"text-align: justify;\">A primeira leitura, retirada do livro do G\u00eanesis (3,9-15.20), nos lembra da queda de nossos primeiros pais e da entrada do pecado no mundo. Contudo, tamb\u00e9m ouvimos a promessa de Deus: <em>\u201cPorei inimizade entre ti e a mulher, entre a tua descend\u00eancia e a descend\u00eancia dela; esta te ferir\u00e1 a cabe\u00e7a, e tu lhe ferir\u00e1s o calcanhar.\u201d <\/em>Maria \u00e9 esta nova Eva, a mulher cuja obedi\u00eancia e f\u00e9 reparam o que foi rompido pela desobedi\u00eancia de Eva.<\/p>\n<p style=\"text-align: justify;\">Na segunda leitura, da carta aos Ef\u00e9sios (1,3-6.11-12), S\u00e3o Paulo nos fala da escolha eterna de Deus:<em> \u201cNele, Deus nos escolheu, antes da funda\u00e7\u00e3o do mundo, para sermos santos e irrepreens\u00edveis sob o seu olhar, no amor.\u201d <\/em>Maria \u00e9 o exemplo perfeito desta santidade. Desde o in\u00edcio, Ela foi escolhida e preservada para viver plenamente em comunh\u00e3o com Deus.<\/p>\n<p style=\"text-align: justify;\">Celebrar a Imaculada Concei\u00e7\u00e3o \u00e9 recordar que, pela gra\u00e7a de Deus, o pecado n\u00e3o tem a \u00faltima palavra. Em Maria, vemos o triunfo da gra\u00e7a divina sobre o pecado e a esperan\u00e7a de que, unidos a Cristo, tamb\u00e9m n\u00f3s podemos vencer o mal e participar da vida eterna.<\/p>\n<p style=\"text-align: justify;\">Contemplemos, queridos irm\u00e3os e irm\u00e3s, a humildade e a disponibilidade de Maria ao responder ao chamado de Deus: <em>\u201cEis aqui a serva do Senhor; fa\u00e7a-se em mim segundo a tua palavra.\u201d <\/em>Este \u201csim\u201d generoso e cheio de f\u00e9 \u00e9 um convite para que tamb\u00e9m n\u00f3s digamos &#8220;sim&#8221; \u00e0 vontade de Deus em nossas vidas, confiando plenamente em Sua provid\u00eancia e amor.<\/p>\n<p style=\"text-align: justify;\">Que esta solenidade nos inspire a buscar a santidade, a confiar na miseric\u00f3rdia divina e a proclamar, como Maria, as maravilhas que Deus realizou em nossas vidas. Rezemos com f\u00e9:<em> \u201c\u00d3 Maria, concebida sem pecado, rogai por n\u00f3s que recorremos a v\u00f3s!\u201d<\/em><\/p>\n<p style=\"text-align: justify;\">Que a Virgem Imaculada nos guie, interceda por n\u00f3s e nos conduza sempre mais perto de seu Filho, Jesus Cristo. Am\u00e9m.<\/p>\n<p><strong>\u00a0<\/strong><\/p>\n<p style=\"text-align: center;\"><strong>+Anuar Battisti<\/strong><br \/>\n<strong>Arcebispo Em\u00e9rito de Maring\u00e1 (PR)<\/strong><\/p>\n","protected":false},"excerpt":{"rendered":"<p>Amados irm\u00e3os e irm\u00e3s em Cristo, Precisamente neste domingo, dia 08 de dezembro de 2024, celebramos com grande j\u00fabilo a Solenidade da Imaculada Concei\u00e7\u00e3o da Virgem Maria, um dos mais belos mist\u00e9rios de nossa f\u00e9. Este dia nos convida a contemplar o amor infinito de Deus, que escolheu Maria, desde o primeiro instante de sua [&hellip;]<\/p>\n","protected":false},"author":1,"featured_media":55814,"comment_status":"open","ping_status":"closed","sticky":false,"template":"","format":"standard","meta":{"footnotes":""},"categories":[9],"tags":[],"class_list":["post-91877","post","type-post","status-publish","format-standard","has-post-thumbnail","hentry","category-artigos"],"_links":{"self":[{"href":"https:\/\/catolicanet.net\/wp-cnet\/wp-json\/wp\/v2\/posts\/91877","targetHints":{"allow":["GET"]}}],"collection":[{"href":"https:\/\/catolicanet.net\/wp-cnet\/wp-json\/wp\/v2\/posts"}],"about":[{"href":"https:\/\/catolicanet.net\/wp-cnet\/wp-json\/wp\/v2\/types\/post"}],"author":[{"embeddable":true,"href":"https:\/\/catolicanet.net\/wp-cnet\/wp-json\/wp\/v2\/users\/1"}],"replies":[{"embeddable":true,"href":"https:\/\/catolicanet.net\/wp-cnet\/wp-json\/wp\/v2\/comments?post=91877"}],"version-history":[{"count":1,"href":"https:\/\/catolicanet.net\/wp-cnet\/wp-json\/wp\/v2\/posts\/91877\/revisions"}],"predecessor-version":[{"id":91879,"href":"https:\/\/catolicanet.net\/wp-cnet\/wp-json\/wp\/v2\/posts\/91877\/revisions\/91879"}],"wp:featuredmedia":[{"embeddable":true,"href":"https:\/\/catolicanet.net\/wp-cnet\/wp-json\/wp\/v2\/media\/55814"}],"wp:attachment":[{"href":"https:\/\/catolicanet.net\/wp-cnet\/wp-json\/wp\/v2\/media?parent=91877"}],"wp:term":[{"taxonomy":"category","embeddable":true,"href":"https:\/\/catolicanet.net\/wp-cnet\/wp-json\/wp\/v2\/categories?post=91877"},{"taxonomy":"post_tag","embeddable":true,"href":"https:\/\/catolicanet.net\/wp-cnet\/wp-json\/wp\/v2\/tags?post=91877"}],"curies":[{"name":"wp","href":"https:\/\/api.w.org\/{rel}","templated":true}]}}