{"id":91874,"date":"2024-12-09T09:28:03","date_gmt":"2024-12-09T12:28:03","guid":{"rendered":"https:\/\/catolicanet.net\/wp-cnet\/?p=91874"},"modified":"2024-12-09T13:28:53","modified_gmt":"2024-12-09T16:28:53","slug":"um-anjo-anunciou","status":"publish","type":"post","link":"https:\/\/catolicanet.net\/wp-cnet\/um-anjo-anunciou\/","title":{"rendered":"UM ANJO ANUNCIOU"},"content":{"rendered":"<p style=\"text-align: justify;\">\u00a0\u00a0\u00a0\u00a0\u00a0\u00a0\u00a0\u00a0\u00a0\u00a0\u00a0 O maior dos milagres e mist\u00e9rios da f\u00e9 crist\u00e3 \u00e9 sua pr\u00f3pria origem: Deus se fez homem! Para tanto, uniu c\u00e9us e terra. Um anjo celeste anunciou e uma virgem da terra aceitou&#8230; \u201cC\u00e9us e terra proclamam vossa gl\u00f3ria, hosana nas alturas; bendito o que vem em nome do Senhor, hosana nas alturas!\u201d \u00a0Tinha raz\u00e3o o salmista. O grande milagre da cria\u00e7\u00e3o agora se repetia unindo c\u00e9us e terra, Deus e os homens, numa segunda cria\u00e7\u00e3o capaz de aperfei\u00e7oar a primeira numa remiss\u00e3o por amor, sem limites. Era bendito aquele que vinha. E que veio.<\/p>\n<p style=\"text-align: justify;\">\u00a0\u00a0\u00a0\u00a0\u00a0\u00a0\u00a0\u00a0\u00a0\u00a0\u00a0 Num primeiro momento, o an\u00fancio levantou temores. Diante do desconhecido, do inusitado, \u00e9 natural o medo, a inseguran\u00e7a. Mas as for\u00e7as angelicais s\u00e3o capazes de acalmar e serenar qualquer cora\u00e7\u00e3o conturbado. \u201cN\u00e3o tenhas medo, Maria, porque encontraste gra\u00e7a diante de Deus\u201d (Lc 1,30). O conforto angelical aplainou as veredas da incerteza. O sim mariano tornou-se o selo definitivo do grande pacto de amor que a concep\u00e7\u00e3o divina proporcionou \u00e0 humanidade&#8230; Ent\u00e3o um novo Ad\u00e3o ressurgiu, n\u00e3o mais do barro da terra, mas dos mist\u00e9rios e das gra\u00e7as celestiais. N\u00e3o mais um filho do homem, mas um \u201cSanto, Filho de Deus\u201d.<\/p>\n<p style=\"text-align: justify;\">\u00a0\u00a0\u00a0\u00a0\u00a0\u00a0\u00a0\u00a0\u00a0\u00a0\u00a0 O an\u00fancio evang\u00e9lico foi o pre\u00e2mbulo da Boa Not\u00edcia que muitas gera\u00e7\u00f5es sonharam ver e ouvir. Nascer, crescer e morrer era o limite estabelecido pela desobedi\u00eancia do \u00c9den, o pecado que limitou a vida a um ciclo biol\u00f3gico sem outras expectativas al\u00e9m do fim e da condena\u00e7\u00e3o pura e simples. Agora n\u00e3o! Agora o sim de Maria abria um novo horizonte diante das contradi\u00e7\u00f5es da vida sem sentido. Sim! H\u00e1 uma porta de reden\u00e7\u00e3o a nos apontar outro caminho que n\u00e3o seja o das desilus\u00f5es da vida e da morte. A m\u00e3e cheia de gra\u00e7a acolhe em seu ventre a reden\u00e7\u00e3o em pessoa, Aquele que venceria a morte e nos apontaria um t\u00famulo vazio como a maior das vit\u00f3rias poss\u00edveis a um humano. A ressurrei\u00e7\u00e3o da carne e a vida eterna tornar-se-iam sua bandeira, sua nova e eterna alian\u00e7a, seu pacto de amor para conosco.<\/p>\n<p style=\"text-align: justify;\">\u00a0\u00a0\u00a0\u00a0\u00a0\u00a0\u00a0\u00a0\u00a0\u00a0\u00a0 O sim de Maria foi o primeiro passo nessa hist\u00f3ria. N\u00e3o h\u00e1 como compreender o cristianismo sem respeitar e venerar esse momento sagrado. Para acontecer o milagre da reden\u00e7\u00e3o era preciso que os dois lados \u2013 criatura e Criador \u2013 estivessem dispostos a reescrever a hist\u00f3ria. Era preciso que Deus e os homens se reencontrassem na fertilidade da f\u00e9 \u2013 tal qual a pureza da concep\u00e7\u00e3o sem manchas, sem interesses, sem maledic\u00eancias, sem rancores, que se realizaria em Maria. \u201cFa\u00e7a-se em mim, segundo a tua palavra\u201d! Esse foi o consentimento das gra\u00e7as, que os l\u00e1bios de Maria proclamaram e aceitaram em nome da humanidade toda. Fa\u00e7a se em n\u00f3s, poder\u00edamos entender&#8230; Assim, a servid\u00e3o mariana foi o primeiro passo para que Deus pudesse agir e interagir com a humanidade restaurada em sua gra\u00e7a. Assim, o fruto do ventre tornou-se bendito entre n\u00f3s porque Maria permitiu, porque sua humildade compreendeu qu\u00e3o grandioso era o mist\u00e9rio daquele an\u00fancio angelical. Por isso e por tudo mais \u00e9 que damos a Maria o t\u00edtulo de corredentora. Quem rejeita Maria, rejeita tamb\u00e9m seu Filho. A gra\u00e7a da salva\u00e7\u00e3o s\u00f3 foi poss\u00edvel depois que a mulher \u201ccheia de gra\u00e7a\u201d permitiu que Deus habitasse todo seu ser. E a transformasse em m\u00e3e de Deus e dos homens. S\u00f3 ent\u00e3o \u201co anjo retirou-se\u201d. Ave, cheia de gra\u00e7a!<\/p>\n","protected":false},"excerpt":{"rendered":"<p>\u00a0\u00a0\u00a0\u00a0\u00a0\u00a0\u00a0\u00a0\u00a0\u00a0\u00a0 O maior dos milagres e mist\u00e9rios da f\u00e9 crist\u00e3 \u00e9 sua pr\u00f3pria origem: Deus se fez homem! Para tanto, uniu c\u00e9us e terra. Um anjo celeste anunciou e uma virgem da terra aceitou&#8230; \u201cC\u00e9us e terra proclamam vossa gl\u00f3ria, hosana nas alturas; bendito o que vem em nome do Senhor, hosana nas alturas!\u201d \u00a0Tinha [&hellip;]<\/p>\n","protected":false},"author":17,"featured_media":55826,"comment_status":"open","ping_status":"closed","sticky":false,"template":"","format":"standard","meta":{"footnotes":""},"categories":[9],"tags":[],"class_list":["post-91874","post","type-post","status-publish","format-standard","has-post-thumbnail","hentry","category-artigos"],"_links":{"self":[{"href":"https:\/\/catolicanet.net\/wp-cnet\/wp-json\/wp\/v2\/posts\/91874","targetHints":{"allow":["GET"]}}],"collection":[{"href":"https:\/\/catolicanet.net\/wp-cnet\/wp-json\/wp\/v2\/posts"}],"about":[{"href":"https:\/\/catolicanet.net\/wp-cnet\/wp-json\/wp\/v2\/types\/post"}],"author":[{"embeddable":true,"href":"https:\/\/catolicanet.net\/wp-cnet\/wp-json\/wp\/v2\/users\/17"}],"replies":[{"embeddable":true,"href":"https:\/\/catolicanet.net\/wp-cnet\/wp-json\/wp\/v2\/comments?post=91874"}],"version-history":[{"count":1,"href":"https:\/\/catolicanet.net\/wp-cnet\/wp-json\/wp\/v2\/posts\/91874\/revisions"}],"predecessor-version":[{"id":91876,"href":"https:\/\/catolicanet.net\/wp-cnet\/wp-json\/wp\/v2\/posts\/91874\/revisions\/91876"}],"wp:featuredmedia":[{"embeddable":true,"href":"https:\/\/catolicanet.net\/wp-cnet\/wp-json\/wp\/v2\/media\/55826"}],"wp:attachment":[{"href":"https:\/\/catolicanet.net\/wp-cnet\/wp-json\/wp\/v2\/media?parent=91874"}],"wp:term":[{"taxonomy":"category","embeddable":true,"href":"https:\/\/catolicanet.net\/wp-cnet\/wp-json\/wp\/v2\/categories?post=91874"},{"taxonomy":"post_tag","embeddable":true,"href":"https:\/\/catolicanet.net\/wp-cnet\/wp-json\/wp\/v2\/tags?post=91874"}],"curies":[{"name":"wp","href":"https:\/\/api.w.org\/{rel}","templated":true}]}}