{"id":91840,"date":"2024-12-06T09:57:43","date_gmt":"2024-12-06T12:57:43","guid":{"rendered":"https:\/\/catolicanet.net\/wp-cnet\/?p=91840"},"modified":"2024-12-06T14:59:40","modified_gmt":"2024-12-06T17:59:40","slug":"o-papa-que-a-palavra-de-deus-chegue-a-todos-a-fofoca-e-o-contrario-do-anuncio","status":"publish","type":"post","link":"https:\/\/catolicanet.net\/wp-cnet\/o-papa-que-a-palavra-de-deus-chegue-a-todos-a-fofoca-e-o-contrario-do-anuncio\/","title":{"rendered":"O Papa: que a Palavra de Deus chegue a todos, a fofoca \u00e9 o contr\u00e1rio do an\u00fancio"},"content":{"rendered":"<figure class=\"article__image\" style=\"text-align: justify;\"><span class=\"didascalia_img\">O Papa durante a audi\u00eancia com as Irm\u00e3s Carmelitas Mensageiras do Esp\u00edrito Santo\u00a0 (VATICAN MEDIA Divisione Foto)<\/span><\/figure>\n<div class=\"article__meta audioInside\" data-mediatype=\"\">\n<div class=\"article__subTitle\" style=\"text-align: justify;\">Na audi\u00eancia com as Irm\u00e3s Carmelitas Mensageiras do Esp\u00edrito Santo, recebidas por ocasi\u00e3o do 40\u00ba anivers\u00e1rio de funda\u00e7\u00e3o, celebrado em julho coincidindo com o quarto Cap\u00edtulo Geral, Francisco se deteve na miss\u00e3o de todos os crist\u00e3os, a evangeliza\u00e7\u00e3o, na qual as religiosas, fundadas no Brasil e que chegaram tamb\u00e9m \u00e0 Europa, se dedicam nas atividades pastorais nas par\u00f3quias e nos meios de comunica\u00e7\u00e3o.<\/div>\n<div class=\"title__separator\" style=\"text-align: justify;\"><\/div>\n<div class=\"article__text\">\n<p style=\"text-align: justify;\"><b>Mariangela Jaguraba &#8211; Vatican News<\/b><\/p>\n<p style=\"text-align: justify;\">O Papa Francisco recebeu em audi\u00eancia, nesta sexta-feira (06\/12), na Sala do Consist\u00f3rio, no Vaticano, as Irm\u00e3s Carmelitas Mensageiras do Esp\u00edrito Santo que vieram do Brasil e de alguns pa\u00edses da Europa, em peregrina\u00e7\u00e3o aos t\u00famulos dos Ap\u00f3stolos Pedro e Paulo, em Roma.<\/p>\n<div style=\"text-align: justify;\">\n<div class=\"article__embed article__embed--unwrap article__embed--dark\">\n<div class=\"article__innerTitle\">Ou\u00e7a e compartilhe<\/div>\n<div>\n<audio class=\"wp-audio-shortcode\" id=\"audio-91840-1\" preload=\"none\" style=\"width: 100%;\" controls=\"controls\"><source type=\"audio\/mpeg\" src=\"https:\/\/media.vaticannews.va\/media\/audio\/s1\/2024\/12\/06\/14\/138457448_F138457448.mp3?_=1\" \/><a href=\"https:\/\/media.vaticannews.va\/media\/audio\/s1\/2024\/12\/06\/14\/138457448_F138457448.mp3\">https:\/\/media.vaticannews.va\/media\/audio\/s1\/2024\/12\/06\/14\/138457448_F138457448.mp3<\/a><\/audio>\n<\/div>\n<\/div>\n<\/div>\n<p style=\"text-align: justify;\">&#8220;<i>A sua presen\u00e7a \u00e9 ainda mais significativa neste momento, nas v\u00e9speras do Ano Jubilar que ter\u00e1 in\u00edcio em 24 de dezembro<\/i>&#8220;, disse Francisco no in\u00edcio de sua sauda\u00e7\u00e3o \u00e0s religiosas.<\/p>\n<p style=\"text-align: justify;\">&#8220;Neste sentido encontramos plena sintonia com o trecho do Evangelho que nos mostra Jesus na sinagoga de Nazar\u00e9 e que inspirou a funda\u00e7\u00e3o do seu Instituto&#8221;, disse o Pont\u00edfice, citando o seguinte trecho extra\u00eddo do Livro do Profeta Isa\u00edas: \u00abO Esp\u00edrito do Senhor est\u00e1 sobre mim [\u2026] e enviou-me [\u2026] a proclamar um ano de gra\u00e7a do Senhor\u00bb.<\/p>\n<p style=\"text-align: justify;\"><i>Este ano que est\u00e1 para terminar j\u00e1 foi realmente um ano de gra\u00e7a para voc\u00eas: em julho, voc\u00eas comemoraram o 40\u00ba anivers\u00e1rio de sua funda\u00e7\u00e3o, coincidindo com o quarto Cap\u00edtulo Geral, no qual elegeu o grupo que dirigir\u00e1 sua fam\u00edlia religiosa pelos pr\u00f3ximos seis anos.<\/i><\/p>\n<p style=\"text-align: justify;\">&#8220;Esta \u00e9 uma ocasi\u00e3o bela para nos lembrar o compromisso quotidiano a servi\u00e7o da evangeliza\u00e7\u00e3o e da propaga\u00e7\u00e3o da Palavra de Deus, que deve chegar a todos. Nunca se esque\u00e7am disso: a todos. Na verdade, anunciar o Evangelho ao mundo inteiro \u00e9 a miss\u00e3o de todos os crist\u00e3os&#8221;, sublinhou Francisco, citando as palavras de S\u00e3o Paulo, na Primeira Carta aos Cor\u00edntios, que devem ressoar no cora\u00e7\u00e3o de cada batizado: \u201cAi de mim se eu n\u00e3o anunciar o Evangelho!\u201d<\/p>\n<p style=\"text-align: justify;\">A seguir, o Papa falou sobre a fofoca, lembrando que &#8220;a fofoca \u00e9 o contr\u00e1rio do an\u00fancio do Evangelho, porque a fofoca \u00e9 sempre uma condena\u00e7\u00e3o do outro. Em vez disso, o Evangelho \u00e9 sempre uma acolhida&#8221;.<\/p>\n<p style=\"text-align: justify;\">Segundo Francisco, no instituto das Irm\u00e3s Carmelitas Mensageiras do Esp\u00edrito Santo &#8220;o impulso mission\u00e1rio de evangeliza\u00e7\u00e3o em diferentes \u00e1reas est\u00e1 intimamente ligado \u00e0 contempla\u00e7\u00e3o e a uma vida de ora\u00e7\u00e3o que segue a antiga e bela tradi\u00e7\u00e3o carmelita&#8221;.<\/p>\n<p style=\"text-align: justify;\"><i>Que o Senhor as aben\u00e7oe e que Nossa Senhora Aparecida as guarde! Am\u00e9m.<\/i><\/p>\n<\/div>\n<\/div>\n","protected":false},"excerpt":{"rendered":"<p>O Papa durante a audi\u00eancia com as Irm\u00e3s Carmelitas Mensageiras do Esp\u00edrito Santo\u00a0 (VATICAN MEDIA Divisione Foto) Na audi\u00eancia com as Irm\u00e3s Carmelitas Mensageiras do Esp\u00edrito Santo, recebidas por ocasi\u00e3o do 40\u00ba anivers\u00e1rio de funda\u00e7\u00e3o, celebrado em julho coincidindo com o quarto Cap\u00edtulo Geral, Francisco se deteve na miss\u00e3o de todos os crist\u00e3os, a evangeliza\u00e7\u00e3o, [&hellip;]<\/p>\n","protected":false},"author":1,"featured_media":91841,"comment_status":"open","ping_status":"closed","sticky":false,"template":"","format":"standard","meta":{"footnotes":""},"categories":[3],"tags":[],"class_list":["post-91840","post","type-post","status-publish","format-standard","has-post-thumbnail","hentry","category-vaticano"],"_links":{"self":[{"href":"https:\/\/catolicanet.net\/wp-cnet\/wp-json\/wp\/v2\/posts\/91840","targetHints":{"allow":["GET"]}}],"collection":[{"href":"https:\/\/catolicanet.net\/wp-cnet\/wp-json\/wp\/v2\/posts"}],"about":[{"href":"https:\/\/catolicanet.net\/wp-cnet\/wp-json\/wp\/v2\/types\/post"}],"author":[{"embeddable":true,"href":"https:\/\/catolicanet.net\/wp-cnet\/wp-json\/wp\/v2\/users\/1"}],"replies":[{"embeddable":true,"href":"https:\/\/catolicanet.net\/wp-cnet\/wp-json\/wp\/v2\/comments?post=91840"}],"version-history":[{"count":1,"href":"https:\/\/catolicanet.net\/wp-cnet\/wp-json\/wp\/v2\/posts\/91840\/revisions"}],"predecessor-version":[{"id":91843,"href":"https:\/\/catolicanet.net\/wp-cnet\/wp-json\/wp\/v2\/posts\/91840\/revisions\/91843"}],"wp:featuredmedia":[{"embeddable":true,"href":"https:\/\/catolicanet.net\/wp-cnet\/wp-json\/wp\/v2\/media\/91841"}],"wp:attachment":[{"href":"https:\/\/catolicanet.net\/wp-cnet\/wp-json\/wp\/v2\/media?parent=91840"}],"wp:term":[{"taxonomy":"category","embeddable":true,"href":"https:\/\/catolicanet.net\/wp-cnet\/wp-json\/wp\/v2\/categories?post=91840"},{"taxonomy":"post_tag","embeddable":true,"href":"https:\/\/catolicanet.net\/wp-cnet\/wp-json\/wp\/v2\/tags?post=91840"}],"curies":[{"name":"wp","href":"https:\/\/api.w.org\/{rel}","templated":true}]}}