{"id":91824,"date":"2024-12-05T09:39:31","date_gmt":"2024-12-05T12:39:31","guid":{"rendered":"https:\/\/catolicanet.net\/wp-cnet\/?p=91824"},"modified":"2024-12-05T13:40:33","modified_gmt":"2024-12-05T16:40:33","slug":"programa-igreja-em-saida-parceria-da-cnbb-com-emissoras-catolicas-completa-mil-edicoes-no-ar","status":"publish","type":"post","link":"https:\/\/catolicanet.net\/wp-cnet\/programa-igreja-em-saida-parceria-da-cnbb-com-emissoras-catolicas-completa-mil-edicoes-no-ar\/","title":{"rendered":"Programa Igreja em Sa\u00edda, parceria da CNBB com emissoras cat\u00f3licas, completa mil edi\u00e7\u00f5es no ar"},"content":{"rendered":"<p style=\"text-align: justify;\">O programa Igreja em sa\u00edda, fruto de uma parceria entre a Confer\u00eancia Nacional dos Bispos do Brasil (CNBB) e emissoras de TV de inspira\u00e7\u00e3o cat\u00f3lica, chegou \u00e0 mil\u00e9sima edi\u00e7\u00e3o, na \u00faltima segunda-feira, 2 de dezembro.<\/p>\n<p style=\"text-align: justify;\">No ar desde fevereiro de 2021, o programa apresenta aos telespectadores o trabalho realizado pela Confer\u00eancia dos Bispos, suas comiss\u00f5es e regionais, e a atua\u00e7\u00e3o de in\u00fameros membros da Igreja nas diversas pastorais e nos movimentos pelo Brasil.<\/p>\n<p style=\"text-align: justify;\">Na TV Aparecida e na TV Pai Eterno, o programa \u00e9 transmitido ao vivo, de segunda a sexta-feira, de 11h35 \u00e0s 11h45, com apresenta\u00e7\u00e3o do jornalista Guilherme Machado. A CNBB tem uma participa\u00e7\u00e3o \u00e0s quartas-feiras, com o jornalista Luiz Lopes Jr, da equipe da Assessoria de Comunica\u00e7\u00e3o da entidade.<\/p>\n<p style=\"text-align: justify;\">Na abertura da edi\u00e7\u00e3o especial, o apresentador do programa destacou o chamado de Jesus recordado pelo Papa Francisco para que a Igreja esteja sempre em sa\u00edda.<\/p>\n<blockquote><p>\u201cSair dos muros e ir ao encontro daqueles deixados \u00e0 margem da sociedade, assim \u00e9 de tantas formas a Igreja no Brasil. No trabalho das Comunidades Eclesiais de Base, pastorais que promovem os direitos das crian\u00e7as, dos jovens, dos idosos e dos enfermos, nas a\u00e7\u00f5es de socorro emergencial \u00e0queles que sofrem, uma Igreja que escuta as s\u00faplicas da cria\u00e7\u00e3o, cada vez mais machucada pela gan\u00e2ncia de poucos. Uma Igreja comprometida com a miss\u00e3o deixada por Jesus h\u00e1 dois mil anos, mas atenta \u00e0s necessidades de seu povo nos dias atuais. Que possamos continuar assim, sendo a Igreja que o Criador espera de n\u00f3s\u201d.<\/p><\/blockquote>\n<p style=\"text-align: justify;\">Em sauda\u00e7\u00e3o enviada ao programa, o bispo auxiliar de Bras\u00edlia (DF) e secret\u00e1rio-geral da CNBB, dom Ricardo Hoepers, descreveu a marca de mil programas como \u201cmomento emocionante, bonito\u201d.<\/p>\n<blockquote><p>\u201cIgreja em sa\u00edda \u00e9 exatamente essa proposta de estarmos sintonizados com o magist\u00e9rio do Papa Francisco, unidos a voc\u00ea, levando a not\u00edcia, chegando no seu cora\u00e7\u00e3o e nos mantemos em comunh\u00e3o, participa\u00e7\u00e3o e miss\u00e3o\u201d, disse dom Ricardo.<\/p><\/blockquote>\n<p style=\"text-align: justify;\">Confira o programa na \u00edntegra:<\/p>\n<div class=\"ast-oembed-container\" style=\"text-align: justify;\"><iframe loading=\"lazy\" title=\"Igreja em Sa\u00edda - 02 de dezembro de 2024\" src=\"https:\/\/www.youtube.com\/embed\/_BPCUgnnOD8?feature=oembed\" width=\"1200\" height=\"675\" frameborder=\"0\" allowfullscreen=\"allowfullscreen\" data-mce-fragment=\"1\"><\/iframe><\/div>\n<p style=\"text-align: justify;\">\n<p style=\"text-align: justify;\">\n<h6 class=\"elementor-heading-title elementor-size-default\" style=\"text-align: justify;\"><a href=\"https:\/\/www.cnbb.org.br\/novo-programa-da-igreja-no-brasil-o-igreja-em-saida-estreia-nas-tvs-aparecida-e-pai-eterno\/\">Novo programa da Igreja no Brasil, o \u201cIgreja em Sa\u00edda\u201d, estreia nas TVs Aparecida e Pai Eterno<\/a><\/h6>\n","protected":false},"excerpt":{"rendered":"<p>O programa Igreja em sa\u00edda, fruto de uma parceria entre a Confer\u00eancia Nacional dos Bispos do Brasil (CNBB) e emissoras de TV de inspira\u00e7\u00e3o cat\u00f3lica, chegou \u00e0 mil\u00e9sima edi\u00e7\u00e3o, na \u00faltima segunda-feira, 2 de dezembro. No ar desde fevereiro de 2021, o programa apresenta aos telespectadores o trabalho realizado pela Confer\u00eancia dos Bispos, suas comiss\u00f5es [&hellip;]<\/p>\n","protected":false},"author":1,"featured_media":91825,"comment_status":"open","ping_status":"closed","sticky":false,"template":"","format":"standard","meta":{"footnotes":""},"categories":[7],"tags":[],"class_list":["post-91824","post","type-post","status-publish","format-standard","has-post-thumbnail","hentry","category-cnbb"],"_links":{"self":[{"href":"https:\/\/catolicanet.net\/wp-cnet\/wp-json\/wp\/v2\/posts\/91824","targetHints":{"allow":["GET"]}}],"collection":[{"href":"https:\/\/catolicanet.net\/wp-cnet\/wp-json\/wp\/v2\/posts"}],"about":[{"href":"https:\/\/catolicanet.net\/wp-cnet\/wp-json\/wp\/v2\/types\/post"}],"author":[{"embeddable":true,"href":"https:\/\/catolicanet.net\/wp-cnet\/wp-json\/wp\/v2\/users\/1"}],"replies":[{"embeddable":true,"href":"https:\/\/catolicanet.net\/wp-cnet\/wp-json\/wp\/v2\/comments?post=91824"}],"version-history":[{"count":1,"href":"https:\/\/catolicanet.net\/wp-cnet\/wp-json\/wp\/v2\/posts\/91824\/revisions"}],"predecessor-version":[{"id":91827,"href":"https:\/\/catolicanet.net\/wp-cnet\/wp-json\/wp\/v2\/posts\/91824\/revisions\/91827"}],"wp:featuredmedia":[{"embeddable":true,"href":"https:\/\/catolicanet.net\/wp-cnet\/wp-json\/wp\/v2\/media\/91825"}],"wp:attachment":[{"href":"https:\/\/catolicanet.net\/wp-cnet\/wp-json\/wp\/v2\/media?parent=91824"}],"wp:term":[{"taxonomy":"category","embeddable":true,"href":"https:\/\/catolicanet.net\/wp-cnet\/wp-json\/wp\/v2\/categories?post=91824"},{"taxonomy":"post_tag","embeddable":true,"href":"https:\/\/catolicanet.net\/wp-cnet\/wp-json\/wp\/v2\/tags?post=91824"}],"curies":[{"name":"wp","href":"https:\/\/api.w.org\/{rel}","templated":true}]}}