{"id":91781,"date":"2024-12-01T09:50:11","date_gmt":"2024-12-01T12:50:11","guid":{"rendered":"https:\/\/catolicanet.net\/wp-cnet\/?p=91781"},"modified":"2024-12-05T12:51:09","modified_gmt":"2024-12-05T15:51:09","slug":"advento-3","status":"publish","type":"post","link":"https:\/\/catolicanet.net\/wp-cnet\/advento-3\/","title":{"rendered":"Advento"},"content":{"rendered":"<p style=\"text-align: justify;\">Neste domingo, dia 1\u00ba de dezembro de 2024, inicia-se o novo ano lit\u00fargico da Igreja com o tempo do Advento. Esse novo ciclo lit\u00fargico tem a dura\u00e7\u00e3o de quatro semanas, at\u00e9 a tarde do dia 24 de dezembro. Ap\u00f3s o per\u00edodo do Advento, inicia-se o tempo do Natal, seguido pela primeira parte do Tempo Comum, vindo depois o tempo da Quaresma, a P\u00e1scoa, e, ap\u00f3s o tempo pascal, retomamos o Tempo Comum. \u00c9 dessa forma que se estrutura o ano lit\u00fargico da Igreja, sempre buscando animar a vida de f\u00e9 dos fi\u00e9is com diversas motiva\u00e7\u00f5es ao longo do ano.<\/p>\n<p style=\"text-align: justify;\">O tempo do Advento significa espera, ou seja, a Igreja nos convida a esperarmos, atrav\u00e9s da vigil\u00e2ncia e da ora\u00e7\u00e3o, a chegada do Messias. Jesus j\u00e1 nasceu uma vez em Bel\u00e9m, e no Natal recordamos esse momento que mudou a hist\u00f3ria da humanidade. Nos dias de hoje, vivemos a expectativa de sua segunda vinda; por isso, devemos estar vigilantes e em ora\u00e7\u00e3o, pois n\u00e3o sabemos quando ser\u00e1. Somente o Pai do c\u00e9u sabe o momento. Ao longo do Advento, vivemos a expectativa de que Ele nas\u00e7a em nosso cora\u00e7\u00e3o e, com o seu nascimento, ilumine a nossa vida e a de nossa fam\u00edlia. Por isso dizemos: Ele veio, vem e vir\u00e1.<\/p>\n<p style=\"text-align: justify;\">Temos que ser profetas nos dias de hoje, a exemplo de Jo\u00e3o Batista. O mundo vive em meio \u00e0 escurid\u00e3o, assim como acontecia no tempo de Jesus. Jo\u00e3o Batista foi o precursor, ou seja, foi \u00e0 frente anunciando a todos que o Messias estava pr\u00f3ximo, que a luz estava chegando para iluminar a escurid\u00e3o em que o mundo vivia. Temos que ser os precursores nos dias de hoje, ir \u00e0 frente e anunciar para quem conhecemos o verdadeiro sentido do Natal, que \u00e9 o nascimento do Messias.<\/p>\n<p style=\"text-align: justify;\">Ao longo do tempo do Advento, a cada domingo, acende-se uma vela da coroa do Advento. Conforme as velas v\u00e3o sendo acesas, demonstramos que a luz se aproxima de n\u00f3s. Quando chegamos ao quarto domingo do Advento, todas as 4 velas est\u00e3o acesas. Ao acendermos as velas do Advento e observamos, a cada domingo, que a luz se aproxima, devemos nos preparar para bem celebrarmos o Natal, por meio da confiss\u00e3o sacramental e da novena de Natal. Com isso, nos afastamos das trevas e nos aproximamos da luz.<\/p>\n<p style=\"text-align: justify;\">Todas as celebra\u00e7\u00f5es da Igreja em seus tempos lit\u00fargicos t\u00eam uma raz\u00e3o de ser, e nada \u00e9 colocado de maneira aleat\u00f3ria. Para que o tempo do Advento tenha um sentido, existem as quatro velas da coroa do Advento, que nos ajudam a entrar no clima desse tempo e, assim, nos preparamos para o Natal. Ao acendermos as velas do Advento a cada domingo, podemos entoar este c\u00e2ntico: <em>\u201c\u00d3 Luz do Senhor, que vem sobre a terra, inunda meu ser, permanece em n\u00f3s\u201d<\/em>.<\/p>\n<p style=\"text-align: justify;\">N\u00f3s, como crist\u00e3os cat\u00f3licos temos que ensinar, sobretudo \u00e0s crian\u00e7as, o sentido real do Natal. Por isso, na noite de Natal, pe\u00e7a que as crian\u00e7as da fam\u00edlia coloquem o Menino Jesus na manjedoura e, durante o tempo do Advento, procurem rezar a novena junto com as crian\u00e7as de sua fam\u00edlia. \u00c9 aprendendo desde cedo que elas levar\u00e3o para o futuro aquilo que lhes foi ensinado. Tamb\u00e9m \u00e9 bonito montar a coroa do Advento em casa, fazer um enfeite e, a cada domingo, acender uma das velas sempre que rezar a novena. Essa \u00e9 uma forma de preparar bem o Natal.<\/p>\n<p style=\"text-align: justify;\">Uma das maneiras de nos prepararmos para o Natal, ao longo desse per\u00edodo do Advento, \u00e9 por meio da confiss\u00e3o sacramental. A Igreja recomenda que, ao menos uma vez por ano, realizemos a confiss\u00e3o sacramental, por ocasi\u00e3o da P\u00e1scoa do Senhor. Contudo, se sentirmos necessidade, podemos confessar mais vezes ao longo do ano. Durante o Advento, realizar nossa confiss\u00e3o \u00e9 uma forma de preparar o cora\u00e7\u00e3o e a vida para receber Jesus no Natal. Nesse per\u00edodo, \u00e9 prudente limpar nossa casa e tirar todo o p\u00f3, preparando-a para o Natal. Da mesma forma, podemos fazer com nossa vida: ao confessar-nos e buscarmos uma vida de vigil\u00e2ncia e ora\u00e7\u00e3o, limpamos nosso cora\u00e7\u00e3o para acolher Jesus. Durante este tempo as foranias de nossa arquidiocese se organizam no mutir\u00e3o de confiss\u00f5es para que todas as par\u00f3quias tenham um grupo de sacerdotes atendendo as confiss\u00f5es, al\u00e9m da pr\u00f3pria programa\u00e7\u00e3o da par\u00f3quia.<\/p>\n<p style=\"text-align: justify;\">Durante o Advento, escutaremos muito sobre Jo\u00e3o Batista. Ele pregava um batismo de convers\u00e3o para o perd\u00e3o dos pecados, exortando as pessoas a mudarem de vida para acolher o Messias que chegaria. Jo\u00e3o veio para preparar o caminho do Senhor, endireitando os caminhos tortuosos e conduzindo as pessoas \u00e0 luz, tirando-as das trevas do pecado. Muitos o confundiam com o Messias, mas ele afirmava abertamente que n\u00e3o era o Messias e que n\u00e3o era digno nem de desamarrar a correia de suas sand\u00e1lias. Jo\u00e3o apontava o Cordeiro de Deus e preparava as pessoas para o encontro com Ele.<\/p>\n<p style=\"text-align: justify;\">O tempo do Advento significa espera, vinda ou chegada, ou seja, aguardamos aquele que h\u00e1 de vir. Esse tempo \u00e9 tamb\u00e9m de purifica\u00e7\u00e3o, preparando-nos para receber aquele que est\u00e1 para chegar. Durante as quatro semanas do Advento, as duas primeiras nos falam sobre a segunda vinda de Cristo, enquanto as duas \u00faltimas nos aproximam mais do mist\u00e9rio do Natal.<\/p>\n<p style=\"text-align: justify;\">As quatro velas da coroa do Advento podem possuir cores e significados espec\u00edficos: roxa, verde, rosa e branca segundo alguns costumes. A vela roxa representa a vigil\u00e2ncia e a penit\u00eancia, a verde simboliza a esperan\u00e7a, a rosa recorda que o Senhor est\u00e1 pr\u00f3ximo, e a branca nos convida \u00e0 pureza no encontro com o Senhor.<\/p>\n<p style=\"text-align: justify;\">Celebremos com alegria esse tempo do Advento e preparemo-nos para acolher o Senhor que vir\u00e1. Se tiver oportunidade, realize a confiss\u00e3o sacramental e ensine \u00e0s crian\u00e7as o verdadeiro sentido do Natal. Reze a novena de Natal com a fam\u00edlia ou seus vizinhos, para que todos entendam melhor o significado dessa celebra\u00e7\u00e3o. Desejamos que esses grupos da novena de natal se transformem em mais c\u00edrculos b\u00edblicos.<\/p>\n<p style=\"text-align: justify;\">Que o mesmo Esp\u00edrito Santo, que encheu Maria de amor para que ela desse \u00e0 luz ao Filho de Deus, nos encha do mesmo amor e da mesma f\u00e9. Am\u00e9m.<\/p>\n","protected":false},"excerpt":{"rendered":"<p>Neste domingo, dia 1\u00ba de dezembro de 2024, inicia-se o novo ano lit\u00fargico da Igreja com o tempo do Advento. Esse novo ciclo lit\u00fargico tem a dura\u00e7\u00e3o de quatro semanas, at\u00e9 a tarde do dia 24 de dezembro. Ap\u00f3s o per\u00edodo do Advento, inicia-se o tempo do Natal, seguido pela primeira parte do Tempo Comum, [&hellip;]<\/p>\n","protected":false},"author":5,"featured_media":55819,"comment_status":"open","ping_status":"closed","sticky":false,"template":"","format":"standard","meta":{"footnotes":""},"categories":[9],"tags":[],"class_list":["post-91781","post","type-post","status-publish","format-standard","has-post-thumbnail","hentry","category-artigos"],"_links":{"self":[{"href":"https:\/\/catolicanet.net\/wp-cnet\/wp-json\/wp\/v2\/posts\/91781","targetHints":{"allow":["GET"]}}],"collection":[{"href":"https:\/\/catolicanet.net\/wp-cnet\/wp-json\/wp\/v2\/posts"}],"about":[{"href":"https:\/\/catolicanet.net\/wp-cnet\/wp-json\/wp\/v2\/types\/post"}],"author":[{"embeddable":true,"href":"https:\/\/catolicanet.net\/wp-cnet\/wp-json\/wp\/v2\/users\/5"}],"replies":[{"embeddable":true,"href":"https:\/\/catolicanet.net\/wp-cnet\/wp-json\/wp\/v2\/comments?post=91781"}],"version-history":[{"count":1,"href":"https:\/\/catolicanet.net\/wp-cnet\/wp-json\/wp\/v2\/posts\/91781\/revisions"}],"predecessor-version":[{"id":91783,"href":"https:\/\/catolicanet.net\/wp-cnet\/wp-json\/wp\/v2\/posts\/91781\/revisions\/91783"}],"wp:featuredmedia":[{"embeddable":true,"href":"https:\/\/catolicanet.net\/wp-cnet\/wp-json\/wp\/v2\/media\/55819"}],"wp:attachment":[{"href":"https:\/\/catolicanet.net\/wp-cnet\/wp-json\/wp\/v2\/media?parent=91781"}],"wp:term":[{"taxonomy":"category","embeddable":true,"href":"https:\/\/catolicanet.net\/wp-cnet\/wp-json\/wp\/v2\/categories?post=91781"},{"taxonomy":"post_tag","embeddable":true,"href":"https:\/\/catolicanet.net\/wp-cnet\/wp-json\/wp\/v2\/tags?post=91781"}],"curies":[{"name":"wp","href":"https:\/\/api.w.org\/{rel}","templated":true}]}}