{"id":91775,"date":"2024-12-01T09:47:26","date_gmt":"2024-12-01T12:47:26","guid":{"rendered":"https:\/\/catolicanet.net\/wp-cnet\/?p=91775"},"modified":"2024-12-05T12:48:26","modified_gmt":"2024-12-05T15:48:26","slug":"primeiro-domingo-do-advento-4","status":"publish","type":"post","link":"https:\/\/catolicanet.net\/wp-cnet\/primeiro-domingo-do-advento-4\/","title":{"rendered":"Primeiro Domingo do Advento"},"content":{"rendered":"<p style=\"text-align: justify;\">Estamos celebrando hoje o primeiro domingo do Advento. O Advento nos prepara para o Natal e nos faz pensar que um dia o Senhor vir\u00e1 em sua gl\u00f3ria para levar \u00e0 plenitude sua obra de salva\u00e7\u00e3o. \u00c9 um tempo de vigil\u00e2ncia, de s\u00faplica, de alegre esperan\u00e7a no Senhor que vem: veio em Bel\u00e9m, vem no mist\u00e9rio celebrado no Natal, vir\u00e1 no final dos tempos e vem a cada dia, nos grandes e pequenos momentos, nos sorrisos e nas l\u00e1grimas.<\/p>\n<p style=\"text-align: justify;\">A liturgia nos ajuda a viver bem este tempo com s\u00edmbolos pr\u00f3prios desta \u00e9poca: a cor roxa, que significa sobriedade e vigil\u00e2ncia; o \u201cGl\u00f3ria\u201d, que n\u00e3o ser\u00e1 rezado na Missa, para recordar que estamos nos preparando para cant\u00e1-lo a plenos pulm\u00f5es no Natal; a ornamenta\u00e7\u00e3o s\u00f3bria da Igreja; a coroa do Advento, que aben\u00e7oamos no in\u00edcio da celebra\u00e7\u00e3o; as leituras e c\u00e2nticos t\u00e3o comoventes, sempre pedindo a gra\u00e7a da Vinda do Senhor; a mem\u00f3ria dos personagens que nos ensinam a esperar o Messias: Isa\u00edas, Jo\u00e3o Batista, Isabel e Zacarias, Jos\u00e9 e, sobretudo, a Virgem Maria.<\/p>\n<p style=\"text-align: justify;\">Neste tempo, cuidemos de meditar mais na Palavra de Deus, tanto nas leituras da Missa di\u00e1ria quanto no livro do Profeta Isa\u00edas. Procuremos tamb\u00e9m o sacramento da confiss\u00e3o. Abramos nosso cora\u00e7\u00e3o \u00c0quele que vem!<\/p>\n<p style=\"text-align: justify;\">Na primeira leitura \u2013 Jr 33,14-16 \u2013 n\u00e3o ser\u00e1 um tempo de vingan\u00e7a divina, mas um tempo de justi\u00e7a e de glorifica\u00e7\u00e3o do amor divino e imensur\u00e1vel de nosso Deus, que n\u00e3o precisa vingar-se; apenas mostrar sua miseric\u00f3rdia e a veracidade de suas Palavras\u2026e cada um vai direto para seu lugar!<\/p>\n<p style=\"text-align: justify;\">O Salmo 24 \u2013 \u201cA v\u00f3s, meu Deus, elevo a minha alma. Confio em v\u00f3s, que eu n\u00e3o seja envergonhado!\u201d Com a Eucaristia deste hoje estamos iniciando um novo Ano Lit\u00fargico e, tamb\u00e9m, o Tempo do Advento, que nos prepara para o Natal do Senhor. Durante este novo ano, aos domingos, escutaremos em geral trechos do Evangelho segundo Lucas. E nesta primeira Missa deste novo tempo, a Igreja, no missal, coloca as palavras do salmo 24, que foram lidas h\u00e1 pouco: \u201cA v\u00f3s, meu Deus, elevo a minha alma\u201d&#8230; A Igreja ergue os olhos, o cora\u00e7\u00e3o, a alma para o Senhor, reconhecendo-se pobre, pequena e necessitada. \u201cConfio em v\u00f3s, que eu n\u00e3o seja envergonhado!\u201d Estas palavras, exprimem qual deva ser nossa atitude neste santo Advento: atitude de quem se reconhece necessitado de um Salvador; de quem se sabe pequeno e incapaz de caminhar sozinho! A humanidade, sozinha, n\u00e3o chega \u00e0 plenitude, n\u00e3o encontra a felicidade: precisamos que Deus venha e nos estenda a m\u00e3o, que ele nos eleve e nos salve!<\/p>\n<p style=\"text-align: justify;\">Na segunda leitura \u2013 1Ts 3,12-4,2 \u2013 a liturgia recorda-nos a promessa da nova vinda de Jesus: Ele veio no passado, vem a n\u00f3s em toda a celebra\u00e7\u00e3o da Eucaristia e vir\u00e1 para o \u201cJulgamento Final\u201d, no dia da vinda de nosso Senhor Jesus com todos os seus santos!\u201d. Na vida temos muitos mestres, mas apenas um \u00e9 verdadeiro Jesus Cristo, que vir\u00e1 na sua gl\u00f3ria, demostrar que sua Palavra e seu ensinamento eram os verdadeiros!<\/p>\n<p style=\"text-align: justify;\">O Evangelho \u2013 Lucas 21, 25-28. 34-36 \u2013 o Senhor nos recorda a necessidade da vigil\u00e2ncia: \u201cTomai cuidado para que vossos cora\u00e7\u00f5es n\u00e3o fiquem insens\u00edveis por causa da gula, da embriaguez e das preocupa\u00e7\u00f5es da vida, e esse Dia n\u00e3o caia de repente sobre v\u00f3s; pois esse Dia cair\u00e1 como uma armadilha sobre todos os habitantes da terra. Portanto, ficai atentos!\u201d Aquele cuja vinda celebraremos no Natal, cuja vinda esperamos no final dos tempos, vem a n\u00f3s constantemente! Somente numa atitude de ora\u00e7\u00e3o e vigil\u00e2ncia, de sobriedade e de expectativa amorosa, \u00e9 que poderemos reconhec\u00ea-lo e acolh\u00ea-lo. \u00c9 nossa atitude agora que determinar\u00e1 nossa sorte quando ele vier no final dos tempos. Com uma linguagem impressionante e simb\u00f3lica, Jesus quer nos dizer hoje que sua manifesta\u00e7\u00e3o final vai co-envolver todas as coisas: a cria\u00e7\u00e3o toda, a hist\u00f3ria humana toda e cada um de n\u00f3s. Nada nem ningu\u00e9m escapar\u00e1 do Dia do Cristo; tudo ser\u00e1 passado a limpo pelo Filho do Homem glorioso: \u201cVer\u00e3o o Filho do Homem vindo numa nuvem com grande poder e gl\u00f3ria\u201d. Esta vinda ser\u00e1 discriminat\u00f3ria, pois discriminar\u00e1 bons e maus: ser\u00e1 manifesta\u00e7\u00e3o da salva\u00e7\u00e3o para quem o acolheu&#8230; e ser\u00e1 perdi\u00e7\u00e3o para quem o rejeitou! Da\u00ed, a advert\u00eancia s\u00e9ria, o apelo quase que dram\u00e1tico que Jesus nos faz: \u201cQuando estas coisas come\u00e7arem a acontecer, levantai a cabe\u00e7a, porque a vossa liberta\u00e7\u00e3o se aproxima&#8221;; ficai atentos para terdes for\u00e7a de escapar de tudo o que deve acontecer e para ficardes diante do Filho do Homem!\u201d Os sinais que o Senhor nos d\u00e1, acontecem sempre, em cada gera\u00e7\u00e3o, como um convite insistente \u00e0 vigil\u00e2ncia.<\/p>\n<p style=\"text-align: justify;\">Contudo, \u00e9 preciso que compreendamos que este Dia final que o Senhor nos prepara \u2013 Dia da sua Vinda, da sua Manifesta\u00e7\u00e3o, da sua Apari\u00e7\u00e3o \u2013 ser\u00e1 Dia de salva\u00e7\u00e3o: \u201cEis que vir\u00e3o dias em que farei cumprir as promessas de bens futuros&#8230; Naqueles dias, farei brotar de Davi a semente de justi\u00e7a&#8230; e Jud\u00e1 ser\u00e1 salvo e Jerusal\u00e9m ter\u00e1 uma popula\u00e7\u00e3o confiante\u201d. Deus nunca pensou o mal para n\u00f3s! Mas \u00e9 necess\u00e1rio que nos abramos para o Bem que o Senhor nos prepara; este Bem \u00e9 Aquele que veio em Bel\u00e9m, que nos vem em cada Eucaristia!<\/p>\n","protected":false},"excerpt":{"rendered":"<p>Estamos celebrando hoje o primeiro domingo do Advento. O Advento nos prepara para o Natal e nos faz pensar que um dia o Senhor vir\u00e1 em sua gl\u00f3ria para levar \u00e0 plenitude sua obra de salva\u00e7\u00e3o. \u00c9 um tempo de vigil\u00e2ncia, de s\u00faplica, de alegre esperan\u00e7a no Senhor que vem: veio em Bel\u00e9m, vem no [&hellip;]<\/p>\n","protected":false},"author":5,"featured_media":55819,"comment_status":"open","ping_status":"closed","sticky":false,"template":"","format":"standard","meta":{"footnotes":""},"categories":[9],"tags":[],"class_list":["post-91775","post","type-post","status-publish","format-standard","has-post-thumbnail","hentry","category-artigos"],"_links":{"self":[{"href":"https:\/\/catolicanet.net\/wp-cnet\/wp-json\/wp\/v2\/posts\/91775","targetHints":{"allow":["GET"]}}],"collection":[{"href":"https:\/\/catolicanet.net\/wp-cnet\/wp-json\/wp\/v2\/posts"}],"about":[{"href":"https:\/\/catolicanet.net\/wp-cnet\/wp-json\/wp\/v2\/types\/post"}],"author":[{"embeddable":true,"href":"https:\/\/catolicanet.net\/wp-cnet\/wp-json\/wp\/v2\/users\/5"}],"replies":[{"embeddable":true,"href":"https:\/\/catolicanet.net\/wp-cnet\/wp-json\/wp\/v2\/comments?post=91775"}],"version-history":[{"count":1,"href":"https:\/\/catolicanet.net\/wp-cnet\/wp-json\/wp\/v2\/posts\/91775\/revisions"}],"predecessor-version":[{"id":91777,"href":"https:\/\/catolicanet.net\/wp-cnet\/wp-json\/wp\/v2\/posts\/91775\/revisions\/91777"}],"wp:featuredmedia":[{"embeddable":true,"href":"https:\/\/catolicanet.net\/wp-cnet\/wp-json\/wp\/v2\/media\/55819"}],"wp:attachment":[{"href":"https:\/\/catolicanet.net\/wp-cnet\/wp-json\/wp\/v2\/media?parent=91775"}],"wp:term":[{"taxonomy":"category","embeddable":true,"href":"https:\/\/catolicanet.net\/wp-cnet\/wp-json\/wp\/v2\/categories?post=91775"},{"taxonomy":"post_tag","embeddable":true,"href":"https:\/\/catolicanet.net\/wp-cnet\/wp-json\/wp\/v2\/tags?post=91775"}],"curies":[{"name":"wp","href":"https:\/\/api.w.org\/{rel}","templated":true}]}}