{"id":91739,"date":"2024-12-03T10:20:14","date_gmt":"2024-12-03T13:20:14","guid":{"rendered":"https:\/\/catolicanet.net\/wp-cnet\/?p=91739"},"modified":"2024-12-03T17:21:08","modified_gmt":"2024-12-03T20:21:08","slug":"equipe-organizadora-do-encontro-de-pastoral-afro-2025-em-lujan-se-encontra-com-presidencia-da-conferencia-da-argentina","status":"publish","type":"post","link":"https:\/\/catolicanet.net\/wp-cnet\/equipe-organizadora-do-encontro-de-pastoral-afro-2025-em-lujan-se-encontra-com-presidencia-da-conferencia-da-argentina\/","title":{"rendered":"Equipe organizadora do Encontro de Pastoral Afro 2025, em Luj\u00e1n, se encontra com presid\u00eancia da Confer\u00eancia da Argentina"},"content":{"rendered":"<p style=\"text-align: justify;\">A Secretaria de Pastoral Afro-Americana e Caribenha (SEPAC) visitou a sede da Confer\u00eancia Episcopal Argentina, sendo recebida por seu presidente, dom Marcelo Colombo, e secret\u00e1rio-geral, dom Ra\u00fal Pizarro.<\/p>\n<p style=\"text-align: justify;\">O encontro contou com a presen\u00e7a do arcebispo de Feira de Santana (BA) e referencial da Pastoral Afro Latino Americana e Caribenha, dom Zanoni Demettino e do bispo de Merlo-Moreno, dom Juan Jos\u00e9 Chaparro, bispo de Merlo-Moreno. A comiss\u00e3o local, organizadora do Encontro de Pastoral Afro (EPA) 2025, em Luj\u00e1n\/Argentina e representantes da Pastoral Afro do pa\u00eds tamb\u00e9m participaram.<\/p>\n<p style=\"text-align: justify;\">Dom Zanoni explicou que trata-se de um momento de participa\u00e7\u00e3o ao Encontro de Pastoral Afro (EPA 2025), que ser\u00e1 realizado em novembro de 2025, em Luj\u00e1n. O tema central ser\u00e1 \u201cA realidade afro na Am\u00e9rica Latina e no Caribe: seus clamores e desafios em uma Igreja Sinodal\u201d .<\/p>\n<p style=\"text-align: justify;\">Em di\u00e1logo com a imprensa, dom Juan Jos\u00e9 Chaparro destacou a import\u00e2ncia do encontro: \u201cH\u00e1 irm\u00e3os afrodescendentes que, com suas vidas e clamores, pedem o acompanhamento de nossa Igreja. Este evento \u00e9 um testemunho da nossa miss\u00e3o de cuidar da hist\u00f3ria, da vida e das necessidades dos povos afrodescendentes, para o bem da sociedade e do mundo\u201d.<\/p>\n<p><img loading=\"lazy\" decoding=\"async\" class=\"aligncenter wp-image-974520 size-large\" src=\"https:\/\/www.cnbb.org.br\/wp-content\/uploads\/2024\/12\/Lugan-1024x576.jpeg\" sizes=\"auto, (max-width: 1024px) 100vw, 1024px\" srcset=\"https:\/\/www.cnbb.org.br\/wp-content\/uploads\/2024\/12\/Lugan-1024x576.jpeg 1024w, https:\/\/www.cnbb.org.br\/wp-content\/uploads\/2024\/12\/Lugan-300x169.jpeg 300w, https:\/\/www.cnbb.org.br\/wp-content\/uploads\/2024\/12\/Lugan-768x432.jpeg 768w, https:\/\/www.cnbb.org.br\/wp-content\/uploads\/2024\/12\/Lugan-1536x864.jpeg 1536w, https:\/\/www.cnbb.org.br\/wp-content\/uploads\/2024\/12\/Lugan-500x281.jpeg 500w, https:\/\/www.cnbb.org.br\/wp-content\/uploads\/2024\/12\/Lugan.jpeg 1600w\" alt=\"\" width=\"1024\" height=\"576\" \/><\/p>\n","protected":false},"excerpt":{"rendered":"<p>A Secretaria de Pastoral Afro-Americana e Caribenha (SEPAC) visitou a sede da Confer\u00eancia Episcopal Argentina, sendo recebida por seu presidente, dom Marcelo Colombo, e secret\u00e1rio-geral, dom Ra\u00fal Pizarro. O encontro contou com a presen\u00e7a do arcebispo de Feira de Santana (BA) e referencial da Pastoral Afro Latino Americana e Caribenha, dom Zanoni Demettino e do [&hellip;]<\/p>\n","protected":false},"author":1,"featured_media":91740,"comment_status":"open","ping_status":"closed","sticky":false,"template":"","format":"standard","meta":{"footnotes":""},"categories":[7],"tags":[],"class_list":["post-91739","post","type-post","status-publish","format-standard","has-post-thumbnail","hentry","category-cnbb"],"_links":{"self":[{"href":"https:\/\/catolicanet.net\/wp-cnet\/wp-json\/wp\/v2\/posts\/91739","targetHints":{"allow":["GET"]}}],"collection":[{"href":"https:\/\/catolicanet.net\/wp-cnet\/wp-json\/wp\/v2\/posts"}],"about":[{"href":"https:\/\/catolicanet.net\/wp-cnet\/wp-json\/wp\/v2\/types\/post"}],"author":[{"embeddable":true,"href":"https:\/\/catolicanet.net\/wp-cnet\/wp-json\/wp\/v2\/users\/1"}],"replies":[{"embeddable":true,"href":"https:\/\/catolicanet.net\/wp-cnet\/wp-json\/wp\/v2\/comments?post=91739"}],"version-history":[{"count":1,"href":"https:\/\/catolicanet.net\/wp-cnet\/wp-json\/wp\/v2\/posts\/91739\/revisions"}],"predecessor-version":[{"id":91742,"href":"https:\/\/catolicanet.net\/wp-cnet\/wp-json\/wp\/v2\/posts\/91739\/revisions\/91742"}],"wp:featuredmedia":[{"embeddable":true,"href":"https:\/\/catolicanet.net\/wp-cnet\/wp-json\/wp\/v2\/media\/91740"}],"wp:attachment":[{"href":"https:\/\/catolicanet.net\/wp-cnet\/wp-json\/wp\/v2\/media?parent=91739"}],"wp:term":[{"taxonomy":"category","embeddable":true,"href":"https:\/\/catolicanet.net\/wp-cnet\/wp-json\/wp\/v2\/categories?post=91739"},{"taxonomy":"post_tag","embeddable":true,"href":"https:\/\/catolicanet.net\/wp-cnet\/wp-json\/wp\/v2\/tags?post=91739"}],"curies":[{"name":"wp","href":"https:\/\/api.w.org\/{rel}","templated":true}]}}