{"id":91679,"date":"2024-11-28T14:49:53","date_gmt":"2024-11-28T17:49:53","guid":{"rendered":"https:\/\/catolicanet.net\/wp-cnet\/?p=91679"},"modified":"2024-11-29T14:50:44","modified_gmt":"2024-11-29T17:50:44","slug":"deus-vem","status":"publish","type":"post","link":"https:\/\/catolicanet.net\/wp-cnet\/deus-vem\/","title":{"rendered":"Deus vem!"},"content":{"rendered":"<p style=\"text-align: justify;\">\u00a0\u00a0\u00a0\u00a0\u00a0\u00a0\u00a0\u00a0\u00a0\u00a0\u00a0 Com o primeiro domingo do Advento iniciamos um novo Ano Lit\u00fargico, o tempo prop\u00edcio de prepara\u00e7\u00e3o para o Natal. O Conc\u00edlio Vaticano II, na Constitui\u00e7\u00e3o Sacrosanctum Concilium, afirma que a Igreja \u201cno decorrer do ano, exp\u00f5e todo mist\u00e9rio de Cristo, desde a Encarna\u00e7\u00e3o e a Natividade at\u00e9 a Ascen\u00e7\u00e3o, o dia de Pentecostes e a expectativa da feliz esperan\u00e7a da sua volta gloriosa\u201d (102). O Conc\u00edlio insiste afirmando que Cristo \u00e9 o centro da liturgia, como sol ao redor do qual giram, a bem-aventura Virgem Maria, os m\u00e1rtires, todos os santos que \u201cno c\u00e9u cantam a Deus o perfeito louvor e intercedem por n\u00f3s\u201d (104).<\/p>\n<p style=\"text-align: justify;\">\u00a0\u00a0\u00a0\u00a0\u00a0\u00a0\u00a0\u00a0\u00a0\u00a0\u00a0 No in\u00edcio do Ano Lit\u00fargico a liturgia convida a Igreja a renovar o an\u00fancio a todos os povos com as palavras: Deus vem! Quando falamos da presen\u00e7a de Deus n\u00e3o se usa o passado Deus veio nem o futuro Deus vir\u00e1, mas sim o presente: Deus vem. Trata-se de anunciar a presen\u00e7a cont\u00ednua de Deus. Uma a\u00e7\u00e3o que aconteceu, que acontece e que acontecer\u00e1 pois esta \u00e9 a caracter\u00edstica essencial de Deus.<\/p>\n<p style=\"text-align: justify;\">\u00a0\u00a0\u00a0\u00a0\u00a0\u00a0\u00a0\u00a0\u00a0\u00a0\u00a0 O pref\u00e1cio do Advento reza: \u201cRevestido da nossa fragilidade, ele veio a primeira vez para realizar seu eterno plano de amor e abrir-nos o caminho da salva\u00e7\u00e3o. Revestido de sua gl\u00f3ria, ele vir\u00e1 uma segunda vez, para conceder-nos em plenitude os dons prometidos que hoje vigilantes esperamos\u201d. Entre a primeira vinda e a segunda est\u00e1 o tempo presente, o nosso tempo a ser vivido de forma vigilante como exortam os textos b\u00edblicos da liturgia dominical. \u201cFicai atentos e orai a todo momento\u201d. (Jeremias 33,14-16, Salmo 24, I Tessalonicenses 3,12.4-2 e Lucas 21,25-28.34-36). A liturgia do Advento nos primeiros dias acentua a \u00faltima vinda de Cristo e nos dias mais pr\u00f3ximos do Natal recorda o acontecimento de Bel\u00e9m, convidando a viver o presente.<\/p>\n<p style=\"text-align: justify;\">\u00a0\u00a0\u00a0\u00a0\u00a0\u00a0\u00a0\u00a0\u00a0\u00a0\u00a0 Junto com as ora\u00e7\u00f5es das celebra\u00e7\u00f5es lit\u00fargicas a Igreja convida a humanidade ir ao encontro do \u201cDeus que vem\u201d com as boas obras. Elas s\u00e3o essenciais e insepar\u00e1veis da ora\u00e7\u00e3o. Recorda a ora\u00e7\u00e3o da coleta do 1\u00ba domingo do Advento: \u201cconcedei aos vossos fi\u00e9is o ardente desejo de acorrer com as boas obras ao encontro do vosso Cristo que vem, para que, colocados \u00e0 sua direita, mere\u00e7am possuir o reino celeste\u201d. O Advento \u00e9 um tempo adequado a ser vivido em comunh\u00e3o com todas os que esperam um mundo mais justo e mais fraterno. O nome do Messias, segundo a profecia de Jeremias, \u00e9: \u201cO Senhor \u00e9 a nossa justi\u00e7a\u201d. Nesta busca encontram-se homens de todas as nacionalidades e culturas, crist\u00e3os e n\u00e3o crist\u00e3os, crentes e n\u00e3o-crentes. Todos tendo em vista o bem comum, embora com diferentes motiva\u00e7\u00f5es, desejam um futuro de justi\u00e7a e paz.<\/p>\n<p style=\"text-align: justify;\">\u00a0\u00a0\u00a0\u00a0\u00a0\u00a0\u00a0\u00a0\u00a0\u00a0\u00a0 O caminho do Advento fala de esperan\u00e7a fundamentada em Jesus Cristo. Na hist\u00f3ria da humanidade tantos projetos que se apresentaram como solu\u00e7\u00e3o definitiva dos problemas humanos desmoronaram. Por isso, olha-se o futuro com desconfian\u00e7a, com medo e, por vezes, com pessimismo. Precisamos de uma esperan\u00e7a confi\u00e1vel, que s\u00f3 se pode encontrar em Jesus Cristo. A carta aos Hebreus afirma que ele \u201c\u00e9 o mesmo ontem, hoje e sempre\u201d. Ele abra\u00e7a todas as dimens\u00f5es do tempo, porque morreu e ressuscitou, enquanto partilha a nossa precariedade humana. Jesus Cristo n\u00e3o diz respeito somente aos crist\u00e3os, mas a todos os homens, porque ele \u00e9 o centro da f\u00e9 e o fundamento da esperan\u00e7a.<\/p>\n<p style=\"text-align: justify;\">\u00a0\u00a0\u00a0\u00a0\u00a0\u00a0\u00a0\u00a0\u00a0\u00a0\u00a0 Somos convidados a viver intensamente o tempo presente, n\u00e3o somente como tempo marcado pelas horas, dias e anos, mas como uma ocasi\u00e3o favor\u00e1vel da nossa salva\u00e7\u00e3o, dando um sentido que preenche os vazios. Advento \u00e9 tempo de espera e de esperan\u00e7a eterna. \u00c9 tempo de alegria, de um j\u00fabilo interior. O que alegra \u00e9 o Deus que vem, aquele que se fez Menino.<\/p>\n","protected":false},"excerpt":{"rendered":"<p>\u00a0\u00a0\u00a0\u00a0\u00a0\u00a0\u00a0\u00a0\u00a0\u00a0\u00a0 Com o primeiro domingo do Advento iniciamos um novo Ano Lit\u00fargico, o tempo prop\u00edcio de prepara\u00e7\u00e3o para o Natal. O Conc\u00edlio Vaticano II, na Constitui\u00e7\u00e3o Sacrosanctum Concilium, afirma que a Igreja \u201cno decorrer do ano, exp\u00f5e todo mist\u00e9rio de Cristo, desde a Encarna\u00e7\u00e3o e a Natividade at\u00e9 a Ascen\u00e7\u00e3o, o dia de Pentecostes e [&hellip;]<\/p>\n","protected":false},"author":18,"featured_media":55821,"comment_status":"open","ping_status":"closed","sticky":false,"template":"","format":"standard","meta":{"footnotes":""},"categories":[9],"tags":[],"class_list":["post-91679","post","type-post","status-publish","format-standard","has-post-thumbnail","hentry","category-artigos"],"_links":{"self":[{"href":"https:\/\/catolicanet.net\/wp-cnet\/wp-json\/wp\/v2\/posts\/91679","targetHints":{"allow":["GET"]}}],"collection":[{"href":"https:\/\/catolicanet.net\/wp-cnet\/wp-json\/wp\/v2\/posts"}],"about":[{"href":"https:\/\/catolicanet.net\/wp-cnet\/wp-json\/wp\/v2\/types\/post"}],"author":[{"embeddable":true,"href":"https:\/\/catolicanet.net\/wp-cnet\/wp-json\/wp\/v2\/users\/18"}],"replies":[{"embeddable":true,"href":"https:\/\/catolicanet.net\/wp-cnet\/wp-json\/wp\/v2\/comments?post=91679"}],"version-history":[{"count":1,"href":"https:\/\/catolicanet.net\/wp-cnet\/wp-json\/wp\/v2\/posts\/91679\/revisions"}],"predecessor-version":[{"id":91681,"href":"https:\/\/catolicanet.net\/wp-cnet\/wp-json\/wp\/v2\/posts\/91679\/revisions\/91681"}],"wp:featuredmedia":[{"embeddable":true,"href":"https:\/\/catolicanet.net\/wp-cnet\/wp-json\/wp\/v2\/media\/55821"}],"wp:attachment":[{"href":"https:\/\/catolicanet.net\/wp-cnet\/wp-json\/wp\/v2\/media?parent=91679"}],"wp:term":[{"taxonomy":"category","embeddable":true,"href":"https:\/\/catolicanet.net\/wp-cnet\/wp-json\/wp\/v2\/categories?post=91679"},{"taxonomy":"post_tag","embeddable":true,"href":"https:\/\/catolicanet.net\/wp-cnet\/wp-json\/wp\/v2\/tags?post=91679"}],"curies":[{"name":"wp","href":"https:\/\/api.w.org\/{rel}","templated":true}]}}