{"id":91620,"date":"2024-11-27T11:34:07","date_gmt":"2024-11-27T14:34:07","guid":{"rendered":"https:\/\/catolicanet.net\/wp-cnet\/?p=91620"},"modified":"2024-11-27T11:35:08","modified_gmt":"2024-11-27T14:35:08","slug":"educacao-midiatica-e-inteligencia-artificial","status":"publish","type":"post","link":"https:\/\/catolicanet.net\/wp-cnet\/educacao-midiatica-e-inteligencia-artificial\/","title":{"rendered":"Educa\u00e7\u00e3o midi\u00e1tica e intelig\u00eancia artificial"},"content":{"rendered":"<p style=\"text-align: justify;\">A intelig\u00eancia artificial (IA) \u00e9 uma cria\u00e7\u00e3o de v\u00e1rios especialistas e pesquisadores, e n\u00e3o pode ser atribu\u00edda a uma \u00fanica pessoa. No entanto, alguns nomes foram essenciais para o seu desenvolvimento, como: John McCarthy, criou o termo &#8220;intelig\u00eancia artificial&#8221; em 1956 e desenvolveu a linguagem de programa\u00e7\u00e3o LISP. Warren McCulloch e Walter Pitts, criaram o primeiro modelo computacional para redes neurais em 1943.\u00a0Alan Turing, \u00e9 considerado o &#8220;Pai da Intelig\u00eancia Artificial&#8221;, seus estudos foram base para a IA e para quase todos os aparelhos eletr\u00f4nicos.<\/p>\n<p style=\"text-align: justify;\">As intelig\u00eancias artificiais que encontramos no cotidiano sem d\u00favida facilitam o nosso dia a dia e trazem in\u00fameras vantagens, mas tamb\u00e9m apresentam riscos. Vamos descobrir como as IAs j\u00e1 fazem parte do nosso cotidiano h\u00e1 bastante tempo, entender onde est\u00e3o presentes e como atuam, e refletir sobre seus riscos e benef\u00edcios.<\/p>\n<p style=\"text-align: justify;\">A educa\u00e7\u00e3o midi\u00e1tica demanda uma postura de aprendizagem cont\u00ednua, observando sempre as transforma\u00e7\u00f5es sociais e tecnol\u00f3gicas que afetam o acesso \u00e0s informa\u00e7\u00f5es e a possibilidade do seu uso qualificado. Na configura\u00e7\u00e3o em prol da educa\u00e7\u00e3o midi\u00e1tica e intelig\u00eancia artificial para educadores e estudantes, com foco em como as IAs impactam os fluxos informacionais, os direitos e a democracia.<\/p>\n<p style=\"text-align: justify;\">Sistemas operados por intelig\u00eancia artificial est\u00e3o cada vez mais presentes no nosso dia a dia. Plataformas que recomendam m\u00fasicas ou filmes, assistentes virtuais e aplicativos que nos ajudam a trabalhar e gerar novos conte\u00fados s\u00e3o exemplos de aplica\u00e7\u00f5es que se valem da extra\u00e7\u00e3o e an\u00e1lise de dados em grande escala para facilitar nosso cotidiano. Mas esses sistemas tamb\u00e9m s\u00e3o usados por governos e empresas de maneiras que podem afetar nosso acesso a direitos, informa\u00e7\u00f5es, servi\u00e7os ou at\u00e9 nossa livre circula\u00e7\u00e3o. Funcionando de forma opaca, podem privilegiar certas vis\u00f5es de mundo ou amplificar desigualdades. Na m\u00e3o de atores mal-intencionados, agravam o problema da desinforma\u00e7\u00e3o. E sua ado\u00e7\u00e3o em larga escala suscita quest\u00f5es sobre privacidade, impacto no meio ambiente e responsabilidade social.<\/p>\n<p style=\"text-align: justify;\">A dissemina\u00e7\u00e3o da intelig\u00eancia artificial em tantos campos, inclusive nas m\u00eddias e na comunica\u00e7\u00e3o, exige ampliar o escopo da educa\u00e7\u00e3o midi\u00e1tica, direcionando nosso olhar para essas transforma\u00e7\u00f5es e seus impactos. Interrogar essas din\u00e2micas nos ajuda a fazer uso positivo e fortalecedor das inova\u00e7\u00f5es, ao mesmo tempo em que desvendamos as complexas rela\u00e7\u00f5es entre indiv\u00edduos, m\u00eddias, e os sistemas sociais, econ\u00f4micos e tecnol\u00f3gicos que moldam nosso mundo. Com a educa\u00e7\u00e3o midi\u00e1tica aprendemos a agir de forma \u00e9tica e respons\u00e1vel no ambiente informacional da sociedade, seja qual for a sua express\u00e3o tecnol\u00f3gica, observando os riscos e atuando sempre, no plano individual e no coletivo, para preservar o bem comum e a democracia.<\/p>\n<p style=\"text-align: justify;\">Chamamos de Intelig\u00eancia Artificial a capacidade de um computador de realizar tarefas comumente associadas a seres inteligentes, isto \u00e9, seres que podem se adaptar \u00e0s novas circunst\u00e2ncias. Isso acontece atrav\u00e9s da a\u00e7\u00e3o de algoritmos que permitem \u00e0s m\u00e1quinas analisar dados, aprender a partir deles, e determinar cursos de a\u00e7\u00e3o com base nesse conhecimento. Essa tecnologia possibilita grandes saltos de inova\u00e7\u00e3o em diversos setores: pode facilitar nosso dia a dia, impulsionar descobertas cient\u00edficas, ajudar a fazer diagn\u00f3sticos mais precisos, personalizar o aprendizado ou monitorar mudan\u00e7as no meio ambiente. Toda introdu\u00e7\u00e3o de tecnologia em escala sist\u00eamica, por\u00e9m, tem efeitos ecol\u00f3gicos, ou seja, impacta rela\u00e7\u00f5es culturais, sociais, econ\u00f4micas e de poder em toda a sociedade. Novas tecnologias ressignificam dilemas antigos, como privacidade, anonimato e autoimagem, e apresentam novos, como polui\u00e7\u00e3o informacional1 ou direitos de imagem p\u00f3s-morte; e sua ado\u00e7\u00e3o muitas vezes tem consequ\u00eancias imprevistas.<\/p>\n<p style=\"text-align: justify;\">A educa\u00e7\u00e3o midi\u00e1tica e intelig\u00eancia artificial devem ser executadas em prol do bem-estar da dignidade humana, ou seja, da qualidade de vida, na sua dimens\u00e3o \u00e9tica, integral da sa\u00fade f\u00edsica, emocional, mental, social e espiritual.<\/p>\n<p style=\"text-align: justify;\">Prof. Dr. In\u00e1cio Jos\u00e9 do Vale, Psicanalista Cl\u00ednico, PhD.<\/p>\n<p style=\"text-align: justify;\">Especialista em Psicologia Cl\u00ednica pela Faculdade Dom Alberto-RS.<\/p>\n<p style=\"text-align: justify;\">Especialista no Ensino de Filosofia e Sociologia pelo Centro Universit\u00e1rio Dr. Edmundo Ulson \u2013 Araras-SP.<\/p>\n<p style=\"text-align: justify;\">Doutorado em Psican\u00e1lise Cl\u00ednica pela Escola de Psican\u00e1lise da Sociedade Brasileira de Psican\u00e1lise Contempor\u00e2nea. Rio de Janeiro-RJ. Cadastrada na Organiza\u00e7\u00e3o das Na\u00e7\u00f5es Unidas \u2013 (ONU).<\/p>\n<p style=\"text-align: justify;\"><strong>Autor do livro Terapia Psicanal\u00edtica: Demolindo a Ansiedade, a Depress\u00e3o e a Posse da Sa\u00fade F\u00edsica e Psicol\u00f3gica <\/strong><\/p>\n<p style=\"text-align: justify;\">Fontes<\/p>\n<p style=\"text-align: justify;\"><a href=\"https:\/\/educamidia.org.br\/educacao-midiatica-e-inteligencia-artificial#infografico\">https:\/\/educamidia.org.br\/educacao-midiatica-e-inteligencia-artificial#infografico<\/a><\/p>\n<p style=\"text-align: justify;\">MOSS, Scott H. Critical algorithmic literacy: explorations of algorithmic bias in elementary school. 2023. 188 p. Tese (Doutorado em Educa\u00e7\u00e3o) \u2013 Universidade da Calif\u00f3rnia, Los Angeles, 2023.<\/p>\n<p style=\"text-align: justify;\">UNESCO. Recomenda\u00e7\u00e3o sobre a \u00c9tica da Intelig\u00eancia Artificial. [s.l: s.n.]. Acesso em 23 nov. 2024.<\/p>\n<p style=\"text-align: justify;\">COECKELBERGH, M. \u00c9tica na Intelig\u00eancia Artificial. S\u00e3o Paulo: Ubu Editora, 2024.<\/p>\n","protected":false},"excerpt":{"rendered":"<p>A intelig\u00eancia artificial (IA) \u00e9 uma cria\u00e7\u00e3o de v\u00e1rios especialistas e pesquisadores, e n\u00e3o pode ser atribu\u00edda a uma \u00fanica pessoa. No entanto, alguns nomes foram essenciais para o seu desenvolvimento, como: John McCarthy, criou o termo &#8220;intelig\u00eancia artificial&#8221; em 1956 e desenvolveu a linguagem de programa\u00e7\u00e3o LISP. Warren McCulloch e Walter Pitts, criaram o [&hellip;]<\/p>\n","protected":false},"author":16,"featured_media":55822,"comment_status":"open","ping_status":"closed","sticky":false,"template":"","format":"standard","meta":{"footnotes":""},"categories":[9],"tags":[],"class_list":["post-91620","post","type-post","status-publish","format-standard","has-post-thumbnail","hentry","category-artigos"],"_links":{"self":[{"href":"https:\/\/catolicanet.net\/wp-cnet\/wp-json\/wp\/v2\/posts\/91620","targetHints":{"allow":["GET"]}}],"collection":[{"href":"https:\/\/catolicanet.net\/wp-cnet\/wp-json\/wp\/v2\/posts"}],"about":[{"href":"https:\/\/catolicanet.net\/wp-cnet\/wp-json\/wp\/v2\/types\/post"}],"author":[{"embeddable":true,"href":"https:\/\/catolicanet.net\/wp-cnet\/wp-json\/wp\/v2\/users\/16"}],"replies":[{"embeddable":true,"href":"https:\/\/catolicanet.net\/wp-cnet\/wp-json\/wp\/v2\/comments?post=91620"}],"version-history":[{"count":2,"href":"https:\/\/catolicanet.net\/wp-cnet\/wp-json\/wp\/v2\/posts\/91620\/revisions"}],"predecessor-version":[{"id":91624,"href":"https:\/\/catolicanet.net\/wp-cnet\/wp-json\/wp\/v2\/posts\/91620\/revisions\/91624"}],"wp:featuredmedia":[{"embeddable":true,"href":"https:\/\/catolicanet.net\/wp-cnet\/wp-json\/wp\/v2\/media\/55822"}],"wp:attachment":[{"href":"https:\/\/catolicanet.net\/wp-cnet\/wp-json\/wp\/v2\/media?parent=91620"}],"wp:term":[{"taxonomy":"category","embeddable":true,"href":"https:\/\/catolicanet.net\/wp-cnet\/wp-json\/wp\/v2\/categories?post=91620"},{"taxonomy":"post_tag","embeddable":true,"href":"https:\/\/catolicanet.net\/wp-cnet\/wp-json\/wp\/v2\/tags?post=91620"}],"curies":[{"name":"wp","href":"https:\/\/api.w.org\/{rel}","templated":true}]}}