{"id":91441,"date":"2024-11-19T09:27:06","date_gmt":"2024-11-19T12:27:06","guid":{"rendered":"https:\/\/catolicanet.net\/wp-cnet\/?p=91441"},"modified":"2024-11-19T14:37:47","modified_gmt":"2024-11-19T17:37:47","slug":"ucrania-no-milesimo-dia-de-guerra-papa-pede-fim-da-loucura-da-violencia","status":"publish","type":"post","link":"https:\/\/catolicanet.net\/wp-cnet\/ucrania-no-milesimo-dia-de-guerra-papa-pede-fim-da-loucura-da-violencia\/","title":{"rendered":"Ucr\u00e2nia: no mil\u00e9simo dia de guerra, Papa pede fim da loucura da viol\u00eancia"},"content":{"rendered":"<figure class=\"article__image\" style=\"text-align: justify;\"><span class=\"didascalia_img\">Psic\u00f3logo de emerg\u00eancia auxilia moradora que chora ao lado de sua casa danificada por ataque de m\u00edssil russo em Odessa, Ucr\u00e2nia, em 17 de novembro de 2024. \u00a0<\/span><\/figure>\n<div class=\"article__meta \" data-mediatype=\"\">\n<div class=\"article__subTitle\" style=\"text-align: justify;\">Em uma postagem na conta @Pontifex no &#8220;X&#8221; quando a guerra no leste europeu chega ao mil\u00e9simo dia, Francisco pede para rezar pela popula\u00e7\u00e3o ucraniana e reitera, mais uma vez, que \u201ca guerra \u00e9 sempre uma derrota\u201d<\/div>\n<div class=\"title__separator\" style=\"text-align: justify;\"><\/div>\n<div class=\"article__text\">\n<p style=\"text-align: justify;\"><b>Salvatore Cernuzio \u2013 Cidade do Vaticano<\/b><\/p>\n<p style=\"text-align: justify;\">Mil dias de guerra na Ucr\u00e2nia, quase 200 apelos lan\u00e7ados por uma terra por ele definida em diversas ocasi\u00f5es como \u201cmartirizada\u201d. N\u00e3o um cansativo ep\u00edteto, mas a preocupa\u00e7\u00e3o constante para que o mundo n\u00e3o desvie o olhar diante do supl\u00edcio a que foi submetido o povo ucraniano a partir de 24 de fevereiro de 2022.<\/p>\n<p style=\"text-align: justify;\">A estes apelos, repetidos em cada<i>\u00a0Angelus<\/i>,\u00a0<i>Regina Caeli\u00a0<\/i>ou Audi\u00eancia Geral, Francisco acrescenta outro lan\u00e7ado a partir da janela virtual de sua conta no &#8220;X&#8221; @Pontifex, em nove idiomas, nesta ter\u00e7a-feira, 19 de novembro, dia em que a eclos\u00e3o do conflito atinge o dram\u00e1tico &#8216;marco&#8217; de quase 33 meses. Mil dias desde aquelas 5 da manh\u00e3, de dois anos atr\u00e1s, quando o primeiro m\u00edssil russo atingiu Kiev.<\/p>\n<p style=\"text-align: justify;\"><i>\u201cA guerra \u00e9 sempre uma derrota. Pe\u00e7o mais uma vez que se ponha fim \u00e0 loucura da viol\u00eancia e de um comprometimento por uma paz justa e duradoura. Rezemos pela popula\u00e7\u00e3o ucraniana.\u201d<\/i><\/p>\n<h2 style=\"text-align: justify;\">O agravamento do conflito<\/h2>\n<p style=\"text-align: justify;\">Em 219 caracteres, o Papa apela, portanto, a um compromisso diplom\u00e1tico e pol\u00edtico face ao recrudescimento do conflito. Depois de mil dias, de fato, se recome\u00e7a, de fato, a partir dos m\u00edsseis: aqueles bal\u00edsticos russos, mais de 200, que destru\u00edram infra-estruturas e mataram civis, incluindo menores, nas \u00faltimas horas, e aqueles ucranianos fornecidos pelos Estados Unidos e que dirigiram-se para o interior da R\u00fassia, ap\u00f3s a autoriza\u00e7\u00e3o de domingo do presidente dos EUA, Joe Biden,que deixar\u00e1 o cargo dentro de poucas semanas.<\/p>\n<h2 style=\"text-align: justify;\">Convite \u00e0 ora\u00e7\u00e3o<\/h2>\n<p style=\"text-align: justify;\">Em face de perspectivas catastr\u00f3ficas o Papa, por meio da plataforma X, chama em causa tamb\u00e9m os fi\u00e9is de todas as latitudes, exortados a um compromisso espiritual, a ora\u00e7\u00e3o. A mesma que ele \u2013 como sempre afirmou publicamente \u2013 assegura diariamente no sil\u00eancio do seu quarto, onde preserva cruzes, imagens e outros s\u00edmbolos que representam estes territ\u00f3rios feridos.<\/p>\n<h2 style=\"text-align: justify;\">Negocia\u00e7\u00f5es honestas, compromissos honrosos<\/h2>\n<p style=\"text-align: justify;\">No imediatismo de uma postagem, o Papa volta a reiterar a necessidade de um compromisso por uma paz \u201cjusta e duradoura\u201d que, como disse em muitos discursos \u2013 tamb\u00e9m durante as suas Viagens Apost\u00f3licas \u2013 implica a coragem da negocia\u00e7\u00e3o como um exerc\u00edcio de sabedoria, bem como \u201c const\u00e2ncia e paci\u00eancia em negocia\u00e7\u00f5es honestas&#8221;, para impedir a preval\u00eancia de interesses de parte, tutelar as leg\u00edtimas aspira\u00e7\u00f5es de cada um e levar a &#8220;identificar &#8211; como disse \u00e0s autoridades luxemburguesas &#8211; compromissos honrosos, que n\u00e3o prejudicam nada e que, pelo contr\u00e1rio, possam construir para todos a seguran\u00e7a e a paz&#8221;. Com um \u00fanico objetivo: fazer cessar a \u201cloucura\u201d da guerra.<\/p>\n<\/div>\n<\/div>\n","protected":false},"excerpt":{"rendered":"<p>Psic\u00f3logo de emerg\u00eancia auxilia moradora que chora ao lado de sua casa danificada por ataque de m\u00edssil russo em Odessa, Ucr\u00e2nia, em 17 de novembro de 2024. \u00a0 Em uma postagem na conta @Pontifex no &#8220;X&#8221; quando a guerra no leste europeu chega ao mil\u00e9simo dia, Francisco pede para rezar pela popula\u00e7\u00e3o ucraniana e reitera, [&hellip;]<\/p>\n","protected":false},"author":1,"featured_media":91442,"comment_status":"open","ping_status":"closed","sticky":false,"template":"","format":"standard","meta":{"footnotes":""},"categories":[3],"tags":[],"class_list":["post-91441","post","type-post","status-publish","format-standard","has-post-thumbnail","hentry","category-vaticano"],"_links":{"self":[{"href":"https:\/\/catolicanet.net\/wp-cnet\/wp-json\/wp\/v2\/posts\/91441","targetHints":{"allow":["GET"]}}],"collection":[{"href":"https:\/\/catolicanet.net\/wp-cnet\/wp-json\/wp\/v2\/posts"}],"about":[{"href":"https:\/\/catolicanet.net\/wp-cnet\/wp-json\/wp\/v2\/types\/post"}],"author":[{"embeddable":true,"href":"https:\/\/catolicanet.net\/wp-cnet\/wp-json\/wp\/v2\/users\/1"}],"replies":[{"embeddable":true,"href":"https:\/\/catolicanet.net\/wp-cnet\/wp-json\/wp\/v2\/comments?post=91441"}],"version-history":[{"count":1,"href":"https:\/\/catolicanet.net\/wp-cnet\/wp-json\/wp\/v2\/posts\/91441\/revisions"}],"predecessor-version":[{"id":91444,"href":"https:\/\/catolicanet.net\/wp-cnet\/wp-json\/wp\/v2\/posts\/91441\/revisions\/91444"}],"wp:featuredmedia":[{"embeddable":true,"href":"https:\/\/catolicanet.net\/wp-cnet\/wp-json\/wp\/v2\/media\/91442"}],"wp:attachment":[{"href":"https:\/\/catolicanet.net\/wp-cnet\/wp-json\/wp\/v2\/media?parent=91441"}],"wp:term":[{"taxonomy":"category","embeddable":true,"href":"https:\/\/catolicanet.net\/wp-cnet\/wp-json\/wp\/v2\/categories?post=91441"},{"taxonomy":"post_tag","embeddable":true,"href":"https:\/\/catolicanet.net\/wp-cnet\/wp-json\/wp\/v2\/tags?post=91441"}],"curies":[{"name":"wp","href":"https:\/\/api.w.org\/{rel}","templated":true}]}}