{"id":91437,"date":"2024-11-19T09:23:58","date_gmt":"2024-11-19T12:23:58","guid":{"rendered":"https:\/\/catolicanet.net\/wp-cnet\/?p=91437"},"modified":"2024-11-19T14:25:59","modified_gmt":"2024-11-19T17:25:59","slug":"papa-escreve-ao-nuncio-na-ucrania-sobre-esta-tragedia-a-ultima-palavra-sera-de-deus","status":"publish","type":"post","link":"https:\/\/catolicanet.net\/wp-cnet\/papa-escreve-ao-nuncio-na-ucrania-sobre-esta-tragedia-a-ultima-palavra-sera-de-deus\/","title":{"rendered":"Papa escreve ao n\u00fancio na Ucr\u00e2nia: sobre esta trag\u00e9dia, a \u00faltima palavra ser\u00e1 de Deus"},"content":{"rendered":"<div class=\"article__subTitle\" style=\"text-align: justify;\">Francisco envia uma carta ao arcebispo Kulbokas por ocasi\u00e3o dos mil dias desde o in\u00edcio do conflito no pa\u00eds do Leste Europeu, agradecendo-lhe por ter \u201cpermanecido ao lado\u201d da popula\u00e7\u00e3o durante este longo per\u00edodo de sofrimento. O Pont\u00edfice reza a Deus para que \u201cconverta os cora\u00e7\u00f5es e os torne capazes de iniciar caminhos de di\u00e1logo, reconcilia\u00e7\u00e3o e harmonia\u201d, e manifesta o desejo de que a palavra \u201cPaz\u201d ressoe nas fam\u00edlias, lares e pra\u00e7as. Deus, afirma, pedir\u00e1 contas de todas as l\u00e1grimas derramadas<\/div>\n<div class=\"title__separator\" style=\"text-align: justify;\"><\/div>\n<div class=\"article__text\">\n<p style=\"text-align: justify;\"><b>Salvatore Cernuzio \u2013 Cidade do Vaticano<\/b><\/p>\n<p style=\"text-align: justify;\">Um abra\u00e7o para todos os ucranianos, \u201conde quer que estejam\u201d. Uma prece e o sil\u00eancio, como aquele que, todas as manh\u00e3s \u00e0s 9 horas, os habitantes de Kyiv e de outras cidades mant\u00eam para recordar as v\u00edtimas do conflito e os prisioneiros \u201cem condi\u00e7\u00f5es deplor\u00e1veis\u201d. O apelo para que os respons\u00e1veis sejam capazes de iniciar \u201ccaminhos de di\u00e1logo, reconcilia\u00e7\u00e3o e harmonia\u201d. E, por fim, a certeza de que Deus \u201cpermanece ao nosso lado, mesmo quando os esfor\u00e7os humanos parecem infrut\u00edferos e as a\u00e7\u00f5es insuficientes\u201d.<\/p>\n<p style=\"text-align: justify;\">Esses s\u00e3o os sentimentos pessoais expressos pelo Papa em uma carta breve, mas comovente, enviada ao arcebispo Visvaldas Kulbokas, n\u00fancio apost\u00f3lico na Ucr\u00e2nia, para marcar a triste data dos mil dias desde o in\u00edcio da agress\u00e3o militar russa em grande escala. Uma &#8220;tragedia imensa&#8221;, afirma Francisco, sobre a qual a \u00faltima palavra ser\u00e1 de Deus.<\/p>\n<h2 style=\"text-align: justify;\">Que os cora\u00e7\u00f5es sejam convertidos<\/h2>\n<p style=\"text-align: justify;\">As palavras enviadas pelo Papa ao seu representante na Ucr\u00e2nia, frequentemente descrita como \u201cmartirizada\u201d e agora tamb\u00e9m chamada de \u201camada\u201d, n\u00e3o s\u00e3o meras express\u00f5es de solidariedade. Elas representam \u2013 como o pr\u00f3prio Santo Padre escreve \u2013 uma \u201cs\u00faplica fervorosa a Deus, \u00fanica fonte de vida, esperan\u00e7a e sabedoria, para que converta os cora\u00e7\u00f5es e os torne capazes de iniciar caminhos de di\u00e1logo, reconcilia\u00e7\u00e3o e harmonia\u201d.<\/p>\n<h2 style=\"text-align: justify;\">Que a palavra \u201cPAZ\u201d ressoe em todos os lugares<\/h2>\n<p style=\"text-align: justify;\">O Papa dirige-se a todos os ucranianos e reconhece que \u201cnenhuma palavra humana \u00e9 capaz de proteger suas vidas dos bombardeios di\u00e1rios, nem consolar aqueles que choram os mortos, nem curar os feridos, nem trazer de volta as crian\u00e7as, nem libertar os prisioneiros, nem mitigar os efeitos severos do inverno, nem restaurar a justi\u00e7a e a paz\u201d. Contudo, isso n\u00e3o apaga a esperan\u00e7a de que a palavra \u201cPAZ\u201d \u2013 escrita em letras mai\u00fasculas na carta para enfatizar a for\u00e7a desse desejo \u2013 \u201cinfelizmente esquecida pelo mundo de hoje\u201d, possa voltar a \u201cressoar nas fam\u00edlias, nos lares e nas pra\u00e7as da querida Ucr\u00e2nia\u201d. \u201cInfelizmente, pelo menos por enquanto, n\u00e3o \u00e9 assim!\u201d, observa o Pont\u00edfice.<\/p>\n<h2 style=\"text-align: justify;\">Unido \u00e0 ora\u00e7\u00e3o dos ucranianos<\/h2>\n<p style=\"text-align: justify;\">O Papa garante que se une \u00e0 ora\u00e7\u00e3o daqueles que \u201ctodas as manh\u00e3s, \u00e0s 9 horas, com um \u2018minuto de sil\u00eancio nacional\u2019, os ucranianos recordam com dor as numerosas v\u00edtimas do conflito \u2013 crian\u00e7as e adultos, civis e militares \u2013 assim como os prisioneiros, que frequentemente se encontram em condi\u00e7\u00f5es deplor\u00e1veis\u201d. \u201cUno-me a eles para que o clamor que sobe aos C\u00e9us, de onde vem o aux\u00edlio, seja mais forte: O meu aux\u00edlio vem do Senhor, que fez o c\u00e9u e a terra\u201d, declara Francisco.<\/p>\n<div style=\"text-align: justify;\">\n<aside class=\"article__readmore inEvidence\">\n<div class=\"teaser--labelEvidence teaser teaser--type-audio audioInside teaser2x1--inEvidence\">\n<article>\n<div class=\"teaser__contentWrapper\">\n<div class=\"teaser__text\">Entrevista com o cardeal Secret\u00e1rio de Estado no mil\u00e9simo dia do in\u00edcio da agress\u00e3o militar contra a Ucr\u00e2nia.<\/div>\n<\/div>\n<\/article>\n<\/div>\n<\/aside>\n<\/div>\n<h2 style=\"text-align: justify;\">L\u00e1grimas das quais Deus pedir\u00e1 contas<\/h2>\n<p style=\"text-align: justify;\">A carta termina com uma ora\u00e7\u00e3o a Deus para que, \u201cenquanto recolhe todas as l\u00e1grimas derramadas\u201d \u2013 das quais \u201cpedir\u00e1 contas\u201d \u2013, Ele possa consolar os cora\u00e7\u00f5es e fortalecer a esperan\u00e7a de Sua presen\u00e7a: \u201cSer\u00e1 Deus \u2013 \u00e9 a palavra final do Papa Francisco \u2013 quem pronunciar\u00e1 a \u00faltima palavra sobre esta imensa trag\u00e9dia\u201d.<\/p>\n<p style=\"text-align: justify;\">O Pont\u00edfice encerra com uma b\u00ean\u00e7\u00e3o para \u201ctodo o povo ucraniano, a come\u00e7ar pelos bispos e sacerdotes, com os quais voc\u00ea, caro irm\u00e3o \u2013 escreve a Kulbokas \u2013 permaneceu ao lado dos filhos e filhas dessa na\u00e7\u00e3o ao longo de todos esses mil dias de sofrimento\u201d.<\/p>\n<\/div>\n","protected":false},"excerpt":{"rendered":"<p>Francisco envia uma carta ao arcebispo Kulbokas por ocasi\u00e3o dos mil dias desde o in\u00edcio do conflito no pa\u00eds do Leste Europeu, agradecendo-lhe por ter \u201cpermanecido ao lado\u201d da popula\u00e7\u00e3o durante este longo per\u00edodo de sofrimento. O Pont\u00edfice reza a Deus para que \u201cconverta os cora\u00e7\u00f5es e os torne capazes de iniciar caminhos de di\u00e1logo, [&hellip;]<\/p>\n","protected":false},"author":1,"featured_media":91438,"comment_status":"open","ping_status":"closed","sticky":false,"template":"","format":"standard","meta":{"footnotes":""},"categories":[13,3],"tags":[],"class_list":["post-91437","post","type-post","status-publish","format-standard","has-post-thumbnail","hentry","category-featured","category-vaticano"],"_links":{"self":[{"href":"https:\/\/catolicanet.net\/wp-cnet\/wp-json\/wp\/v2\/posts\/91437","targetHints":{"allow":["GET"]}}],"collection":[{"href":"https:\/\/catolicanet.net\/wp-cnet\/wp-json\/wp\/v2\/posts"}],"about":[{"href":"https:\/\/catolicanet.net\/wp-cnet\/wp-json\/wp\/v2\/types\/post"}],"author":[{"embeddable":true,"href":"https:\/\/catolicanet.net\/wp-cnet\/wp-json\/wp\/v2\/users\/1"}],"replies":[{"embeddable":true,"href":"https:\/\/catolicanet.net\/wp-cnet\/wp-json\/wp\/v2\/comments?post=91437"}],"version-history":[{"count":1,"href":"https:\/\/catolicanet.net\/wp-cnet\/wp-json\/wp\/v2\/posts\/91437\/revisions"}],"predecessor-version":[{"id":91440,"href":"https:\/\/catolicanet.net\/wp-cnet\/wp-json\/wp\/v2\/posts\/91437\/revisions\/91440"}],"wp:featuredmedia":[{"embeddable":true,"href":"https:\/\/catolicanet.net\/wp-cnet\/wp-json\/wp\/v2\/media\/91438"}],"wp:attachment":[{"href":"https:\/\/catolicanet.net\/wp-cnet\/wp-json\/wp\/v2\/media?parent=91437"}],"wp:term":[{"taxonomy":"category","embeddable":true,"href":"https:\/\/catolicanet.net\/wp-cnet\/wp-json\/wp\/v2\/categories?post=91437"},{"taxonomy":"post_tag","embeddable":true,"href":"https:\/\/catolicanet.net\/wp-cnet\/wp-json\/wp\/v2\/tags?post=91437"}],"curies":[{"name":"wp","href":"https:\/\/api.w.org\/{rel}","templated":true}]}}