{"id":91424,"date":"2024-11-17T09:11:14","date_gmt":"2024-11-17T12:11:14","guid":{"rendered":"https:\/\/catolicanet.net\/wp-cnet\/?p=91424"},"modified":"2024-11-18T17:12:07","modified_gmt":"2024-11-18T20:12:07","slug":"33-domingo-do-tempo-comum-2","status":"publish","type":"post","link":"https:\/\/catolicanet.net\/wp-cnet\/33-domingo-do-tempo-comum-2\/","title":{"rendered":"33\u00b0 Domingo do Tempo Comum"},"content":{"rendered":"<p style=\"text-align: center;\">\u201c<em>Guardai-me, \u00f3 Deus, porque em v\u00f3s me refugio\u201d! (Sl 15\/16)<\/em><\/p>\n<p style=\"text-align: justify;\">Celebramos o pen\u00faltimo domingo do ano lit\u00fargico neste final de semana: o Trig\u00e9simo Terceiro desse Tempo Comum, VIII Dia Mundial das Pobres. Na pr\u00f3xima semana com a solenidade de Jesus Cristo Rei do Universo encerraremos este ano lit\u00fargico e no dia 1\u00ba de dezembro iniciaremos o novo ano lit\u00fargico com primeiro domingo do Advento. Conforme j\u00e1 dissemos, o ano lit\u00fargico \u00e9 diferente do ano do civil, e termina entre o pen\u00faltimo e o \u00faltimo domingo de novembro e inicia entre o \u00faltimo domingo de novembro e 1\u00ba de dezembro.<\/p>\n<p style=\"text-align: justify;\">As leituras a partir deste Domingo t\u00eam um car\u00e1ter apocal\u00edptico, ou seja, um olhar para aquilo que poder\u00e1 acontecer no Dia da Parusia, ou seja, no dia da vinda de Nosso Senhor ou fim dos tempos. A liturgia dos final e do in\u00edcio do ano lit\u00fargico tem esse car\u00e1ter de expectativa da segunda vinda do Senhor. Nada que deve nos assustar ou amedrontar, mas \u00e9 algo que ir\u00e1 acontecer, mas n\u00e3o sabemos quando ser\u00e1, qual o dia ou a hora, mas devemos estar sempre vigilantes. Por isso, a primeira leitura da missa de hoje \u00e9 da profecia de Daniel coloca essa perspectiva e no Santo Evangelho Jesus fala o que ir\u00e1 acontecer no grande dia.<\/p>\n<p style=\"text-align: justify;\">A primeira leitura da missa desse Domingo conforme dissemos \u00e9 do livro da profecia de Daniel <em>(Dn 12,1-3), <\/em>Daniel \u00e9 um profeta que nos quer preparar para o encontro com o Senhor e fala do dia do julgamento e o que acontecer\u00e1 com aqueles que praticaram a justi\u00e7a e com aqueles que praticaram a injusti\u00e7a. Os que praticaram a justi\u00e7a ir\u00e3o para o reino eterno ao lado de Deus e quem praticou a injusti\u00e7a ir\u00e1 para a condena\u00e7\u00e3o eterna. E mesmo aqueles que j\u00e1 faleceram e que dorme o sono da morte despertar\u00e3o para o dia do ju\u00edzo final.<\/p>\n<p style=\"text-align: justify;\">O salmo responsorial \u00e9 o <em>15 (16) <\/em>que diz em seu refr\u00e3o: \u201c<em>Guardai-me, \u00f3 Deus, porque em v\u00f3s me refugio\u201d! <\/em>O Senhor deve ser sempre o nosso ref\u00fagio seguro, em nenhum outro encontramos a felicidade e a paz, mas somente N\u2019Ele. Temos que edificar o reino de Deus aqui na terra para contempl\u00e1-lo de maneira plena no c\u00e9u. Ele deve ser o nosso ref\u00fagio aqui na terra e depois no c\u00e9u.<\/p>\n<p style=\"text-align: justify;\">A segunda leitura da missa desse domingo \u00e9 da carta aos Hebreus <em>(Hb 10,11-14.18), <\/em>que tem nos acompanhado j\u00e1 h\u00e1 alguns domingos. Nela, neste domingo, o autor sagrado diz que o sacerdote do templo se apresenta diariamente oferecendo sacrif\u00edcios, mas Cristo, ao contr\u00e1rio, ao morrer na Cruz remiu os pecados de toda a humanidade e sentou-se para sempre a direita de Deus. Jesus est\u00e1 \u00e0 espera de que todos os seus inimigos sejam postos debaixo de seus p\u00e9s. Quando estivermos no c\u00e9u n\u00e3o ser\u00e1 mais necess\u00e1rio oferecer sacrif\u00edcios expia\u00e7\u00e3o dos pecados, porque estaremos diante de Jesus, pois onde existe o perd\u00e3o, n\u00e3o se faz oferenda pelo pecado.<\/p>\n<p style=\"text-align: justify;\">O Evangelho da missa deste domingo \u00e9 de Marcos (<em>Mc 13,24-32), <\/em>nesse trecho do Evangelho de Marcos Jesus fala daquilo que ir\u00e1 acontecer no fim dos tempos, seguindo a linha de racioc\u00ednio da primeira leitura da profecia de Daniel e da liturgia como um todo hoje. \u00c9 claro, que essas coisas n\u00e3o devem nos assustar, mas devem nos deixar em alerta e vigilantes, pois n\u00e3o sabemos qual ser\u00e1 o dia e a hora.<\/p>\n<p style=\"text-align: justify;\">\u00c9 normal conforme vamos nos aproximando no fim do ano lit\u00fargico as leituras terem esse cunho apocal\u00edptico, pois, al\u00e9m do mais estamos nos aproximando do tempo do advento em que nos preparemos para a vinda (veio, vem e vir\u00e1) de Nosso Senhor Jesus Cristo em nossos cora\u00e7\u00f5es. N\u00f3s vivemos a expectativa daquilo que chamamos de \u201cJ\u00e1\u201d e \u201cainda n\u00e3o\u201d, ou seja, edificar o Reino de Deus aqui na terra para depois contempl\u00e1-lo de maneira plena no c\u00e9u.<\/p>\n<p style=\"text-align: justify;\">Durante a celebra\u00e7\u00e3o Eucar\u00edstica rezamos o sacerdote reza a seguinte ora\u00e7\u00e3o ap\u00f3s o Pai Nosso: <em>Livrai-nos de todos os males, \u00f3 Pai, e dai-nos hoje a vossa paz. Ajudados pela vossa miseric\u00f3rdia, sejamos sempre livres do pecado e protegidos de todos os perigos, enquanto, vivendo a esperan\u00e7a, aguardamos a vinda de Cristo Salvador. <\/em>A esperan\u00e7a do crist\u00e3o \u00e9 essa, aguardar a segunda vinda de Cristo, onde acontecer\u00e1 o julgamento final e seremos julgados de acordo com nossas atitudes e que possamos estar ao lado daqueles que praticaram a justi\u00e7a e ser\u00e3o salvos.<\/p>\n<p style=\"text-align: justify;\">Conforme Jesus diz neste domingo no Evangelho, ningu\u00e9m sabe qual ser\u00e1 o dia ou a hora, nem o filho, somente o Pai. Portanto, estejamos em vigil\u00e2ncia e em constante ora\u00e7\u00e3o, para que quando chegar a nossa hora possamos estar entre os escolhidos.<\/p>\n<p style=\"text-align: justify;\">Celebremos com alegria e esperan\u00e7a esse Trig\u00e9simo Terceiro Domingo do Tempo Comum, tendo a certeza de que um dia nos encontraremos com o Senhor e que possamos estar preparados para esse momento. Esse preparo para o encontro com o Senhor pode come\u00e7ar agora, servindo e amando o pr\u00f3ximo, em especial sempre aqueles que mais precisam e s\u00e3o vulner\u00e1veis, de modo especial, neste VIII dia mundial dos pobres. Assim se expressa o Santo Padre: \u201c. Neste ano dedicado \u00e0 ora\u00e7\u00e3o, precisamos de\u00a0<em>fazer nossa a ora\u00e7\u00e3o dos pobres e rezar com eles<\/em>. \u00c9 um desafio que temos de aceitar e uma a\u00e7\u00e3o pastoral que precisa de ser alimentada. Com efeito, \u00aba pior discrimina\u00e7\u00e3o que sofrem os pobres \u00e9 a falta de cuidado espiritual. A imensa maioria dos pobres possui uma especial abertura \u00e0 f\u00e9; tem necessidade de Deus e n\u00e3o podemos deixar de lhe oferecer a sua amizade, a sua b\u00ean\u00e7\u00e3o, a sua Palavra, a celebra\u00e7\u00e3o dos Sacramentos e a proposta dum caminho de crescimento e amadurecimento na f\u00e9. A op\u00e7\u00e3o preferencial pelos pobres deve traduzir-se, principalmente, numa solicitude religiosa privilegiada e priorit\u00e1ria\u00bb\u201d.<\/p>\n","protected":false},"excerpt":{"rendered":"<p>\u201cGuardai-me, \u00f3 Deus, porque em v\u00f3s me refugio\u201d! (Sl 15\/16) Celebramos o pen\u00faltimo domingo do ano lit\u00fargico neste final de semana: o Trig\u00e9simo Terceiro desse Tempo Comum, VIII Dia Mundial das Pobres. Na pr\u00f3xima semana com a solenidade de Jesus Cristo Rei do Universo encerraremos este ano lit\u00fargico e no dia 1\u00ba de dezembro iniciaremos [&hellip;]<\/p>\n","protected":false},"author":5,"featured_media":55819,"comment_status":"open","ping_status":"closed","sticky":false,"template":"","format":"standard","meta":{"footnotes":""},"categories":[9],"tags":[],"class_list":["post-91424","post","type-post","status-publish","format-standard","has-post-thumbnail","hentry","category-artigos"],"_links":{"self":[{"href":"https:\/\/catolicanet.net\/wp-cnet\/wp-json\/wp\/v2\/posts\/91424","targetHints":{"allow":["GET"]}}],"collection":[{"href":"https:\/\/catolicanet.net\/wp-cnet\/wp-json\/wp\/v2\/posts"}],"about":[{"href":"https:\/\/catolicanet.net\/wp-cnet\/wp-json\/wp\/v2\/types\/post"}],"author":[{"embeddable":true,"href":"https:\/\/catolicanet.net\/wp-cnet\/wp-json\/wp\/v2\/users\/5"}],"replies":[{"embeddable":true,"href":"https:\/\/catolicanet.net\/wp-cnet\/wp-json\/wp\/v2\/comments?post=91424"}],"version-history":[{"count":1,"href":"https:\/\/catolicanet.net\/wp-cnet\/wp-json\/wp\/v2\/posts\/91424\/revisions"}],"predecessor-version":[{"id":91426,"href":"https:\/\/catolicanet.net\/wp-cnet\/wp-json\/wp\/v2\/posts\/91424\/revisions\/91426"}],"wp:featuredmedia":[{"embeddable":true,"href":"https:\/\/catolicanet.net\/wp-cnet\/wp-json\/wp\/v2\/media\/55819"}],"wp:attachment":[{"href":"https:\/\/catolicanet.net\/wp-cnet\/wp-json\/wp\/v2\/media?parent=91424"}],"wp:term":[{"taxonomy":"category","embeddable":true,"href":"https:\/\/catolicanet.net\/wp-cnet\/wp-json\/wp\/v2\/categories?post=91424"},{"taxonomy":"post_tag","embeddable":true,"href":"https:\/\/catolicanet.net\/wp-cnet\/wp-json\/wp\/v2\/tags?post=91424"}],"curies":[{"name":"wp","href":"https:\/\/api.w.org\/{rel}","templated":true}]}}