{"id":91408,"date":"2024-11-24T09:02:32","date_gmt":"2024-11-24T12:02:32","guid":{"rendered":"https:\/\/catolicanet.net\/wp-cnet\/?p=91408"},"modified":"2024-11-18T17:03:16","modified_gmt":"2024-11-18T20:03:16","slug":"dia-nacional-do-leigo-2","status":"publish","type":"post","link":"https:\/\/catolicanet.net\/wp-cnet\/dia-nacional-do-leigo-2\/","title":{"rendered":"Dia Nacional do leigo"},"content":{"rendered":"<p style=\"text-align: justify;\">Celebramos no Domingo, dia 24 de novembro, a Solenidade de Cristo Rei do Universo, com essa solenidade encerramos o tempo comum e o ano lit\u00fargico e, ainda, comemoramos tamb\u00e9m o Dia Nacional do Leigo. Os leigos est\u00e3o mais conscientes de sua miss\u00e3o como Igreja, e no interno da comunidade, podem ser ministros extraordin\u00e1rios da Sagrada Comunh\u00e3o, leitores, catequistas, membros da pastoral da sa\u00fade, entre outras pastorais. Com certeza, a Igreja n\u00e3o seguiria adiante sem a presen\u00e7a dos leigos. Muitas vezes os leigos s\u00e3o o \u201cbra\u00e7o direito\u201d do padre e, em nome da Igreja, atuam nas diversas pastorais.<\/p>\n<p style=\"text-align: justify;\">Por\u00e9m os leigos s\u00e3o todos os batizados que, a partir do batismo, s\u00e3o chamados a ser sal na terra e luz no mundo e testemunhar Jesus Cristo onde estiver, e este domingo quer contemplar a presen\u00e7a dos crist\u00e3os leigos no mundo. A partir do batismo passamos a pertencer a Deus e somos incorporados \u00e0 Igreja de Cristo. Num primeiro momento os pais e padrinhos testemunham a f\u00e9 por n\u00f3s e quando j\u00e1 estamos com uma maior maturidade reafirmamos essa f\u00e9 recebida no batismo atrav\u00e9s do sacramento da confirma\u00e7\u00e3o ou crisma no \u00e1pice da Inicia\u00e7\u00e3o \u00e0 Vida Crist\u00e3. Ap\u00f3s receber esse sacramento e confirmar a f\u00e9, \u00e9 poss\u00edvel assumir com um maior compromisso alguma pastoral e testemunhar Jesus Cristo para os outros.<\/p>\n<p style=\"text-align: justify;\">Os leigos s\u00e3o chamados a testemunhar Jesus Cristo n\u00e3o s\u00f3 na comunidade paroquial, mas onde estiverem, ou seja, no trabalho, na escola, faculdade e bairro. Inclusive sendo exemplo para as outras pessoas que n\u00e3o frequentam a Igreja para que comecem a frequentar. A Igreja tem um carinho especial por todos os leigos, por isso, tem o dia dedicados aos leigos, do mesmo modo que tem o dia do padre e dos religiosos e religiosas. Os leigos tamb\u00e9m s\u00e3o lembrados no m\u00eas de agosto, que \u00e9 dedicado as voca\u00e7\u00f5es, no segundo domingo \u00e9 a voca\u00e7\u00e3o \u00e0 fam\u00edlia recordando o dia dos pais, no quarto domingo a reflex\u00e3o da voca\u00e7\u00e3o aos minist\u00e9rios leigos e no \u00faltimo domingo \u00e9 o Dia dos Catequistas.<\/p>\n<p style=\"text-align: justify;\">O Dia Nacional dos Leigos \u00e9 celebrado desde 1991, e a cada ano essa celebra\u00e7\u00e3o vai se aperfei\u00e7oando. A celebra\u00e7\u00e3o \u00e9 uma oportunidade de pedir a Deus que novos leigos se sintam chamados a contribuir com a edifica\u00e7\u00e3o do Reino de Deus. O cat\u00f3lico n\u00e3o deve se contentar em apenas em participar das missas aos Domingos e ir embora, tem que fazer algo a mais, participando em alguma pastoral e aproximando outras pessoas de Deus.<\/p>\n<p style=\"text-align: justify;\">O CNLB (Conselho Nacional do Laicato no Brasil) disponibilizou subs\u00eddio de reflex\u00e3o e celebra\u00e7\u00e3o para os regionais, (arqui)dioceses, par\u00f3quias, movimentos pastorais, associa\u00e7\u00f5es laicais e comunidades assim como todo material visual para download e impress\u00e3o.<\/p>\n<p style=\"text-align: justify;\">Nenhum leigo deve exercer um trabalho na Igreja participando de uma pastoral esperando uma remunera\u00e7\u00e3o ou sal\u00e1rio, o servi\u00e7o ou minist\u00e9rio que exercemos na Igreja \u00e9 para Deus e para o bem da comunidade, e deve ser de forma volunt\u00e1ria, como consequ\u00eancia da sua experi\u00eancia de f\u00e9. Aqueles que s\u00e3o chamados para exercerem algum minist\u00e9rio ou servi\u00e7o na Igreja, n\u00e3o devem se achar melhores do que os outros, muito pelo contr\u00e1rio, devem exercer o minist\u00e9rio ou servi\u00e7o de maneira humilde e agradecendo primeiramente a Deus por terem sido chamados para aquele servi\u00e7o pastoral.<\/p>\n<p style=\"text-align: justify;\">Os leigos que s\u00e3o chamados para os diversos servi\u00e7os pastorais na Igreja, normalmente podem exerc\u00ea-lo por um tempo determinado para depois dar oportunidade de outros participarem, ou na medida que o tempo passar transitar nas demais pastorais nas quais se identifica, para al\u00e9m de dar oportunidade aos outros, ir\u00e1 conhecer novas pastorais. At\u00e9 o sacerdote fica por um tempo determinado na par\u00f3quia e depois \u00e9 destinado para outras, para que na medida que o tempo passa ir\u00e1 conhecendo novas realidades na arquidiocese.<\/p>\n<p style=\"text-align: justify;\">Lembremos sempre, que as coisas passam e n\u00f3s tamb\u00e9m passamos, mas a Igreja e as pastorais permanecem. Meus irm\u00e3os, n\u00e3o queiramos ser \u201cdonos\u201d de uma ou outra determinada pastoral ou at\u00e9 da Igreja, mas estejamos abertos para acolher novas pessoas e abertos para novos projetos e pastorais. Lembremos que prestamos o servi\u00e7o \u00e0 Deus e depois prestaremos contas a Ele de nossos atos.<\/p>\n<p style=\"text-align: justify;\">Os leigos precisam estar em constante forma\u00e7\u00e3o, precisam sempre se atualizar e ler algo sobre a pastoral que exerce. As dioceses sempre promovem forma\u00e7\u00f5es para catequistas, ministros extraordin\u00e1rios da Sagrada Comunh\u00e3o, m\u00fasicos, liturgia, enfim. Do mesmo modo que o padre precisa sempre se atualizar, os leigos tamb\u00e9m precisam, n\u00e3o podem parar no tempo. \u00c9 preciso que os leigos ao assumir uma pastoral saibam que v\u00e3o precisar estar sempre em constante forma\u00e7\u00e3o e se interessar pelas forma\u00e7\u00f5es.<\/p>\n<p style=\"text-align: justify;\">As dioceses oferecem retiro anual para os catequistas e outras pastorais, um momento muito rico, em que todos os leigos devem participar. Os leigos s\u00e3o parte integrante da comunidade, s\u00e3o escolhidos do meio da comunidade para exercerem o sacerd\u00f3cio comum dos fi\u00e9is.<\/p>\n<p style=\"text-align: justify;\">\u00c9 importante que reforcemos agora o pedido que fazemos ao longo do m\u00eas vocacional, pe\u00e7amos ao Senhor mais oper\u00e1rios para a messe, pois a messe \u00e9 grande e os oper\u00e1rios s\u00e3o poucos. Tem muitas par\u00f3quias ou comunidades que n\u00e3o tem leigos engajados para ajudar nas pastorais, rezemos ao Senhor para que tenhamos pessoas dispostas a assumir os trabalhos nas comunidades. Que n\u00e3o faltem catequistas, ministros da Sagrada Comunh\u00e3o, leitores, dentre outros. Rezemos para que a vida da Igreja n\u00e3o pare e a miss\u00e3o dada por Jesus continue.<\/p>\n<p style=\"text-align: justify;\">Estamos vivenciando em todas as Par\u00f3quias da Arquidiocese de S\u00e3o Sebasti\u00e3o do Rio de Janeiro nestes meses de outubro e novembro as Assembleias Sinodais Paroquiais da 2\u00aa Fase do II S\u00ednodo Arquidiocesano. \u00c9 muito importante que todos os agentes de pastoral sejam convidados e possam participar dessas a\u00e7\u00f5es. Como \u00e9 importante ver nossos leigos participando com entusiasmo do II S\u00ednodo Arquidiocesano. Pedimos a Deus que essa 2\u00aa Fase do II S\u00ednodo Arquidiocesano nos ajude a crescer no ardor mission\u00e1rio e a continuar nos renovando por\u00a0meio\u00a0da\u00a0miss\u00e3o. O tema \u00e9 sobre as miss\u00f5es.<\/p>\n<p style=\"text-align: justify;\">Celebremos com alegria a solenidade de Cristo Rei, e o Dia Nacional dos Leigos, tendo a consci\u00eancia de assumir o protagonismo na sociedade e de ajudar aqueles que mais precisam. Que esse dia sirva para que os leigos assumam as pastorais em suas comunidades e possam ajudar na constru\u00e7\u00e3o do Reino de Deus naquela comunidade.<\/p>\n<p style=\"text-align: justify;\">Que o Esp\u00edrito Santo suscite o chamado de Deus no cora\u00e7\u00e3o de muitos fi\u00e9is leigos para que possam se identificar em alguma pastoral e ali serem testemunhas de Jesus Cristo. Que os capacite e os ajude na miss\u00e3o e todos os leigos vivam o seu batismo e assim coloquem em pratica a sua f\u00e9.<\/p>\n","protected":false},"excerpt":{"rendered":"<p>Celebramos no Domingo, dia 24 de novembro, a Solenidade de Cristo Rei do Universo, com essa solenidade encerramos o tempo comum e o ano lit\u00fargico e, ainda, comemoramos tamb\u00e9m o Dia Nacional do Leigo. Os leigos est\u00e3o mais conscientes de sua miss\u00e3o como Igreja, e no interno da comunidade, podem ser ministros extraordin\u00e1rios da Sagrada [&hellip;]<\/p>\n","protected":false},"author":5,"featured_media":55819,"comment_status":"open","ping_status":"closed","sticky":false,"template":"","format":"standard","meta":{"footnotes":""},"categories":[9],"tags":[],"class_list":["post-91408","post","type-post","status-publish","format-standard","has-post-thumbnail","hentry","category-artigos"],"_links":{"self":[{"href":"https:\/\/catolicanet.net\/wp-cnet\/wp-json\/wp\/v2\/posts\/91408","targetHints":{"allow":["GET"]}}],"collection":[{"href":"https:\/\/catolicanet.net\/wp-cnet\/wp-json\/wp\/v2\/posts"}],"about":[{"href":"https:\/\/catolicanet.net\/wp-cnet\/wp-json\/wp\/v2\/types\/post"}],"author":[{"embeddable":true,"href":"https:\/\/catolicanet.net\/wp-cnet\/wp-json\/wp\/v2\/users\/5"}],"replies":[{"embeddable":true,"href":"https:\/\/catolicanet.net\/wp-cnet\/wp-json\/wp\/v2\/comments?post=91408"}],"version-history":[{"count":1,"href":"https:\/\/catolicanet.net\/wp-cnet\/wp-json\/wp\/v2\/posts\/91408\/revisions"}],"predecessor-version":[{"id":91409,"href":"https:\/\/catolicanet.net\/wp-cnet\/wp-json\/wp\/v2\/posts\/91408\/revisions\/91409"}],"wp:featuredmedia":[{"embeddable":true,"href":"https:\/\/catolicanet.net\/wp-cnet\/wp-json\/wp\/v2\/media\/55819"}],"wp:attachment":[{"href":"https:\/\/catolicanet.net\/wp-cnet\/wp-json\/wp\/v2\/media?parent=91408"}],"wp:term":[{"taxonomy":"category","embeddable":true,"href":"https:\/\/catolicanet.net\/wp-cnet\/wp-json\/wp\/v2\/categories?post=91408"},{"taxonomy":"post_tag","embeddable":true,"href":"https:\/\/catolicanet.net\/wp-cnet\/wp-json\/wp\/v2\/tags?post=91408"}],"curies":[{"name":"wp","href":"https:\/\/api.w.org\/{rel}","templated":true}]}}