{"id":91402,"date":"2024-11-17T08:00:39","date_gmt":"2024-11-17T11:00:39","guid":{"rendered":"https:\/\/catolicanet.net\/wp-cnet\/?p=91402"},"modified":"2024-11-18T17:00:45","modified_gmt":"2024-11-18T20:00:45","slug":"vigilancia-e-esperanca-vivendo-a-luz-da-promessa-de-salvacao","status":"publish","type":"post","link":"https:\/\/catolicanet.net\/wp-cnet\/vigilancia-e-esperanca-vivendo-a-luz-da-promessa-de-salvacao\/","title":{"rendered":"\u201cVigil\u00e2ncia e Esperan\u00e7a: Vivendo \u00e0 Luz da Promessa de Salva\u00e7\u00e3o\u201d"},"content":{"rendered":"<p style=\"text-align: justify;\">Amados irm\u00e3os e irm\u00e3s, a liturgia deste pen\u00faltimo domingo do Tempo Comum nos convida a refletir sobre o fim dos tempos, a promessa de salva\u00e7\u00e3o e a vigil\u00e2ncia necess\u00e1ria para vivermos \u00e0 luz da f\u00e9. As leituras de hoje apontam para a plenitude do Reino de Deus, um momento que n\u00e3o deve ser motivo de medo, mas de esperan\u00e7a e prepara\u00e7\u00e3o ativa.<\/p>\n<p style=\"text-align: justify;\">Na primeira leitura, o profeta Daniel nos fala sobre<em> \u201cum tempo de ang\u00fastia como nunca houve\u201d<\/em> (Dn 12,1), mas tamb\u00e9m nos assegura que os que permanecerem fi\u00e9is ser\u00e3o salvos. Daniel apresenta a imagem gloriosa dos <em>\u201cs\u00e1bios que resplandecer\u00e3o como o firmamento\u201d<\/em> (Dn 12,3), mostrando que Deus n\u00e3o abandona aqueles que confiam n\u2019Ele. Este \u00e9 o convite para enxergarmos os desafios do presente com olhos de f\u00e9. Em momentos de dificuldade, nossa esperan\u00e7a deve estar firmada na promessa divina de resgate e gl\u00f3ria eterna. Perguntemo-nos: como temos vivido nossa f\u00e9 em meio \u00e0s tribula\u00e7\u00f5es da vida? Estamos permitindo que a ang\u00fastia nos paralise ou confiamos no Senhor, que nos conduz \u00e0 vit\u00f3ria?<\/p>\n<p style=\"text-align: justify;\">A segunda leitura, da Carta aos Hebreus, nos apresenta Jesus como o \u00fanico sacerdote que, ao oferecer-se como sacrif\u00edcio \u00fanico e perfeito, alcan\u00e7ou a reden\u00e7\u00e3o eterna para todos. <em>\u201cCom uma \u00fanica obla\u00e7\u00e3o, levou \u00e0 perfei\u00e7\u00e3o definitiva os que s\u00e3o santificados\u201d<\/em> (Hb 10,14). Este texto nos lembra que nossa salva\u00e7\u00e3o n\u00e3o depende de m\u00e9ritos humanos, mas da gra\u00e7a que recebemos por meio de Cristo. Ele nos chama a responder a esse dom com gratid\u00e3o e compromisso, vivendo como aut\u00eanticos disc\u00edpulos. E n\u00f3s? Como temos correspondido ao sacrif\u00edcio de Cristo? Somos gratos ou nos acomodamos, esperando que apenas Deus fa\u00e7a tudo por n\u00f3s?<\/p>\n<p style=\"text-align: justify;\">No Evangelho de Marcos, Jesus descreve os sinais do fim dos tempos: <em>\u201cO sol se escurecer\u00e1, a lua perder\u00e1 seu brilho, as estrelas come\u00e7ar\u00e3o a cair do c\u00e9u\u201d<\/em> (Mc 13,24-25). Apesar da linguagem apocal\u00edptica, Ele n\u00e3o nos convida ao p\u00e2nico, mas \u00e0 vigil\u00e2ncia: <em>\u201cNingu\u00e9m sabe o dia nem a hora\u201d<\/em> (Mc 13,32). Essa vigil\u00e2ncia n\u00e3o \u00e9 passiva, mas ativa e esperan\u00e7osa. N\u00e3o sabemos quando ser\u00e1 o fim, mas sabemos que nosso destino est\u00e1 nas m\u00e3os de um Deus amoroso e fiel. Por isso, somos chamados a viver o presente com intensidade, realizando o bem e testemunhando o amor de Deus. Vigil\u00e2ncia significa estar em comunh\u00e3o com Deus, por meio da ora\u00e7\u00e3o e dos sacramentos; praticar o bem, buscando justi\u00e7a, paz e solidariedade no dia a dia; e evangelizar, anunciando o Reino de Deus com nossas palavras e a\u00e7\u00f5es.<\/p>\n<p style=\"text-align: justify;\">Diante dessas reflex\u00f5es, podemos tirar algumas li\u00e7\u00f5es concretas. Primeiro, devemos confiar em Deus, mesmo em tempos dif\u00edceis. A f\u00e9 nos assegura que Ele est\u00e1 no controle e age em favor dos que O amam. Segundo, precisamos viver com prop\u00f3sito. Cada dia \u00e9 uma oportunidade para nos aproximarmos de Deus e ajudarmos nosso pr\u00f3ximo. Por fim, \u00e9 essencial preparar-nos para o encontro com o Senhor. Isso n\u00e3o significa adivinhar o futuro, mas viver de forma a estar prontos para acolh\u00ea-Lo a qualquer momento. Como nos lembra o Salmo de hoje: <em>\u201cV\u00f3s me ensinais vosso caminho para a vida; junto a v\u00f3s, felicidade sem limites\u201d<\/em> (Sl 15,11).<\/p>\n<p style=\"text-align: justify;\">Queridos irm\u00e3os e irm\u00e3s, neste domingo somos chamados a renovar nossa esperan\u00e7a e a reafirmar nossa confian\u00e7a em Cristo, que \u00e9 o Senhor da hist\u00f3ria. Que, ao aproximarmo-nos do final deste ano lit\u00fargico, possamos refletir sobre nossa caminhada e nos empenhar para estar entre aqueles que <em>\u201cbrilhar\u00e3o como as estrelas, para sempre e eternamente\u201d<\/em> (Dn 12,3). Pe\u00e7amos a Maria, nossa M\u00e3e, que nos ajude a viver na vigil\u00e2ncia e na fidelidade, preparando-nos para o dia em que Cristo vir\u00e1 em sua gl\u00f3ria. Am\u00e9m.<\/p>\n<p>&nbsp;<\/p>\n<p style=\"text-align: center;\"><strong>+Anuar Battisti<\/strong><br \/>\n<strong>Arcebispo Em\u00e9rito de Maring\u00e1 (PR)<\/strong><\/p>\n","protected":false},"excerpt":{"rendered":"<p>Amados irm\u00e3os e irm\u00e3s, a liturgia deste pen\u00faltimo domingo do Tempo Comum nos convida a refletir sobre o fim dos tempos, a promessa de salva\u00e7\u00e3o e a vigil\u00e2ncia necess\u00e1ria para vivermos \u00e0 luz da f\u00e9. As leituras de hoje apontam para a plenitude do Reino de Deus, um momento que n\u00e3o deve ser motivo de [&hellip;]<\/p>\n","protected":false},"author":1,"featured_media":55814,"comment_status":"open","ping_status":"closed","sticky":false,"template":"","format":"standard","meta":{"footnotes":""},"categories":[9],"tags":[],"class_list":["post-91402","post","type-post","status-publish","format-standard","has-post-thumbnail","hentry","category-artigos"],"_links":{"self":[{"href":"https:\/\/catolicanet.net\/wp-cnet\/wp-json\/wp\/v2\/posts\/91402","targetHints":{"allow":["GET"]}}],"collection":[{"href":"https:\/\/catolicanet.net\/wp-cnet\/wp-json\/wp\/v2\/posts"}],"about":[{"href":"https:\/\/catolicanet.net\/wp-cnet\/wp-json\/wp\/v2\/types\/post"}],"author":[{"embeddable":true,"href":"https:\/\/catolicanet.net\/wp-cnet\/wp-json\/wp\/v2\/users\/1"}],"replies":[{"embeddable":true,"href":"https:\/\/catolicanet.net\/wp-cnet\/wp-json\/wp\/v2\/comments?post=91402"}],"version-history":[{"count":1,"href":"https:\/\/catolicanet.net\/wp-cnet\/wp-json\/wp\/v2\/posts\/91402\/revisions"}],"predecessor-version":[{"id":91404,"href":"https:\/\/catolicanet.net\/wp-cnet\/wp-json\/wp\/v2\/posts\/91402\/revisions\/91404"}],"wp:featuredmedia":[{"embeddable":true,"href":"https:\/\/catolicanet.net\/wp-cnet\/wp-json\/wp\/v2\/media\/55814"}],"wp:attachment":[{"href":"https:\/\/catolicanet.net\/wp-cnet\/wp-json\/wp\/v2\/media?parent=91402"}],"wp:term":[{"taxonomy":"category","embeddable":true,"href":"https:\/\/catolicanet.net\/wp-cnet\/wp-json\/wp\/v2\/categories?post=91402"},{"taxonomy":"post_tag","embeddable":true,"href":"https:\/\/catolicanet.net\/wp-cnet\/wp-json\/wp\/v2\/tags?post=91402"}],"curies":[{"name":"wp","href":"https:\/\/api.w.org\/{rel}","templated":true}]}}