{"id":91321,"date":"2024-11-14T09:31:47","date_gmt":"2024-11-14T12:31:47","guid":{"rendered":"https:\/\/catolicanet.net\/wp-cnet\/?p=91321"},"modified":"2024-11-14T15:40:53","modified_gmt":"2024-11-14T18:40:53","slug":"papa-francisco-o-martirio-e-fator-de-uniao-entre-todos-os-cristaos","status":"publish","type":"post","link":"https:\/\/catolicanet.net\/wp-cnet\/papa-francisco-o-martirio-e-fator-de-uniao-entre-todos-os-cristaos\/","title":{"rendered":"Papa Francisco: o mart\u00edrio \u00e9 fator de uni\u00e3o entre todos os crist\u00e3os"},"content":{"rendered":"<p>Papa recebe participantes do Congresso &#8220;Mart\u00edrio e doa\u00e7\u00e3o da vida&#8221;<\/p>\n<div class=\"article__subTitle\" style=\"text-align: justify;\">Aos participantes de Congresso promovido pelo Dicast\u00e9rio das Causas dos Santos, o Pont\u00edfice falou das caracter\u00edstica do m\u00e1rtir, &#8220;perfeito disc\u00edpulo de Cristo&#8221;. No mart\u00edrio, afirmou, h\u00e1 igualdade entre as confiss\u00f5es crist\u00e3s.<\/div>\n<div class=\"title__separator\" style=\"text-align: justify;\"><\/div>\n<div class=\"article__text\">\n<p style=\"text-align: justify;\"><b>Vatican News<\/b><\/p>\n<p style=\"text-align: justify;\">O Santo Padre recebeu em audi\u00eancia aos participantes do Congresso \u201cMart\u00edrio e doa\u00e7\u00e3o da vida\u201d, organizado pelo Dicast\u00e9rio das Causas dos Santos.<\/p>\n<div style=\"text-align: justify;\">\n<div class=\"article__embed article__embed--unwrap article__embed--dark\">\n<div class=\"article__innerTitle\">Ou\u00e7a e compartilhe<\/div>\n<\/div>\n<\/div>\n<p style=\"text-align: justify;\">Desde a antiguidade, afirmou o Papa, os fi\u00e9is em Jesus sempre tiveram grande considera\u00e7\u00e3o por quem pagou pessoalmente, com a pr\u00f3pria vida, o seu amor a Cristo e \u00e0 Igreja. Faziam dos sepulcros locais de culto e de ora\u00e7\u00e3o. No mart\u00edrio, se encontram as caracter\u00edsticas do perfeito disc\u00edpulo, que imitou Cristo ao renegar a si mesmo e tomar a pr\u00f3pria cruz e, transformado pela sua caridade, mostrou a todos a pot\u00eancia salv\u00edfica da sua Cruz.<\/p>\n<div style=\"text-align: justify;\">\n<div class=\"article__embed article__embed--border embed_style\">\n<blockquote><p>\u201cVem-me \u00e0 mente o mart\u00edrio daqueles corajosos l\u00edbicos ortodoxos: morreram dizendo &#8216;Jesus&#8217;. &#8216;Mas padre, eram ortodoxos!&#8217; Eram crist\u00e3os. S\u00e3o m\u00e1rtires e a Igreja os venera como pr\u00f3prios m\u00e1rtires. Com o mart\u00edrio h\u00e1 igualdade. O mesmo acontece em Uganda com os m\u00e1rtires anglicanos. S\u00e3o m\u00e1rtires! E a Igreja os toma como m\u00e1rtires.\u201d<\/p><\/blockquote>\n<\/div>\n<\/div>\n<p style=\"text-align: justify;\">Francisco citou ent\u00e3o os tr\u00eas elementos fundamentais do mart\u00edrio, reconhecidos pela Igreja. Primeiro: o m\u00e1rtir \u00e9 um crist\u00e3o que, para n\u00e3o renegar a pr\u00f3pria f\u00e9, sofre conscientemente uma morte violenta e prematura. &#8220;Tamb\u00e9m um crist\u00e3o n\u00e3o batizado, que \u00e9 crist\u00e3o no cora\u00e7\u00e3o, confessa Jesus Cristo no batismo de sangue.&#8221; Segundo: o assassinato \u00e9 perpetrado por um perseguidor movido pelo \u00f3dio contra a f\u00e9 ou a outra virtude a ela relacionada. Terceiro: a v\u00edtima assume uma atitude inesperada de caridade, paci\u00eancia e mansid\u00e3o, a exemplo de Jesus crucificado. O que muda, nas diferentes \u00e9pocas, n\u00e3o \u00e9 o conceito de mart\u00edrio, mas as modalidades concretas com as quais, num determinado contexto hist\u00f3rico, isso acontece.<\/p>\n<p style=\"text-align: justify;\">\u201cTamb\u00e9m hoje, em muitas partes do mundo, existem numerosos m\u00e1rtires que d\u00e3o a pr\u00f3pria vida por Cristo. Em muitos casos, o crist\u00e3o \u00e9 perseguido porque, impulsionado pela sua f\u00e9 em Deus, defende a justi\u00e7a, a verdade, a paz e a dignidade das pessoas\u201d, explicou Francisco.<\/p>\n<p style=\"text-align: justify;\">O Pont\u00edfice citou a Bula de convoca\u00e7\u00e3o do pr\u00f3ximo Jubileu, na qual definiu os m\u00e1rtires como o \u201ctestemunho mais convincente da esperan\u00e7a\u201d. Por isso, pediu que fosse institu\u00edda a &#8220;Comiss\u00e3o dos Novos M\u00e1rtires \u2013 Testemunhas da F\u00e9&#8221; em vista do Ano Santo. Diferentemente das causas do mart\u00edrio, esta Comiss\u00e3o re\u00fane a mem\u00f3ria daqueles que, no \u00e2mbito de outras confiss\u00f5es crist\u00e3s, souberam renunciar \u00e0 vida para n\u00e3o trair o Senhor.<\/p>\n<p style=\"text-align: justify;\">Outra iniciativa citada pelo Papa foi o motu proprio de julho de 2017 (Maiorem hac dilectionem), estabelecendo que o Servo de Deus que ofereceu a pr\u00f3pria vida tenha exercitado pelo menos em grau ordin\u00e1rio as virtudes crist\u00e3s e que, sobretudo ap\u00f3s sua morte, esteja circundado de fama e sinais de santidade para prosseguir com a causa de beatifica\u00e7\u00e3o e canoniza\u00e7\u00e3o.<\/p>\n<p style=\"text-align: justify;\">Quando falta a figura do perseguidor, o tra\u00e7o distintivo da oferta da vida \u00e9 a exist\u00eancia de uma condi\u00e7\u00e3o externa, objetivamente verific\u00e1vel, na qual o disc\u00edpulo de Cristo se coloca livremente e que leva \u00e0 morte. Tamb\u00e9m no extraordin\u00e1rio testemunho deste tipo de santidade, concluiu Francisco, resplende a beleza da vida crist\u00e3, que sabe fazer-se dom sem medida, como Jesus sobre a cruz.<\/p>\n<\/div>\n","protected":false},"excerpt":{"rendered":"<p>Papa recebe participantes do Congresso &#8220;Mart\u00edrio e doa\u00e7\u00e3o da vida&#8221; Aos participantes de Congresso promovido pelo Dicast\u00e9rio das Causas dos Santos, o Pont\u00edfice falou das caracter\u00edstica do m\u00e1rtir, &#8220;perfeito disc\u00edpulo de Cristo&#8221;. No mart\u00edrio, afirmou, h\u00e1 igualdade entre as confiss\u00f5es crist\u00e3s. Vatican News O Santo Padre recebeu em audi\u00eancia aos participantes do Congresso \u201cMart\u00edrio e [&hellip;]<\/p>\n","protected":false},"author":1,"featured_media":91322,"comment_status":"open","ping_status":"closed","sticky":false,"template":"","format":"standard","meta":{"footnotes":""},"categories":[3],"tags":[],"class_list":["post-91321","post","type-post","status-publish","format-standard","has-post-thumbnail","hentry","category-vaticano"],"_links":{"self":[{"href":"https:\/\/catolicanet.net\/wp-cnet\/wp-json\/wp\/v2\/posts\/91321","targetHints":{"allow":["GET"]}}],"collection":[{"href":"https:\/\/catolicanet.net\/wp-cnet\/wp-json\/wp\/v2\/posts"}],"about":[{"href":"https:\/\/catolicanet.net\/wp-cnet\/wp-json\/wp\/v2\/types\/post"}],"author":[{"embeddable":true,"href":"https:\/\/catolicanet.net\/wp-cnet\/wp-json\/wp\/v2\/users\/1"}],"replies":[{"embeddable":true,"href":"https:\/\/catolicanet.net\/wp-cnet\/wp-json\/wp\/v2\/comments?post=91321"}],"version-history":[{"count":1,"href":"https:\/\/catolicanet.net\/wp-cnet\/wp-json\/wp\/v2\/posts\/91321\/revisions"}],"predecessor-version":[{"id":91324,"href":"https:\/\/catolicanet.net\/wp-cnet\/wp-json\/wp\/v2\/posts\/91321\/revisions\/91324"}],"wp:featuredmedia":[{"embeddable":true,"href":"https:\/\/catolicanet.net\/wp-cnet\/wp-json\/wp\/v2\/media\/91322"}],"wp:attachment":[{"href":"https:\/\/catolicanet.net\/wp-cnet\/wp-json\/wp\/v2\/media?parent=91321"}],"wp:term":[{"taxonomy":"category","embeddable":true,"href":"https:\/\/catolicanet.net\/wp-cnet\/wp-json\/wp\/v2\/categories?post=91321"},{"taxonomy":"post_tag","embeddable":true,"href":"https:\/\/catolicanet.net\/wp-cnet\/wp-json\/wp\/v2\/tags?post=91321"}],"curies":[{"name":"wp","href":"https:\/\/api.w.org\/{rel}","templated":true}]}}