{"id":91283,"date":"2024-11-12T09:32:06","date_gmt":"2024-11-12T12:32:06","guid":{"rendered":"https:\/\/catolicanet.net\/wp-cnet\/?p=91283"},"modified":"2024-11-12T16:35:12","modified_gmt":"2024-11-12T19:35:12","slug":"o-caminho-sinodal-e-uma-das-prioridades-das-salesianas","status":"publish","type":"post","link":"https:\/\/catolicanet.net\/wp-cnet\/o-caminho-sinodal-e-uma-das-prioridades-das-salesianas\/","title":{"rendered":"O caminho sinodal \u00e9 uma das prioridades das salesianas"},"content":{"rendered":"<figure class=\"article__image\" style=\"text-align: justify;\"><span class=\"didascalia_img\">A sauda\u00e7\u00e3o das religiosas argentinas ao Papa Francisco durante o XXIV Cap\u00edtulo Geral\u00a0<\/span><\/figure>\n<div class=\"article__meta \" data-mediatype=\"\">\n<div class=\"article__subTitle\" style=\"text-align: justify;\">Assumir a sinodalidade mission\u00e1ria como estilo de vida que gera novos modos de participa\u00e7\u00e3o, anima\u00e7\u00e3o e governo \u00e9 uma das tr\u00eas escolhas priorit\u00e1rias do Instituto das Filhas de Maria Auxiliadora tra\u00e7ada em 2021, durante o \u00faltimo Cap\u00edtulo Geral. O per\u00edodo foi de verifica\u00e7\u00e3o, reflex\u00e3o e orienta\u00e7\u00e3o para uma busca comunit\u00e1ria da vontade de Deus para o Instituto.<\/div>\n<div class=\"title__separator\" style=\"text-align: justify;\"><\/div>\n<div class=\"article__text\">\n<p style=\"text-align: justify;\"><b>Irm\u00e3 Ausilia De Siena<\/b><\/p>\n<p style=\"text-align: justify;\">\u00abA sinodalidade para n\u00f3s \u00e9 um elemento carism\u00e1tico pois, como Instituto, somos sinodais desde o nascimento. Entendemos a sinodalidade como um modo de ser e de agir, promovendo a participa\u00e7\u00e3o de todas na miss\u00e3o educativa comum\u00bb, disse ao Vatican News a Madre Chiara Cazzuola, superiora-geral do Instituto das Filhas de Maria Auxiliadora. Ela acrescentou que a \u201csinodalidade\u201d \u00e9 a express\u00e3o da espiritualidade de comunh\u00e3o que tem o seu fundamento na Trindade e se concretiza na comunh\u00e3o entre as irm\u00e3s e os jovens. A originalidade de Maria Domingas Mazzarello, como madre, educadora e cofundadora, consiste no fato de ter colaborado para criar comunidades sinodais, ou seja, comunidades caracterizadas por trabalhar, rezar, viver e partilhar a vida e a miss\u00e3o \u201cjuntas\u201d.<\/p>\n<div style=\"text-align: justify;\">\n<div class=\"article__embed article__embed--unwrap article__embed--photo\">\n<figure><picture><img decoding=\"async\" class=\"loaded\" src=\"https:\/\/www.vaticannews.va\/content\/dam\/vaticannews\/multimedia\/2024\/novembre\/08\/31.jpg\/_jcr_content\/renditions\/cq5dam.thumbnail.cropped.750.422.jpeg\" alt=\"Madre Chiara Cazzuola (primeira \u00e0 esquerda) com as Irm\u00e3s Salesianas \" data-original=\"\/content\/dam\/vaticannews\/multimedia\/2024\/novembre\/08\/31.jpg\/_jcr_content\/renditions\/cq5dam.thumbnail.cropped.750.422.jpeg\" data-was-processed=\"true\" \/><\/picture><\/figure>\n<div class=\"photo_embed--Title\">Madre Chiara Cazzuola (primeira \u00e0 esquerda) com as Irm\u00e3s Salesianas<\/div>\n<\/div>\n<\/div>\n<h2 style=\"text-align: justify;\"><b>A nossa miss\u00e3o entre os jovens<\/b><\/h2>\n<p style=\"text-align: justify;\">Madre Cazzuola sublinha: \u00absomos chamadas a animar e acompanhar, em cont\u00ednuo discernimento, o crescimento vocacional de cada pessoa que nos \u00e9 confiada\u00bb. Nesse sentido, acrescenta, o objetivo priorit\u00e1rio da miss\u00e3o educativa \u00e9 guiar a juventude ao encontro com Jesus de Nazar\u00e9. Os pr\u00f3prios jovens, portanto, tornam-se protagonistas das propostas educativas. Eles pedem-nos para assumir novos estilos e novas estrat\u00e9gias para uma pastoral mais aberta e sinodal em resposta \u00e0s suas expetativas.<\/p>\n<p style=\"text-align: justify;\">\u00abA miss\u00e3o educativa \u00e9 confiada a toda a comunidade educadora &#8211; religiosos, leigos, jovens &#8211; e requer a converg\u00eancia de m\u00faltiplas interven\u00e7\u00f5es num projeto global de promo\u00e7\u00e3o que, por sua vez, exige a participa\u00e7\u00e3o de v\u00e1rias vozes e em diferentes n\u00edveis de intera\u00e7\u00e3o: eclesial, social, pol\u00edtica. Dando centralidade aos jovens, a comunidade educativa est\u00e1 empenhada em tecer uma rede de solidariedade entre todos aqueles que acreditam e trabalham na miss\u00e3o educativa\u00bb, observa Madre Cazzuola.<\/p>\n<p style=\"text-align: justify;\">Por isso, como ela sublinha, os m\u00e9todos de interven\u00e7\u00e3o pastoral devem ser procurados, testados e verificados no contexto em que se trabalha, para que sejam respostas \u00e0s verdadeiras quest\u00f5es que emergem. Ser capaz de se coordenar harmoniosamente garante a sinergia de todos os recursos em volta do projeto comum, para al\u00e9m dos diferentes modos e organismos de anima\u00e7\u00e3o. \u00abA vida cresce e desenvolve-se se procurarmos juntos aliment\u00e1-la, trabalhando com otimismo e caridade pastoral e refor\u00e7ando a comunh\u00e3o com Jesus, verdadeira fonte da nossa comunh\u00e3o\u00bb conclui a superiora-geral.<\/p>\n<div style=\"text-align: justify;\">\n<div class=\"article__embed article__embed--unwrap article__embed--photo\">\n<figure><picture><source srcset=\"\/content\/dam\/vaticannews\/multimedia\/2024\/novembre\/08\/32.jpg\/_jcr_content\/renditions\/cq5dam.thumbnail.cropped.1500.844.jpeg 2x, \/content\/dam\/vaticannews\/multimedia\/2024\/novembre\/08\/32.jpg\/_jcr_content\/renditions\/cq5dam.thumbnail.cropped.750.422.jpeg 1x\" media=\"(min-width: 1024px)\" data-original-set=\"\/content\/dam\/vaticannews\/multimedia\/2024\/novembre\/08\/32.jpg\/_jcr_content\/renditions\/cq5dam.thumbnail.cropped.1500.844.jpeg 2x, \/content\/dam\/vaticannews\/multimedia\/2024\/novembre\/08\/32.jpg\/_jcr_content\/renditions\/cq5dam.thumbnail.cropped.750.422.jpeg 1x\" \/><source srcset=\"\/content\/dam\/vaticannews\/multimedia\/2024\/novembre\/08\/32.jpg\/_jcr_content\/renditions\/cq5dam.thumbnail.cropped.1000.563.jpeg 2x, \/content\/dam\/vaticannews\/multimedia\/2024\/novembre\/08\/32.jpg\/_jcr_content\/renditions\/cq5dam.thumbnail.cropped.500.281.jpeg 1x\" media=\"(min-width: 768px)\" data-original-set=\"\/content\/dam\/vaticannews\/multimedia\/2024\/novembre\/08\/32.jpg\/_jcr_content\/renditions\/cq5dam.thumbnail.cropped.1000.563.jpeg 2x, \/content\/dam\/vaticannews\/multimedia\/2024\/novembre\/08\/32.jpg\/_jcr_content\/renditions\/cq5dam.thumbnail.cropped.500.281.jpeg 1x\" \/><source srcset=\"\/content\/dam\/vaticannews\/multimedia\/2024\/novembre\/08\/32.jpg\/_jcr_content\/renditions\/cq5dam.thumbnail.cropped.500.281.jpeg\" data-original-set=\"\/content\/dam\/vaticannews\/multimedia\/2024\/novembre\/08\/32.jpg\/_jcr_content\/renditions\/cq5dam.thumbnail.cropped.500.281.jpeg\" \/><img decoding=\"async\" class=\"loaded\" src=\"https:\/\/www.vaticannews.va\/content\/dam\/vaticannews\/multimedia\/2024\/novembre\/08\/32.jpg\/_jcr_content\/renditions\/cq5dam.thumbnail.cropped.750.422.jpeg\" alt=\"Madre Yvonne Reungoat entre os jovens\" data-original=\"\/content\/dam\/vaticannews\/multimedia\/2024\/novembre\/08\/32.jpg\/_jcr_content\/renditions\/cq5dam.thumbnail.cropped.750.422.jpeg\" data-was-processed=\"true\" \/><\/picture><\/figure>\n<div class=\"photo_embed--Title\">Madre Yvonne Reungoat entre os jovens<\/div>\n<\/div>\n<\/div>\n<h2 style=\"text-align: justify;\"><b>Gerir as inevit\u00e1veis diverg\u00eancias e conflitos<\/b><\/h2>\n<p style=\"text-align: justify;\">\u00abA caridade deve ser a for\u00e7a poderosa que estimula, anima, re\u00fane tantas pessoas diferentes e as ajuda a superar os inevit\u00e1veis conflitos e pobrezas a todos os n\u00edveis. \u00c9 necess\u00e1rio encontrar tempo e ter a oportunidade de se exprimir, de se escutar com aten\u00e7\u00e3o e respeito, mesmo e sobretudo quando o outro pensa de forma diferente\u00bb, diz ao Vatican News a Madre Yvonne Reungoat, superiora-geral em\u00e9rita, perita e facilitadora da Assembleia Sinodal. Ela acrescenta que esse confronto deve ser sustentado pela firme vontade de procurar o que une para que prevale\u00e7a sobre aquilo que divide. \u00abAs escolhas e decis\u00f5es devem sempre amadurecer na reflex\u00e3o e na ora\u00e7\u00e3o\u00bb.<\/p>\n<h2 style=\"text-align: justify;\"><b>Ser pessoas de comunh\u00e3o e reconcilia\u00e7\u00e3o<\/b><\/h2>\n<p style=\"text-align: justify;\">Partilhando a sua experi\u00eancia, a Madre Reungoat sublinha que se chega \u00e0 converg\u00eancia e a ser pessoas de comunh\u00e3o e de reconcilia\u00e7\u00e3o, apesar da diversidade de pontos de vista, quando se avan\u00e7a no caminho do di\u00e1logo, da clareza, da hospitalidade rec\u00edproca, na consci\u00eancia da necessidade de um processo cont\u00ednuo de convers\u00e3o do cora\u00e7\u00e3o e da mente segundo o Evangelho.<\/p>\n<p style=\"text-align: justify;\">\u00abA discord\u00e2ncia e o conflito n\u00e3o podem ser negados porque, quando s\u00e3o bem geridos, tornam-se preciosas oportunidades de crescimento para todos: provocam reflex\u00e3o, aprofundamento, impelem-nos sempre a ir mais longe, a verificar se caminhamos de fato nos sulcos do carisma ou se corremos o risco de ficar fechadas numa rigidez de pensamento e presas nos nossos pontos de vista, embora sempre parciais\u00bb, diz a Madre Reungoat. Sublinha que a \u00abboa gest\u00e3o do desacordo e do conflito pode ajudar-nos a fazer a passagem pascal do \u201ceu\u201d individualista para o \u201cn\u00f3s\u201d comunit\u00e1rio\/eclesial\u00bb. E a superiora-geral em\u00e9rita das Irm\u00e3s Salesianas conclui:<\/p>\n<div>\n<div class=\"article__embed article__embed--border embed_style\">\n<blockquote><p>\u201cNunca devemos esquecer que somos uma comunidade para a miss\u00e3o.\u201d<\/p><\/blockquote>\n<\/div>\n<\/div>\n<div>\n<div class=\"article__embed article__embed--unwrap article__embed--photo\">\n<figure><picture><img decoding=\"async\" class=\"loaded\" src=\"https:\/\/www.vaticannews.va\/content\/dam\/vaticannews\/multimedia\/2024\/novembre\/08\/29.jpg\/_jcr_content\/renditions\/cq5dam.thumbnail.cropped.750.422.jpeg\" alt=\"Registro do XXIV Cap\u00edtulo Geral\" data-original=\"\/content\/dam\/vaticannews\/multimedia\/2024\/novembre\/08\/29.jpg\/_jcr_content\/renditions\/cq5dam.thumbnail.cropped.750.422.jpeg\" data-was-processed=\"true\" \/><\/picture><\/figure>\n<div class=\"photo_embed--Title\" style=\"text-align: center;\">Registro do XXIV Cap\u00edtulo Geral<\/div>\n<\/div>\n<\/div>\n<\/div>\n<\/div>\n","protected":false},"excerpt":{"rendered":"<p>A sauda\u00e7\u00e3o das religiosas argentinas ao Papa Francisco durante o XXIV Cap\u00edtulo Geral\u00a0 Assumir a sinodalidade mission\u00e1ria como estilo de vida que gera novos modos de participa\u00e7\u00e3o, anima\u00e7\u00e3o e governo \u00e9 uma das tr\u00eas escolhas priorit\u00e1rias do Instituto das Filhas de Maria Auxiliadora tra\u00e7ada em 2021, durante o \u00faltimo Cap\u00edtulo Geral. O per\u00edodo foi de [&hellip;]<\/p>\n","protected":false},"author":1,"featured_media":91284,"comment_status":"open","ping_status":"closed","sticky":false,"template":"","format":"standard","meta":{"footnotes":""},"categories":[13],"tags":[],"class_list":["post-91283","post","type-post","status-publish","format-standard","has-post-thumbnail","hentry","category-featured"],"_links":{"self":[{"href":"https:\/\/catolicanet.net\/wp-cnet\/wp-json\/wp\/v2\/posts\/91283","targetHints":{"allow":["GET"]}}],"collection":[{"href":"https:\/\/catolicanet.net\/wp-cnet\/wp-json\/wp\/v2\/posts"}],"about":[{"href":"https:\/\/catolicanet.net\/wp-cnet\/wp-json\/wp\/v2\/types\/post"}],"author":[{"embeddable":true,"href":"https:\/\/catolicanet.net\/wp-cnet\/wp-json\/wp\/v2\/users\/1"}],"replies":[{"embeddable":true,"href":"https:\/\/catolicanet.net\/wp-cnet\/wp-json\/wp\/v2\/comments?post=91283"}],"version-history":[{"count":1,"href":"https:\/\/catolicanet.net\/wp-cnet\/wp-json\/wp\/v2\/posts\/91283\/revisions"}],"predecessor-version":[{"id":91286,"href":"https:\/\/catolicanet.net\/wp-cnet\/wp-json\/wp\/v2\/posts\/91283\/revisions\/91286"}],"wp:featuredmedia":[{"embeddable":true,"href":"https:\/\/catolicanet.net\/wp-cnet\/wp-json\/wp\/v2\/media\/91284"}],"wp:attachment":[{"href":"https:\/\/catolicanet.net\/wp-cnet\/wp-json\/wp\/v2\/media?parent=91283"}],"wp:term":[{"taxonomy":"category","embeddable":true,"href":"https:\/\/catolicanet.net\/wp-cnet\/wp-json\/wp\/v2\/categories?post=91283"},{"taxonomy":"post_tag","embeddable":true,"href":"https:\/\/catolicanet.net\/wp-cnet\/wp-json\/wp\/v2\/tags?post=91283"}],"curies":[{"name":"wp","href":"https:\/\/api.w.org\/{rel}","templated":true}]}}