{"id":91275,"date":"2024-11-12T09:18:50","date_gmt":"2024-11-12T12:18:50","guid":{"rendered":"https:\/\/catolicanet.net\/wp-cnet\/?p=91275"},"modified":"2024-11-12T16:19:55","modified_gmt":"2024-11-12T19:19:55","slug":"papa-aos-juizes-uruguaios-esforcem-se-para-acabar-com-a-pobreza","status":"publish","type":"post","link":"https:\/\/catolicanet.net\/wp-cnet\/papa-aos-juizes-uruguaios-esforcem-se-para-acabar-com-a-pobreza\/","title":{"rendered":"Papa aos ju\u00edzes uruguaios: esforcem-se para acabar com a pobreza"},"content":{"rendered":"<div class=\"article__subTitle\" style=\"text-align: justify;\">O Santo Padre envia uma carta aos ju\u00edzes do Uruguai, na qual expressa sua satisfa\u00e7\u00e3o pelo lan\u00e7amento do cap\u00edtulo nacional do Comit\u00ea Pan-Americano de Ju\u00edzas e Ju\u00edzes pelos Direitos Sociais e a Doutrina Franciscana \u2013 COPAJU. Francisco suplica que fa\u00e7am valer \u201cos direitos b\u00e1sicos de todos e se comprometam&#8221;.<\/div>\n<div class=\"title__separator\" style=\"text-align: justify;\"><\/div>\n<div class=\"article__text\">\n<p style=\"text-align: justify;\"><b>Sebasti\u00e1n Sans\u00f3n Ferrari &#8211; Cidade do Vaticano<\/b><\/p>\n<p style=\"text-align: justify;\">&#8220;O Estado, e n\u00e3o o mercado, \u00e9 quem gera a harmonia e garante a justi\u00e7a social&#8221;, afirma o Papa Francisco em uma carta enviada aos ju\u00edzes do Uruguai por ocasi\u00e3o da abertura do cap\u00edtulo nacional do Comit\u00ea Pan-Americano de Ju\u00edzas e Ju\u00edzes pelos Direitos Sociais e a Doutrina Franciscana \u2013 COPAJU. A Associa\u00e7\u00e3o Privada de Fi\u00e9is de car\u00e1ter internacional, que foi elevada a essa categoria por disposi\u00e7\u00e3o do Santo Padre em 18 de agosto de 2023, dedica-se \u00e0 prote\u00e7\u00e3o e promo\u00e7\u00e3o dos direitos sociais a partir da magistratura, com \u00eanfase especial nos setores sociais marginalizados.<\/p>\n<p style=\"text-align: justify;\">O Comit\u00ea havia constitu\u00eddo representa\u00e7\u00f5es em diversos pa\u00edses, como Argentina, Chile, Col\u00f4mbia, Peru, Brasil, M\u00e9xico, Estados Unidos e Paraguai. Agora, tamb\u00e9m se expande para o Uruguai, onde foi oficialmente lan\u00e7ado nesta segunda-feira, 11 de novembro, na Faculdade de Direito da Universidade da Rep\u00fablica. Naocasi\u00e3o, foi apresentado tamb\u00e9m o Instituto Fray Bartolom\u00e9 de las Casas, com finalidades acad\u00eamicas, docentes e de forma\u00e7\u00e3o sobre os direitos sociais, migra\u00e7\u00e3o e colonialismo, vinculado ao COPAJU.<\/p>\n<div style=\"text-align: justify;\">\n<div class=\"article__embed article__embed--unwrap article__embed--photo\">\n<figure><picture><img decoding=\"async\" class=\"loaded\" src=\"https:\/\/www.vaticannews.va\/content\/dam\/vaticannews\/multimedia\/2024\/novembre\/12\/hh.jpg\/_jcr_content\/renditions\/cq5dam.thumbnail.cropped.750.422.jpeg\" alt=\"Lan\u00e7amento do Cap\u00edtulo Uruguai do COPAJU\" data-original=\"\/content\/dam\/vaticannews\/multimedia\/2024\/novembre\/12\/hh.jpg\/_jcr_content\/renditions\/cq5dam.thumbnail.cropped.750.422.jpeg\" data-was-processed=\"true\" \/><\/picture><\/figure>\n<div class=\"photo_embed--Title\" style=\"text-align: center;\">Lan\u00e7amento do Cap\u00edtulo Uruguai do COPAJU<\/div>\n<\/div>\n<\/div>\n<p style=\"text-align: justify;\">O Santo Padre marca presen\u00e7a neste momento t\u00e3o significativo e reitera a necessidade de uma \u201cdistribui\u00e7\u00e3o de riqueza equitativa e justa\u201d para que n\u00e3o haja mais exclu\u00eddos, e todos fa\u00e7am parte do sistema econ\u00f4mico e social de maneira igualit\u00e1ria e integrada.<\/p>\n<p style=\"text-align: justify;\">Francisco lembra que \u201cn\u00e3o h\u00e1 sociedades que progridem sobre a pobreza de seus membros\u201d. Reconhece que, \u201cem todo caso, alguns podem progredir individualmente, mas cabe perguntar: que tipo de progresso \u00e9 esse? Pode uma pessoa ter um bom futuro em uma sociedade desigual e excludente?\u201d<\/p>\n<p style=\"text-align: justify;\">O Papa acredita que os magistrados \u201cpodem fazer muito, e h\u00e1 muito por fazer\u201d. Por isso, os exorta a \u201cter coragem\u201d, \u201cunir-se\u201d e a \u201cn\u00e3o se deixar confundir por receitas que j\u00e1 afundaram muitos povos na desgra\u00e7a\u201d. Em vez disso, os incentiva a confiar no caminho de Artigas e cita a can\u00e7\u00e3o \u201cA lei \u00e9 teia de aranha\u201d, do renomado cantor e compositor Alfredo Zitarrosa, \u201cpara que a lei n\u00e3o seja uma teia de aranha que s\u00f3 prende os pequenos e deixa impunes os poderosos, que a atravessam sem dificuldade\u201d.<\/p>\n<p style=\"text-align: justify;\">O Pont\u00edfice \u00e9 categ\u00f3rico ao inst\u00e1-los a n\u00e3o ajudar a \u201climpar as ruas de pobres\u201d, mas sim a ajudar para que n\u00e3o haja pobreza. Mais ainda, lhes encarrega de \u201cfazer valer os direitos b\u00e1sicos de todos e todas\u201d, pede compromisso e lhes deseja \u201cmuita fecundidade neste novo projeto\u201d.<\/p>\n<p style=\"text-align: justify;\">Por fim, como de costume, o Sucessor de Pedro conclui sua carta enviando-lhes uma sauda\u00e7\u00e3o fraterna, pedindo que rezem por ele e garantindo suas ora\u00e7\u00f5es.<\/p>\n<\/div>\n","protected":false},"excerpt":{"rendered":"<p>O Santo Padre envia uma carta aos ju\u00edzes do Uruguai, na qual expressa sua satisfa\u00e7\u00e3o pelo lan\u00e7amento do cap\u00edtulo nacional do Comit\u00ea Pan-Americano de Ju\u00edzas e Ju\u00edzes pelos Direitos Sociais e a Doutrina Franciscana \u2013 COPAJU. Francisco suplica que fa\u00e7am valer \u201cos direitos b\u00e1sicos de todos e se comprometam&#8221;. Sebasti\u00e1n Sans\u00f3n Ferrari &#8211; Cidade do [&hellip;]<\/p>\n","protected":false},"author":1,"featured_media":91276,"comment_status":"open","ping_status":"closed","sticky":false,"template":"","format":"standard","meta":{"footnotes":""},"categories":[3],"tags":[],"class_list":["post-91275","post","type-post","status-publish","format-standard","has-post-thumbnail","hentry","category-vaticano"],"_links":{"self":[{"href":"https:\/\/catolicanet.net\/wp-cnet\/wp-json\/wp\/v2\/posts\/91275","targetHints":{"allow":["GET"]}}],"collection":[{"href":"https:\/\/catolicanet.net\/wp-cnet\/wp-json\/wp\/v2\/posts"}],"about":[{"href":"https:\/\/catolicanet.net\/wp-cnet\/wp-json\/wp\/v2\/types\/post"}],"author":[{"embeddable":true,"href":"https:\/\/catolicanet.net\/wp-cnet\/wp-json\/wp\/v2\/users\/1"}],"replies":[{"embeddable":true,"href":"https:\/\/catolicanet.net\/wp-cnet\/wp-json\/wp\/v2\/comments?post=91275"}],"version-history":[{"count":1,"href":"https:\/\/catolicanet.net\/wp-cnet\/wp-json\/wp\/v2\/posts\/91275\/revisions"}],"predecessor-version":[{"id":91278,"href":"https:\/\/catolicanet.net\/wp-cnet\/wp-json\/wp\/v2\/posts\/91275\/revisions\/91278"}],"wp:featuredmedia":[{"embeddable":true,"href":"https:\/\/catolicanet.net\/wp-cnet\/wp-json\/wp\/v2\/media\/91276"}],"wp:attachment":[{"href":"https:\/\/catolicanet.net\/wp-cnet\/wp-json\/wp\/v2\/media?parent=91275"}],"wp:term":[{"taxonomy":"category","embeddable":true,"href":"https:\/\/catolicanet.net\/wp-cnet\/wp-json\/wp\/v2\/categories?post=91275"},{"taxonomy":"post_tag","embeddable":true,"href":"https:\/\/catolicanet.net\/wp-cnet\/wp-json\/wp\/v2\/tags?post=91275"}],"curies":[{"name":"wp","href":"https:\/\/api.w.org\/{rel}","templated":true}]}}