{"id":91228,"date":"2024-11-07T09:30:42","date_gmt":"2024-11-07T12:30:42","guid":{"rendered":"https:\/\/catolicanet.net\/wp-cnet\/?p=91228"},"modified":"2024-11-07T14:36:17","modified_gmt":"2024-11-07T17:36:17","slug":"papa-a-espanhois-viver-com-alegria-mas-sem-perder-de-vista-quem-sofre","status":"publish","type":"post","link":"https:\/\/catolicanet.net\/wp-cnet\/papa-a-espanhois-viver-com-alegria-mas-sem-perder-de-vista-quem-sofre\/","title":{"rendered":"Papa a espanh\u00f3is: viver com alegria, mas sem perder de vista quem sofre"},"content":{"rendered":"<p style=\"text-align: justify;\">\u00a0 \u00a0 \u00a0 \u00a0 \u00a0 \u00a0Papa recebe peregrinos espanh\u00f3is<\/p>\n<div class=\"article__subTitle\" style=\"text-align: justify;\">Recebendo um grupo de peregrinos ligado ao Mosteiro das Agostinianas de Talavera de la Reina, Francisco falou da import\u00e2ncia do bom humor no dia a dia, sem se esquecer de quem sofre, numa refer\u00eancia \u00e0s v\u00edtimas das inunda\u00e7\u00f5es na Espanha.<\/div>\n<div class=\"title__separator\" style=\"text-align: justify;\"><\/div>\n<div class=\"article__text\">\n<p style=\"text-align: justify;\"><b>Vatican News<\/b><\/p>\n<p style=\"text-align: justify;\">O Papa recebeu um grupo de peregrinos ligados ao Mosteiro das Agostinianas de Talavera de la Reina, na Espanha, que est\u00e3o concluindo as celebra\u00e7\u00f5es dos 450 anos de funda\u00e7\u00e3o.<\/p>\n<p style=\"text-align: justify;\">Desde sua cria\u00e7\u00e3o, o mosteiro uniu a vida contemplativa ao servi\u00e7o da educa\u00e7\u00e3o crist\u00e3, mas ao grupo, Francisco falou de modo especial sobre a alegria, usando um termo espec\u00edfico: avinagrar.<\/p>\n<p style=\"text-align: justify;\">\u201cQuando um crist\u00e3o, mais ainda uma religiosa, um religioso, perde o sentido do humor, se \u2018avinagra\u2019, e \u00e9 t\u00e3o triste ver um sacerdote, um religioso, uma freira \u2018avinagrado\u2019. Est\u00e3o conservados no vinagre\u201d, disse o Santo Padre em meio \u00e0s risadas dos peregrinos.<\/p>\n<p style=\"text-align: justify;\">\u201cUm santo triste \u00e9 um triste santo\u201d, afirmou ainda o Papa, falando da import\u00e2ncia de ter sempre o sorriso sobre os l\u00e1bios. Mas n\u00e3o um sorriso qualquer e sim o sorriso que brota do cora\u00e7\u00e3o, sem fingimento.<\/p>\n<p style=\"text-align: justify;\">Outro conselho dado por Francisco foi sempre ter no cora\u00e7\u00e3o as necesidades de quem sofre, em refer\u00eancia \u00e0s v\u00edtimas das chuvas na Espanha. Na quarta-feira, o Papa recordou que na Pra\u00e7a S\u00e3o Pedro, por ocasi\u00e3o da Audi\u00eancia Geral, estava presente uma imagen de Nossa Senhora dos Desamparados:<\/p>\n<p style=\"text-align: justify;\">\u201cVoc\u00eas sabem que h\u00e1 pessoas desempregadas? E quando algu\u00e9m se lamenta que tem muito trabalho, pensem em quem n\u00e3o tem. H\u00e1 pessoas que n\u00e3o podem pagar aluguel e ser\u00e3o desalojadas\u201d, disse o Pont\u00edfice. Os religiosos, acrescentou, devem ter consci\u00eancia de que quando entram num convento ou na casa paroquial, n\u00e3o correm o risco de ficarem desamparados e, por isso, devem pensar em quem dorme ao relento, em qualquer situa\u00e7\u00e3o, debaixo de neve e chuva.<\/p>\n<p style=\"text-align: justify;\">Antes de concluir, Francisco rezou com o grupo a<b>\u00a0ora\u00e7\u00e3o\u00a0 do bom humor de S\u00e3o Tom\u00e1s Moro<\/b>:<\/p>\n<p style=\"text-align: justify;\">&#8220;Senhor, dai-me uma boa digest\u00e3o, mas tamb\u00e9m algo para digerir.<\/p>\n<p style=\"text-align: justify;\">Concede-me a sa\u00fade do corpo, com o bom humor necess\u00e1rio para mant\u00ea-la. Dai-me, Senhor, uma alma simples, que saiba aproveitar tudo o que \u00e9 bom e puro para que n\u00e3o se assuste diante do pecado, mas encontre o modo de colocar de novo as coisas em ordem.<\/p>\n<p style=\"text-align: justify;\">Concede-me uma alma que n\u00e3o conhe\u00e7a o t\u00e9dio, as murmura\u00e7\u00f5es, suspiros e lamentos, e n\u00e3o permitais que eu sofra excessivamente por esse ser t\u00e3o dominante que chama \u201cEu\u201d.<\/p>\n<p style=\"text-align: justify;\">Dai-me, Senhor, senso de humor!<\/p>\n<p style=\"text-align: justify;\">Concede-me a gra\u00e7a de compreender as piadas, para que conhe\u00e7a na vida um pouco de alegria e possa comunic\u00e1-la aos demais. Am\u00e9m.&#8221;<\/p>\n<\/div>\n","protected":false},"excerpt":{"rendered":"<p>\u00a0 \u00a0 \u00a0 \u00a0 \u00a0 \u00a0Papa recebe peregrinos espanh\u00f3is Recebendo um grupo de peregrinos ligado ao Mosteiro das Agostinianas de Talavera de la Reina, Francisco falou da import\u00e2ncia do bom humor no dia a dia, sem se esquecer de quem sofre, numa refer\u00eancia \u00e0s v\u00edtimas das inunda\u00e7\u00f5es na Espanha. Vatican News O Papa recebeu um [&hellip;]<\/p>\n","protected":false},"author":1,"featured_media":91229,"comment_status":"open","ping_status":"closed","sticky":false,"template":"","format":"standard","meta":{"footnotes":""},"categories":[13,3],"tags":[],"class_list":["post-91228","post","type-post","status-publish","format-standard","has-post-thumbnail","hentry","category-featured","category-vaticano"],"_links":{"self":[{"href":"https:\/\/catolicanet.net\/wp-cnet\/wp-json\/wp\/v2\/posts\/91228","targetHints":{"allow":["GET"]}}],"collection":[{"href":"https:\/\/catolicanet.net\/wp-cnet\/wp-json\/wp\/v2\/posts"}],"about":[{"href":"https:\/\/catolicanet.net\/wp-cnet\/wp-json\/wp\/v2\/types\/post"}],"author":[{"embeddable":true,"href":"https:\/\/catolicanet.net\/wp-cnet\/wp-json\/wp\/v2\/users\/1"}],"replies":[{"embeddable":true,"href":"https:\/\/catolicanet.net\/wp-cnet\/wp-json\/wp\/v2\/comments?post=91228"}],"version-history":[{"count":1,"href":"https:\/\/catolicanet.net\/wp-cnet\/wp-json\/wp\/v2\/posts\/91228\/revisions"}],"predecessor-version":[{"id":91231,"href":"https:\/\/catolicanet.net\/wp-cnet\/wp-json\/wp\/v2\/posts\/91228\/revisions\/91231"}],"wp:featuredmedia":[{"embeddable":true,"href":"https:\/\/catolicanet.net\/wp-cnet\/wp-json\/wp\/v2\/media\/91229"}],"wp:attachment":[{"href":"https:\/\/catolicanet.net\/wp-cnet\/wp-json\/wp\/v2\/media?parent=91228"}],"wp:term":[{"taxonomy":"category","embeddable":true,"href":"https:\/\/catolicanet.net\/wp-cnet\/wp-json\/wp\/v2\/categories?post=91228"},{"taxonomy":"post_tag","embeddable":true,"href":"https:\/\/catolicanet.net\/wp-cnet\/wp-json\/wp\/v2\/tags?post=91228"}],"curies":[{"name":"wp","href":"https:\/\/api.w.org\/{rel}","templated":true}]}}