{"id":91212,"date":"2024-11-06T09:12:33","date_gmt":"2024-11-06T12:12:33","guid":{"rendered":"https:\/\/catolicanet.net\/wp-cnet\/?p=91212"},"modified":"2024-11-06T17:13:29","modified_gmt":"2024-11-06T20:13:29","slug":"seminaristas-da-arquidiocese-de-manaus-sao-admitidos-as-ordens-sacras","status":"publish","type":"post","link":"https:\/\/catolicanet.net\/wp-cnet\/seminaristas-da-arquidiocese-de-manaus-sao-admitidos-as-ordens-sacras\/","title":{"rendered":"Seminaristas da arquidiocese de Manaus s\u00e3o admitidos \u00e0s Ordens Sacras"},"content":{"rendered":"<p style=\"text-align: justify;\">No dia 5 de novembro de 2024, a Capela do Semin\u00e1rio S\u00e3o Jos\u00e9 acolheu um momento especial para a arquidiocese de Manaus: a admiss\u00e3o de cinco seminaristas entre os candidatos \u00e0s ordens sacras. Arlison Lima, Gerson Santos, Geovane Batista, Luiz Humberto e Natanael Oliveira deram mais um passo importante em sua jornada vocacional, confirmando o chamado ao presbiterado e ao servi\u00e7o do Evangelho.<\/p>\n<p style=\"text-align: justify;\">Durante a Santa Missa, presidida pelo Cardeal Arcebispo de Manaus, Dom Leonardo Ulrich Steiner, e concelebrada pelos bispos auxiliares Dom Zenildo Lima e Dom Hudson Ribeiro, al\u00e9m da equipe formativa e outros quatro sacerdotes, os seminaristas foram acolhidos com palavras de incentivo e uma profunda reflex\u00e3o sobre a miss\u00e3o a que s\u00e3o chamados. O Evangelho de Lucas 14,15-24, proclamado na celebra\u00e7\u00e3o, recordou-lhes a import\u00e2ncia de responder ao convite generoso de Deus, que os chama a trabalhar pela vinha do Senhor.<\/p>\n<p style=\"text-align: justify;\">Cada um dos seminaristas vem de uma comunidade eclesial particular: Geovane Batista e Luiz Humberto da \u00c1rea Mission\u00e1ria S\u00e3o Lucas; Gerson Santos da Par\u00f3quia S\u00e3o Pedro Ap\u00f3stolo, em Manaquiri; Natanael Oliveira da \u00c1rea Mission\u00e1ria Santo Ant\u00f4nio do Sama\u00fama; e Arlison Lima da Par\u00f3quia Santo Afonso. Todos est\u00e3o no primeiro ano da etapa da configura\u00e7\u00e3o, dedicando-se aos estudos teol\u00f3gicos e aprofundando sua espiritualidade presbiteral.<\/p>\n<p style=\"text-align: justify;\">Para Geovane Batista, que viveu intensamente esse momento, a admiss\u00e3o \u00e0s ordens sacras tem um significado profundo. \u201cHoje, de forma especial, fui um dos que foram admitidos. Cada passo que damos no processo formativo da caminhada seminar\u00edstica tem seu sentimento \u00fanico. Quando eu entrei no semin\u00e1rio, vi que o caminho era longo; hoje, ao dar esse passo, percebi que j\u00e1 n\u00e3o est\u00e1 t\u00e3o distante assim, e que aquilo que era um sonho chega mais pr\u00f3ximo de se tornar realidade\u2026\u201d<\/p>\n<p style=\"text-align: justify;\">Geovane expressa ainda o valor de sua experi\u00eancia pastoral no munic\u00edpio de Careiro da V\u00e1rzea, na Par\u00f3quia Nossa Senhora do Perp\u00e9tuo Socorro, onde v\u00ea em cada desafio a imagem do Bom Pastor que se entrega ao cuidado do rebanho. \u201cA realidade em que o povo (ovelhas) l\u00e1 se encontra, me ajuda a entender esse sentido do Bom Pastor. Diante da realidade da seca do Rio, merecem uma aten\u00e7\u00e3o maior. Mesmo com a dificuldade do acesso, nunca me senti intimidado, mas sim desafiado.\u201d<\/p>\n<p style=\"text-align: justify;\">Este rito de admiss\u00e3o marca o compromisso p\u00fablico dos seminaristas de seguir o caminho do Senhor, com fidelidade e humildade, tornando-se sinais vivos de Sua presen\u00e7a. Que toda a comunidade arquidiocesana una-se em ora\u00e7\u00e3o por esses futuros presb\u00edteros, sustentando-os e incentivando-os nessa caminhada de servi\u00e7o ao Reino de Deus.<\/p>\n<p style=\"text-align: justify;\">\n<p style=\"text-align: justify;\"><a href=\"https:\/\/cnbbnorte1.blogspot.com\/2024\/11\/5-seminaristas-da-arquidiocese-de.html?m=1\" target=\"_blank\" rel=\"noopener\">Mais informa\u00e7\u00f5es no site do Norte 1<\/a><\/p>\n","protected":false},"excerpt":{"rendered":"<p>No dia 5 de novembro de 2024, a Capela do Semin\u00e1rio S\u00e3o Jos\u00e9 acolheu um momento especial para a arquidiocese de Manaus: a admiss\u00e3o de cinco seminaristas entre os candidatos \u00e0s ordens sacras. Arlison Lima, Gerson Santos, Geovane Batista, Luiz Humberto e Natanael Oliveira deram mais um passo importante em sua jornada vocacional, confirmando o [&hellip;]<\/p>\n","protected":false},"author":1,"featured_media":91213,"comment_status":"open","ping_status":"closed","sticky":false,"template":"","format":"standard","meta":{"footnotes":""},"categories":[7],"tags":[],"class_list":["post-91212","post","type-post","status-publish","format-standard","has-post-thumbnail","hentry","category-cnbb"],"_links":{"self":[{"href":"https:\/\/catolicanet.net\/wp-cnet\/wp-json\/wp\/v2\/posts\/91212","targetHints":{"allow":["GET"]}}],"collection":[{"href":"https:\/\/catolicanet.net\/wp-cnet\/wp-json\/wp\/v2\/posts"}],"about":[{"href":"https:\/\/catolicanet.net\/wp-cnet\/wp-json\/wp\/v2\/types\/post"}],"author":[{"embeddable":true,"href":"https:\/\/catolicanet.net\/wp-cnet\/wp-json\/wp\/v2\/users\/1"}],"replies":[{"embeddable":true,"href":"https:\/\/catolicanet.net\/wp-cnet\/wp-json\/wp\/v2\/comments?post=91212"}],"version-history":[{"count":1,"href":"https:\/\/catolicanet.net\/wp-cnet\/wp-json\/wp\/v2\/posts\/91212\/revisions"}],"predecessor-version":[{"id":91215,"href":"https:\/\/catolicanet.net\/wp-cnet\/wp-json\/wp\/v2\/posts\/91212\/revisions\/91215"}],"wp:featuredmedia":[{"embeddable":true,"href":"https:\/\/catolicanet.net\/wp-cnet\/wp-json\/wp\/v2\/media\/91213"}],"wp:attachment":[{"href":"https:\/\/catolicanet.net\/wp-cnet\/wp-json\/wp\/v2\/media?parent=91212"}],"wp:term":[{"taxonomy":"category","embeddable":true,"href":"https:\/\/catolicanet.net\/wp-cnet\/wp-json\/wp\/v2\/categories?post=91212"},{"taxonomy":"post_tag","embeddable":true,"href":"https:\/\/catolicanet.net\/wp-cnet\/wp-json\/wp\/v2\/tags?post=91212"}],"curies":[{"name":"wp","href":"https:\/\/api.w.org\/{rel}","templated":true}]}}