{"id":91179,"date":"2024-10-26T09:34:14","date_gmt":"2024-10-26T12:34:14","guid":{"rendered":"https:\/\/catolicanet.net\/wp-cnet\/?p=91179"},"modified":"2024-11-01T16:35:28","modified_gmt":"2024-11-01T19:35:28","slug":"passar-da-escuridao-para-a-vida","status":"publish","type":"post","link":"https:\/\/catolicanet.net\/wp-cnet\/passar-da-escuridao-para-a-vida\/","title":{"rendered":"Passar da escurid\u00e3o para a vida!"},"content":{"rendered":"<p style=\"text-align: justify;\">A liturgia do 30.\u00ba Domingo do Tempo Comum exorta-nos a viver com esperan\u00e7a. A nossa vida n\u00e3o tem de ser uma experi\u00eancia sombria, sem horizontes e sem perspectivas; Deus disp\u00f5e-se, a cada passo, a libertar-nos da escurid\u00e3o e a conduzir-nos em dire\u00e7\u00e3o a uma vida livre e plenamente realizada. Basta que, da nossa parte, haja disponibilidade para aceitarmos os desafios e indica\u00e7\u00f5es de Deus.<\/p>\n<p style=\"text-align: justify;\">A primeira leitura \u2013 Jr 31,7-9 \u2013 \u00e9 um convite \u00e0 alegria. Para o Povo que caminha pelos vales sombrias da vida e da hist\u00f3ria, Deus \u00e9 um Pai que acompanha, que ampara e que cuida. Ele n\u00e3o deixar\u00e1 ningu\u00e9m para tr\u00e1s, nem sequer os mais d\u00e9beis \u2013 o cego, o coxo, a mulher gr\u00e1vida e a que tem dificuldade em manter o ritmo da caminhada pois transporta o seu beb\u00e9 nos bra\u00e7os. Guiados pelo amor paternal e maternal de Deus, todos chegar\u00e3o \u00e0 terra sonhada, \u00e0 meta da Vida verdadeira. Ao povo escravo \u00e9 concedida a oportunidade de retorno \u00e0 Terra Prometida. Este acontecimento nos aponta para a fidelidade de Deus: o Senhor n\u00e3o se esqueceu de seu povo; pelo contr\u00e1rio, permaneceu junto dele nas maiores adversidades e lhe concedeu novamente o dom da terra.<\/p>\n<p style=\"text-align: justify;\">Na segunda leitura \u2013 Hb 5,1-6 \u2013 um catequista crist\u00e3o \u2013 o autor da Carta aos Hebreus \u2013 apresenta-nos Jesus como um sumo-sacerdote que compreende as nossas fraquezas e que nos leva at\u00e9 Deus. Podemos confiar n\u2019Ele e segui-l\u2019O sem hesita\u00e7\u00f5es. Ningu\u00e9m encontra a Vida verdadeira sem caminhar com Jesus, sem escutar as suas indica\u00e7\u00f5es, sem viver ao seu estilo. \u00c9 uma mensagem destinado a acordar crentes adormecidos, conformados com uma f\u00e9 morna, sem exig\u00eancia e sem compromisso. Todo ministro e servidor da comunidade \u00e9 escolhido por Deus por meio do povo para o servi\u00e7o do pr\u00f3prio povo santo de Deus. Precisa ter a humildade de reconhecer as pr\u00f3prias fraquezas e limita\u00e7\u00f5es e interceder a Deus pelo povo e por si pr\u00f3prio. Participando da condi\u00e7\u00e3o humana, Jesus \u00e9 o aut\u00eantico sacerdote da Nova Alian\u00e7a que se solidariza com o povo em suas fraquezas. Ele une em si o divino e o humano.<\/p>\n<p style=\"text-align: justify;\">O Evangelho \u2013 Mc 10,46-52 \u2013, atrav\u00e9s da hist\u00f3ria do cego Bartimeu, prop\u00f5e-nos uma par\u00e1bola sobre a passagem da escurid\u00e3o para a luz, da vida velha para a vida nova. O encontro com Jesus \u00e9 sempre uma oportunidade para abra\u00e7ar uma exist\u00eancia com horizontes mais amplos, uma vida plena de luz e de sentido. Bartimeu, o homem que encontrou Jesus \u00e0 sa\u00edda de Jeric\u00f3 e O seguiu no \u201ccaminho\u201d de Jerusal\u00e9m, \u00e9 o modelo de todos os disc\u00edpulos. O relato da cura do cego Bartimeu, chamo-nos aten\u00e7\u00e3o que o milagre tenha sido realizado pela f\u00e9 apresentada pelo miraculado: \u201cvai, a tua f\u00e9 te curou!\u201d (Mc 10,52b), disse Jesus. Anteriormente, Bartimeu reconheceu quem \u00e9 o Senhor \u2013 \u201cFilho de Davi\u201d (Mc 10, 47c; 48b) \u2013 e teve a coragem de deixar sua antiga vida para tr\u00e1s \u2013 quando jogou o manto e deu um pulo (Mc 10, 49e). Que sejamos tamb\u00e9m homens e mulheres de f\u00e9, para que o Senhor continue a realizar maravilhas em nosso favor. Jesus continua nos curando e livrando de nossas cegueiras e da ignor\u00e2ncia do erro e do pecado. Na nossa caminhada catequ\u00e9tica devemos perceber a cegueira que muitas vezes n\u00e3o nos permite enxergar o Senhor Ressuscitado.\u00a0 Ningu\u00e9m conseguiu impedir Bartimeu de gritar porque quem pode lhe trazer a salva\u00e7\u00e3o. A cegueira nos impede de seguir com fidelidade os passos do Mestre. O grito do mendigo cego foi sua arma para chegar at\u00e9 Jesus. Em nossos dias, t\u00eam seus gritos sufocados por muitos sofredores que se encontram em situa\u00e7\u00e3o semelhante.<\/p>\n<p style=\"text-align: justify;\">Hoje devemos fazer uma pergunta fundamental: O que desejamos que Jesus fa\u00e7a por n\u00f3s? Ou, em outras palavras, o que realmente buscamos na vida? O homem rico vai embora triste e os disc\u00edpulos abandonam Jesus no Gets\u00eamani. Mas um mendigo que recuperou a vis\u00e3o o segue, transformado pelo encontro, ensinando-nos a mudar a hist\u00f3ria.<\/p>\n<p style=\"text-align: justify;\">N\u00e3o sejamos cegos! Deixemo-nos iluminar pela luz imperec\u00edvel da Palavra e da Santa Eucaristia, para seguirmos o Senhor por caminhos retos que proporcionem a todos o acolhimento, esperan\u00e7a e renova\u00e7\u00e3o da vida.<\/p>\n<p style=\"text-align: center;\"><strong>+ Anuar Battisti<\/strong><\/p>\n<p style=\"text-align: center;\"><strong>Arcebispo Em\u00e9rito de Maring\u00e1, PR<\/strong><\/p>\n","protected":false},"excerpt":{"rendered":"<p>A liturgia do 30.\u00ba Domingo do Tempo Comum exorta-nos a viver com esperan\u00e7a. A nossa vida n\u00e3o tem de ser uma experi\u00eancia sombria, sem horizontes e sem perspectivas; Deus disp\u00f5e-se, a cada passo, a libertar-nos da escurid\u00e3o e a conduzir-nos em dire\u00e7\u00e3o a uma vida livre e plenamente realizada. Basta que, da nossa parte, haja [&hellip;]<\/p>\n","protected":false},"author":1,"featured_media":55814,"comment_status":"open","ping_status":"closed","sticky":false,"template":"","format":"standard","meta":{"footnotes":""},"categories":[9],"tags":[],"class_list":["post-91179","post","type-post","status-publish","format-standard","has-post-thumbnail","hentry","category-artigos"],"_links":{"self":[{"href":"https:\/\/catolicanet.net\/wp-cnet\/wp-json\/wp\/v2\/posts\/91179","targetHints":{"allow":["GET"]}}],"collection":[{"href":"https:\/\/catolicanet.net\/wp-cnet\/wp-json\/wp\/v2\/posts"}],"about":[{"href":"https:\/\/catolicanet.net\/wp-cnet\/wp-json\/wp\/v2\/types\/post"}],"author":[{"embeddable":true,"href":"https:\/\/catolicanet.net\/wp-cnet\/wp-json\/wp\/v2\/users\/1"}],"replies":[{"embeddable":true,"href":"https:\/\/catolicanet.net\/wp-cnet\/wp-json\/wp\/v2\/comments?post=91179"}],"version-history":[{"count":1,"href":"https:\/\/catolicanet.net\/wp-cnet\/wp-json\/wp\/v2\/posts\/91179\/revisions"}],"predecessor-version":[{"id":91181,"href":"https:\/\/catolicanet.net\/wp-cnet\/wp-json\/wp\/v2\/posts\/91179\/revisions\/91181"}],"wp:featuredmedia":[{"embeddable":true,"href":"https:\/\/catolicanet.net\/wp-cnet\/wp-json\/wp\/v2\/media\/55814"}],"wp:attachment":[{"href":"https:\/\/catolicanet.net\/wp-cnet\/wp-json\/wp\/v2\/media?parent=91179"}],"wp:term":[{"taxonomy":"category","embeddable":true,"href":"https:\/\/catolicanet.net\/wp-cnet\/wp-json\/wp\/v2\/categories?post=91179"},{"taxonomy":"post_tag","embeddable":true,"href":"https:\/\/catolicanet.net\/wp-cnet\/wp-json\/wp\/v2\/tags?post=91179"}],"curies":[{"name":"wp","href":"https:\/\/api.w.org\/{rel}","templated":true}]}}