{"id":91156,"date":"2024-11-02T08:13:11","date_gmt":"2024-11-02T11:13:11","guid":{"rendered":"https:\/\/catolicanet.net\/wp-cnet\/?p=91156"},"modified":"2024-11-01T16:15:52","modified_gmt":"2024-11-01T19:15:52","slug":"a-comemoracao-dos-fieis-defuntos","status":"publish","type":"post","link":"https:\/\/catolicanet.net\/wp-cnet\/a-comemoracao-dos-fieis-defuntos\/","title":{"rendered":"A Comemora\u00e7\u00e3o dos Fi\u00e9is Defuntos"},"content":{"rendered":"<p style=\"text-align: justify;\">A Comemora\u00e7\u00e3o dos Fi\u00e9is Defuntos, celebrada em 2 de novembro, \u00e9 uma das datas mais significativas do calend\u00e1rio crist\u00e3o. Este dia \u00e9 dedicado a ora\u00e7\u00f5es pelas almas dos que partiram, refletindo a doutrina da Igreja sobre o valor da intercess\u00e3o e da vida eterna. Inspirada nas palavras de Jesus em Jo\u00e3o 11,25 \u2013 <em>\u201cEu sou a ressurrei\u00e7\u00e3o e a vida. Aquele que cr\u00ea em mim, ainda que morra, viver\u00e1\u201d<\/em> \u2013 esta celebra\u00e7\u00e3o refor\u00e7a a esperan\u00e7a na ressurrei\u00e7\u00e3o e na comunh\u00e3o dos santos, fundamentos essenciais da f\u00e9 cat\u00f3lica.<\/p>\n<p style=\"text-align: justify;\">A tradi\u00e7\u00e3o de interceder pelos mortos \u00e9 antiga e encontra suas ra\u00edzes nas primeiras comunidades crist\u00e3s. Desde o s\u00e9culo II, crist\u00e3os visitavam t\u00famulos e oravam pelos falecidos, uma pr\u00e1tica que se firmou com Santo Odilon, abade de Cluny, no s\u00e9culo XI, ao instituir o Dia de Finados. Desde ent\u00e3o, a data serve como um momento de reflex\u00e3o e uni\u00e3o, onde familiares e amigos se re\u00fanem para honrar a mem\u00f3ria dos falecidos e pedir a Deus por suas almas.<\/p>\n<p style=\"text-align: justify;\">Segundo a doutrina cat\u00f3lica, a ora\u00e7\u00e3o e a celebra\u00e7\u00e3o da Eucaristia em favor dos mortos expressam a comunh\u00e3o entre a Igreja militante (os vivos), a Igreja triunfante (os santos no c\u00e9u) e a Igreja padecente (as almas no purgat\u00f3rio). No Catecismo da Igreja Cat\u00f3lica, l\u00ea-se: <em>\u201cA nossa ora\u00e7\u00e3o por eles pode n\u00e3o apenas ajud\u00e1-los, mas tamb\u00e9m tornar eficaz a sua intercess\u00e3o em nosso favor\u201d<\/em> (CIC, 958). Esta compreens\u00e3o ressalta a interconex\u00e3o entre as almas e o poder da ora\u00e7\u00e3o.<\/p>\n<p style=\"text-align: justify;\">A esperan\u00e7a crist\u00e3 na vida eterna \u00e9 o alicerce sobre o qual se constr\u00f3i a celebra\u00e7\u00e3o de Finados. As palavras de S\u00e3o Paulo em 1 Cor\u00edntios 15,42-44 lembram-nos da promessa da ressurrei\u00e7\u00e3o: <em>\u201c\u00c9 semeado em corrup\u00e7\u00e3o, ressuscitar\u00e1 em incorrup\u00e7\u00e3o. \u00c9 semeado em ignom\u00ednia, ressuscitar\u00e1 em gl\u00f3ria\u201d<\/em>. Essa passagem encoraja os crist\u00e3os a confiar na promessa de que a vida terrena \u00e9 apenas uma passagem, e que Deus nos espera para uma vida de plenitude.<\/p>\n<p style=\"text-align: justify;\">Al\u00e9m disso, a celebra\u00e7\u00e3o exalta a infinita miseric\u00f3rdia divina, que \u00e9 capaz de perdoar os pecados e acolher as almas em sua presen\u00e7a. Jesus revelou essa miseric\u00f3rdia em suas par\u00e1bolas e em seus atos, como na conversa com o bom ladr\u00e3o, em Lucas 23,43: <em>\u201cEm verdade te digo que hoje estar\u00e1s comigo no para\u00edso\u201d<\/em>. Dessa forma, a Igreja incentiva os fi\u00e9is a confiar na bondade de Deus e na salva\u00e7\u00e3o para aqueles que buscaram arrependimento e f\u00e9.<\/p>\n<p style=\"text-align: justify;\">A Comemora\u00e7\u00e3o dos Fi\u00e9is Defuntos tamb\u00e9m nos convida a refletir sobre o purgat\u00f3rio, conceito importante na doutrina cat\u00f3lica. O purgat\u00f3rio \u00e9 entendido como um estado de purifica\u00e7\u00e3o para as almas que morreram em amizade com Deus, mas que ainda necessitam ser purificadas para estarem em sua presen\u00e7a. A ora\u00e7\u00e3o e a Eucaristia s\u00e3o meios pelos quais os fi\u00e9is podem ajudar estas almas. A pr\u00e1tica \u00e9 inspirada em 2 Macabeus 12,45, onde \u00e9 dito: <em>\u201c\u00c9 um pensamento santo e piedoso orar pelos mortos para que sejam absolvidos dos seus pecados\u201d<\/em>.<\/p>\n<p style=\"text-align: justify;\">A missa pelos defuntos \u00e9 especialmente significativa, pois nela se renovam o sacrif\u00edcio e a ressurrei\u00e7\u00e3o de Cristo, oferecendo \u00e0s almas o aux\u00edlio espiritual necess\u00e1rio para a purifica\u00e7\u00e3o. A caridade em favor dos falecidos tamb\u00e9m \u00e9 uma express\u00e3o do amor crist\u00e3o, que, segundo Santo Agostinho, <em>\u201cn\u00e3o conhece barreiras, pois a f\u00e9 e a caridade n\u00e3o s\u00e3o separadas nem pela morte\u201d<\/em>. Esse amor expande-se para al\u00e9m do nosso mundo f\u00edsico, refletindo a f\u00e9 na comunh\u00e3o dos santos e no corpo m\u00edstico de Cristo.<\/p>\n<p style=\"text-align: justify;\">Mais que uma mem\u00f3ria ou homenagem, o Dia de Finados \u00e9 um convite \u00e0 reflex\u00e3o sobre nossa pr\u00f3pria jornada e a buscar a santidade. A f\u00e9 na ressurrei\u00e7\u00e3o nos leva a viver o presente com os olhos voltados para o eterno, praticando o amor, o perd\u00e3o e a miseric\u00f3rdia. Jesus ensina, em Mateus 5,8, que <em>\u201cbem-aventurados os puros de cora\u00e7\u00e3o, porque ver\u00e3o a Deus\u201d<\/em>, exortando cada um a seguir o caminho da santidade.<\/p>\n<p style=\"text-align: justify;\">\u00c9 tamb\u00e9m um dia para fortalecer a f\u00e9 e recordar que a morte \u00e9 apenas uma transi\u00e7\u00e3o, onde aqueles que amaram e confiaram em Deus encontram seu descanso. A liturgia deste dia busca transformar o luto em esperan\u00e7a, lembrando aos fi\u00e9is que a comunh\u00e3o em Cristo \u00e9 duradoura, e que, no final, seremos todos unidos na presen\u00e7a de Deus.<\/p>\n<p style=\"text-align: justify;\">A Comemora\u00e7\u00e3o de Todos os Fi\u00e9is Defuntos \u00e9 um marco de solidariedade espiritual e de esperan\u00e7a na ressurrei\u00e7\u00e3o prometida. \u00c9 um chamado a todos os crist\u00e3os para recordar, orar e confiar na miseric\u00f3rdia divina, que acolhe as almas na vida eterna. Ao rezar pelos que partiram, mantemos vivo o amor, honramos a mem\u00f3ria de nossos antepassados e vivenciamos a f\u00e9 em um Deus que \u00e9 amor e vida.<\/p>\n<p style=\"text-align: justify;\">Assim, a Igreja convida seus fi\u00e9is a, neste dia, pedir pela purifica\u00e7\u00e3o das almas, fortalecer a pr\u00f3pria f\u00e9 e seguir o caminho da santidade, na certeza de que Cristo venceu a morte e oferece a todos a possibilidade de um reencontro em sua gl\u00f3ria.<\/p>\n","protected":false},"excerpt":{"rendered":"<p>A Comemora\u00e7\u00e3o dos Fi\u00e9is Defuntos, celebrada em 2 de novembro, \u00e9 uma das datas mais significativas do calend\u00e1rio crist\u00e3o. Este dia \u00e9 dedicado a ora\u00e7\u00f5es pelas almas dos que partiram, refletindo a doutrina da Igreja sobre o valor da intercess\u00e3o e da vida eterna. Inspirada nas palavras de Jesus em Jo\u00e3o 11,25 \u2013 \u201cEu sou [&hellip;]<\/p>\n","protected":false},"author":1,"featured_media":55814,"comment_status":"open","ping_status":"closed","sticky":false,"template":"","format":"standard","meta":{"footnotes":""},"categories":[9],"tags":[],"class_list":["post-91156","post","type-post","status-publish","format-standard","has-post-thumbnail","hentry","category-artigos"],"_links":{"self":[{"href":"https:\/\/catolicanet.net\/wp-cnet\/wp-json\/wp\/v2\/posts\/91156","targetHints":{"allow":["GET"]}}],"collection":[{"href":"https:\/\/catolicanet.net\/wp-cnet\/wp-json\/wp\/v2\/posts"}],"about":[{"href":"https:\/\/catolicanet.net\/wp-cnet\/wp-json\/wp\/v2\/types\/post"}],"author":[{"embeddable":true,"href":"https:\/\/catolicanet.net\/wp-cnet\/wp-json\/wp\/v2\/users\/1"}],"replies":[{"embeddable":true,"href":"https:\/\/catolicanet.net\/wp-cnet\/wp-json\/wp\/v2\/comments?post=91156"}],"version-history":[{"count":1,"href":"https:\/\/catolicanet.net\/wp-cnet\/wp-json\/wp\/v2\/posts\/91156\/revisions"}],"predecessor-version":[{"id":91157,"href":"https:\/\/catolicanet.net\/wp-cnet\/wp-json\/wp\/v2\/posts\/91156\/revisions\/91157"}],"wp:featuredmedia":[{"embeddable":true,"href":"https:\/\/catolicanet.net\/wp-cnet\/wp-json\/wp\/v2\/media\/55814"}],"wp:attachment":[{"href":"https:\/\/catolicanet.net\/wp-cnet\/wp-json\/wp\/v2\/media?parent=91156"}],"wp:term":[{"taxonomy":"category","embeddable":true,"href":"https:\/\/catolicanet.net\/wp-cnet\/wp-json\/wp\/v2\/categories?post=91156"},{"taxonomy":"post_tag","embeddable":true,"href":"https:\/\/catolicanet.net\/wp-cnet\/wp-json\/wp\/v2\/tags?post=91156"}],"curies":[{"name":"wp","href":"https:\/\/api.w.org\/{rel}","templated":true}]}}