{"id":91111,"date":"2024-10-27T09:28:46","date_gmt":"2024-10-27T12:28:46","guid":{"rendered":"https:\/\/catolicanet.net\/wp-cnet\/?p=91111"},"modified":"2024-10-30T16:44:03","modified_gmt":"2024-10-30T19:44:03","slug":"creio-na-comunhao-dos-santos","status":"publish","type":"post","link":"https:\/\/catolicanet.net\/wp-cnet\/creio-na-comunhao-dos-santos\/","title":{"rendered":"\u201cCREIO NA COMUNH\u00c3O DOS SANTOS\u201d"},"content":{"rendered":"<p style=\"text-align: justify;\"><strong><em>\u00a0\u00a0\u00a0\u00a0\u00a0\u00a0\u00a0\u00a0\u00a0\u00a0\u00a0 <\/em><\/strong>As pessoas que comp\u00f5em a <em>Igreja<\/em> est\u00e3o em tr\u00eas situa\u00e7\u00f5es diferentes: (i) as que ainda vivem na terra cumprindo a miss\u00e3o que receberam de Deus Criador formam a <em>Igreja Militante<\/em>; (ii) as que j\u00e1 est\u00e3o na gl\u00f3ria do C\u00e9u constituem a <em>Igreja Triunfante<\/em>; e (iii) as que, tendo morrido, ainda n\u00e3o foram admitidas no C\u00e9u comp\u00f5em a <em>Igreja Padecente<\/em>.<\/p>\n<p style=\"text-align: justify;\">\u00a0\u00a0\u00a0\u00a0\u00a0\u00a0\u00a0\u00a0\u00a0\u00a0\u00a0 Todos n\u00f3s que formamos a Igreja Militante, por nossa condi\u00e7\u00e3o humana, cometemos pecado. Este tem duas consequ\u00eancias para o pecador: o reato de culpa e o reato de pena.<\/p>\n<p style=\"text-align: justify;\">\u00a0\u00a0\u00a0\u00a0\u00a0\u00a0\u00a0\u00a0\u00a0\u00a0\u00a0 As pessoas cat\u00f3licas podem conseguir o perd\u00e3o para o reato de culpa por um ato sincero de arrependimento por ter ofendido a Deus no Seu amor infinito, com a inten\u00e7\u00e3o de se confessar assim que tiver a oportunidade. A confiss\u00e3o \u00e9, pois, a celebra\u00e7\u00e3o do perd\u00e3o que a pessoa recebe por seu ato humilde e sincero de arrependimento.<\/p>\n<p style=\"text-align: justify;\">\u00a0\u00a0\u00a0\u00a0\u00a0\u00a0\u00a0\u00a0\u00a0\u00a0\u00a0 O perd\u00e3o para o reato de pena acontece pela pr\u00e1tica da penit\u00eancia, pelas ora\u00e7\u00f5es, pela pr\u00e1tica da caridade e, sobretudo, pela participa\u00e7\u00e3o da Santa Missa, com a comunh\u00e3o.<\/p>\n<p style=\"text-align: justify;\">\u00a0\u00a0\u00a0\u00a0\u00a0\u00a0\u00a0\u00a0\u00a0\u00a0\u00a0 Os fi\u00e9is podem se beneficiar entre si: os que est\u00e3o na terra podem rezar pelos mortos, implorando para eles o perd\u00e3o da culpa e da pena de seus pecados. Podemos, contudo, indagar: \u201ccomo minha ora\u00e7\u00e3o, hoje, pode atuar para uma pessoa que faleceu no passado e que j\u00e1 foi julgada diante de Deus?\u201d<\/p>\n<p style=\"text-align: justify;\">\u00a0\u00a0\u00a0\u00a0\u00a0\u00a0\u00a0\u00a0\u00a0\u00a0\u00a0 Acontece que o que para n\u00f3s \u00e9 passado, presente ou futuro, em Deus \u00e9 um eterno presente. Assim, minha ora\u00e7\u00e3o feita \u201choje\u201d chega diante de Deus como se fosse no mesmo momento, j\u00e1 passado, em que determinada pessoa estava deixando a vida na terra. Quando uma pessoa est\u00e1 deixando a vida terrena, est\u00e3o presentes diante de Deus todas as ora\u00e7\u00f5es que, no futuro, ser\u00e3o feitas por aquela pessoa, ent\u00e3o, moribunda.<\/p>\n<p style=\"text-align: justify;\">Os que est\u00e3o na gl\u00f3ria de Deus podem rezar pelos vivos e pelos mortos. Os que est\u00e3o na terra podem louvar a Deus pelos Seus santos e pedir a estes a sua ora\u00e7\u00e3o de intercess\u00e3o segundo suas pr\u00f3prias necessidades na vida terrena. Encontramos o fundamento b\u00edblico da ora\u00e7\u00e3o pelos mortos no livro de Macabeus (12, 32-45: Judas Macabeu manda que se oferecesse um sacrif\u00edcio pelos pecados dos mortos em combate.).<\/p>\n<p style=\"text-align: justify;\">\u00a0\u00a0\u00a0\u00a0\u00a0\u00a0\u00a0\u00a0\u00a0\u00a0\u00a0\u00a0\u00a0\u00a0\u00a0 Nos pr\u00f3ximos dias 1 e 2 de novembro, a Igreja nos recomenda a ora\u00e7\u00e3o pelos santos. No dia 1, dia de todos os santos, a Igreja nos lembra que muit\u00edssimas outras pessoas viveram sua vida na terra com suas dificuldades proporcionais ao seu tempo, souberam se conservar na f\u00e9 e no amor a Deus e hoje participam de Sua gl\u00f3ria no C\u00e9u. De l\u00e1, podem interceder por n\u00f3s. Santo \u00e9 todo aquele que morreu na gra\u00e7a de Deus. Desses, alguns nos s\u00e3o, oficialmente, apresentados pela Igreja como modelos de vida crist\u00e3, para nos encorajar em nossa miss\u00e3o na terra. Outros morreram na gra\u00e7a de Deus, com o perd\u00e3o de suas culpas e, assim, ter\u00e3o, no \u201ctempo de Deus\u201d, sua feliz entrada na eternidade. Necessitam, no entanto, de receber o perd\u00e3o da pena devida por seus pecados. Para tanto, necessitam de nossa ora\u00e7\u00e3o de intercess\u00e3o. A esta passagem entre o tempo e a eternidade chamamos de purgat\u00f3rio. Da\u00ed a devo\u00e7\u00e3o de se rezar pelas almas do purgat\u00f3rio. Como fui Arcebispo de Diamantina, onde viveram e morreram milhares e milhares de negros escravos, arrancados de sua P\u00e1tria e de seus familiares, rezo todos os dias pelas almas dos negros escravizados no Brasil.<\/p>\n<p style=\"text-align: justify;\">\u00a0\u00a0\u00a0\u00a0\u00a0\u00a0\u00a0\u00a0\u00a0\u00a0\u00a0 Rezar pelos mortos n\u00e3o \u00e9 uma devo\u00e7\u00e3o! \u00c9 uma obriga\u00e7\u00e3o! A Igreja, com a celebra\u00e7\u00e3o dos Fi\u00e9is Defuntos, no dia 2 de novembro, nos lembra de rezar pelos mortos, sobretudo pelos nossos parentes e benfeitores falecidos. Mais tarde&#8230; algu\u00e9m rezar\u00e1 por n\u00f3s. \u00c9 o que em teologia chamamos \u201cComunh\u00e3o dos Santos\u201d \u2013 como rezamos: \u201cCreio na comunh\u00e3o dos santos\u201d. Aqueles que j\u00e1 est\u00e3o na gl\u00f3ria de Deus podem interceder por n\u00f3s na terra; os que expiam a pena de seus pecados no purgat\u00f3rio merecem a caridade de nossa ora\u00e7\u00e3o e podem, tamb\u00e9m, interceder por n\u00f3s, ao mesmo tempo em que n\u00f3s podemos, tamb\u00e9m, rezar por eles.<\/p>\n","protected":false},"excerpt":{"rendered":"<p>\u00a0\u00a0\u00a0\u00a0\u00a0\u00a0\u00a0\u00a0\u00a0\u00a0\u00a0 As pessoas que comp\u00f5em a Igreja est\u00e3o em tr\u00eas situa\u00e7\u00f5es diferentes: (i) as que ainda vivem na terra cumprindo a miss\u00e3o que receberam de Deus Criador formam a Igreja Militante; (ii) as que j\u00e1 est\u00e3o na gl\u00f3ria do C\u00e9u constituem a Igreja Triunfante; e (iii) as que, tendo morrido, ainda n\u00e3o foram admitidas no [&hellip;]<\/p>\n","protected":false},"author":110,"featured_media":60766,"comment_status":"open","ping_status":"closed","sticky":false,"template":"","format":"standard","meta":{"footnotes":""},"categories":[9],"tags":[],"class_list":["post-91111","post","type-post","status-publish","format-standard","has-post-thumbnail","hentry","category-artigos"],"_links":{"self":[{"href":"https:\/\/catolicanet.net\/wp-cnet\/wp-json\/wp\/v2\/posts\/91111","targetHints":{"allow":["GET"]}}],"collection":[{"href":"https:\/\/catolicanet.net\/wp-cnet\/wp-json\/wp\/v2\/posts"}],"about":[{"href":"https:\/\/catolicanet.net\/wp-cnet\/wp-json\/wp\/v2\/types\/post"}],"author":[{"embeddable":true,"href":"https:\/\/catolicanet.net\/wp-cnet\/wp-json\/wp\/v2\/users\/110"}],"replies":[{"embeddable":true,"href":"https:\/\/catolicanet.net\/wp-cnet\/wp-json\/wp\/v2\/comments?post=91111"}],"version-history":[{"count":1,"href":"https:\/\/catolicanet.net\/wp-cnet\/wp-json\/wp\/v2\/posts\/91111\/revisions"}],"predecessor-version":[{"id":91113,"href":"https:\/\/catolicanet.net\/wp-cnet\/wp-json\/wp\/v2\/posts\/91111\/revisions\/91113"}],"wp:featuredmedia":[{"embeddable":true,"href":"https:\/\/catolicanet.net\/wp-cnet\/wp-json\/wp\/v2\/media\/60766"}],"wp:attachment":[{"href":"https:\/\/catolicanet.net\/wp-cnet\/wp-json\/wp\/v2\/media?parent=91111"}],"wp:term":[{"taxonomy":"category","embeddable":true,"href":"https:\/\/catolicanet.net\/wp-cnet\/wp-json\/wp\/v2\/categories?post=91111"},{"taxonomy":"post_tag","embeddable":true,"href":"https:\/\/catolicanet.net\/wp-cnet\/wp-json\/wp\/v2\/tags?post=91111"}],"curies":[{"name":"wp","href":"https:\/\/api.w.org\/{rel}","templated":true}]}}