{"id":91108,"date":"2024-10-28T09:27:34","date_gmt":"2024-10-28T12:27:34","guid":{"rendered":"https:\/\/catolicanet.net\/wp-cnet\/?p=91108"},"modified":"2024-10-30T16:28:30","modified_gmt":"2024-10-30T19:28:30","slug":"sao-simao-e-sao-judas-3","status":"publish","type":"post","link":"https:\/\/catolicanet.net\/wp-cnet\/sao-simao-e-sao-judas-3\/","title":{"rendered":"S\u00e3o Sim\u00e3o e S\u00e3o Judas"},"content":{"rendered":"<p style=\"text-align: justify;\">Celebramos no dia 28 de outubro a festa lit\u00fargica dos ap\u00f3stolos S\u00e3o Sim\u00e3o e S\u00e3o Judas Tadeu. Dentre esses, o mais conhecido por n\u00f3s e mais popular \u00e9 S\u00e3o Judas Tadeu, conhecido como o santo intercessor das causas urgentes e desesperadas. O dia de S\u00e3o Judas Tadeu \u00e9 comemorado em 28 de outubro, mas ele \u00e9 lembrado todo dia 28 de cada m\u00eas em sua igrejas.<\/p>\n<p style=\"text-align: justify;\">A exemplo dos demais ap\u00f3stolos e de muitos crist\u00e3os dos primeiros s\u00e9culos do cristianismo, Judas Tadeu foi martirizado, dando a vida em favor dos irm\u00e3os, a exemplo do Mestre Jesus.<\/p>\n<p style=\"text-align: justify;\">Tanto S\u00e3o Judas quanto S\u00e3o Sim\u00e3o eram parentes pr\u00f3ximos de Jesus. O pai de S\u00e3o Judas era Alfeu, irm\u00e3o de S\u00e3o Jos\u00e9, e sua m\u00e3e era Maria de Cl\u00e9ofas, prima da Virgem Maria.<\/p>\n<p style=\"text-align: justify;\">Quanto \u00e0 biografia de S\u00e3o Sim\u00e3o, a tradi\u00e7\u00e3o \u00e9 bastante vaga. Sim\u00e3o, palavra hebraica que significa \u201czeloso\u201d, tinha o cognome de Cananeu, derivado de Can\u00e1, aldeia da Galileia. Praticava a obedi\u00eancia, cumprindo os preceitos e se compadecendo dos aflitos e necessitados. Trabalhava em favor da salva\u00e7\u00e3o das almas. Algumas fontes dizem que Sim\u00e3o pregou na \u00c1frica e na Gr\u00e3-Bretanha.<\/p>\n<p style=\"text-align: justify;\">Judas, um dos doze ap\u00f3stolos, tamb\u00e9m conhecido como Tadeu ou Lebeu, foi interpretado por S\u00e3o Jer\u00f4nimo como um homem de senso prudente. Seu nome significa \u201cconfessor\u201d ou \u201cglorioso\u201d. Judas Tadeu \u00e9 aquele que faz a seguinte pergunta a Jesus na \u00faltima ceia: \u201cSenhor, como \u00e9 poss\u00edvel que te manifestes a n\u00f3s e n\u00e3o ao mundo?\u201d (Jo 14,22).<\/p>\n<p style=\"text-align: justify;\">S\u00e3o Sim\u00e3o e S\u00e3o Judas Tadeu eram irm\u00e3os de Tiago Menor e filhos de Maria de Cl\u00e9ofas, que foi casada com Alfeu. Ap\u00f3s a ressurrei\u00e7\u00e3o e ascens\u00e3o de Jesus ao c\u00e9u, Judas foi enviado por Tom\u00e9 at\u00e9 Abgar, rei de Edessa. Segundo a hist\u00f3ria, S\u00e3o Fortunato, bispo de Poitiers, no fim do s\u00e9culo VI, indicou que S\u00e3o Sim\u00e3o e S\u00e3o Judas estavam enterrados na P\u00e9rsia. Isso se d\u00e1 devido ao que est\u00e1 escrito no evangelho ap\u00f3crifo dos dois ap\u00f3stolos. Segundo esses evangelhos, eles foram martirizados em Suanir, na P\u00e9rsia, a mando de sacerdotes pag\u00e3os, que influenciaram as autoridades locais e o povo a se revoltarem contra os ap\u00f3stolos, e ambos foram decapitados. Isso consta no martirol\u00f3gico jeronimita.<\/p>\n<p style=\"text-align: justify;\">Outros ainda dizem que Sim\u00e3o foi sepultado perto do Mar Negro, na regi\u00e3o da C\u00f3lquida, onde foi erguida uma igreja em sua honra entre os s\u00e9culos VI e VIII. Beda, por volta do ano 735, colocou os dois santos no martirol\u00f3gico em 28 de outubro, data que persiste at\u00e9 os dias de hoje. Na antiga bas\u00edlica no Vaticano havia uma capela dedicada aos dois santos, Sim\u00e3o e Judas, e nela se conservava o Sant\u00edssimo Sacramento.<\/p>\n<p style=\"text-align: justify;\">Na B\u00edblia, temos uma ep\u00edstola com a autoria de Judas, classificada como uma das \u201ccartas cat\u00f3licas\u201d. A carta de Judas foi direcionada principalmente aos rec\u00e9m-convertidos e ao combate \u00e0s seitas que corrompiam a doutrina e os costumes. Ele come\u00e7a a carta com estas palavras: \u201cJudas, servo de Jesus Cristo e irm\u00e3o de Tiago, aos chamados, amados por Deus Pai e conservados para Jesus Cristo: miseric\u00f3rdia, paz e amor vos sejam concedidos abundantemente\u201d. Uma ep\u00edstola cheia de for\u00e7a e da gra\u00e7a de Deus, segundo Origines.<\/p>\n<p style=\"text-align: justify;\">Segundo S\u00e3o Jer\u00f4nimo, Judas teria pregado em Osroene (regi\u00e3o de Edessa), sendo rei Abgar. Teria evangelizado a regi\u00e3o da Mesopot\u00e2mia. S\u00e3o Judas \u00e9 conhecido como o ap\u00f3stolo dos aflitos e daqueles que precisam de causas urgentes. Revela\u00e7\u00f5es particulares teriam declarado que o Senhor \u00a0atenderia os pedidos daqueles que, nas suas maiores afli\u00e7\u00f5es, recorressem a S\u00e3o Judas Tadeu.<\/p>\n<p style=\"text-align: justify;\">Santa Br\u00edgida, ap\u00f3s revela\u00e7\u00f5es, diz que Jesus lhe teria revelado que, para as causas mais urgentes, recorresse a S\u00e3o Judas Tadeu, pois ele atenderia suas necessidades. Tantas foram as gra\u00e7as que S\u00e3o Judas concedeu aos fi\u00e9is que ele passou a ser conhecido no mundo inteiro como o patrono dos aflitos e padroeiro das causas desesperadas.<\/p>\n<p style=\"text-align: justify;\">A prega\u00e7\u00e3o de S\u00e3o Judas e seu testemunho eram t\u00e3o convincentes que muitos pag\u00e3os se converteram. Com isso, os sacerdotes pag\u00e3os ficaram revoltados e mandaram assassinar o ap\u00f3stolo a golpes de bast\u00f5es e machados. Por isso, o ap\u00f3stolo traz um machado em suas imagens, pois foi dessa forma que morreu, e traz tamb\u00e9m a B\u00edblia, pois era um mission\u00e1rio que levava adiante a Palavra de Deus.<\/p>\n<p style=\"text-align: justify;\">Esses dois ap\u00f3stolos que celebramos s\u00e3o exemplos de mission\u00e1rios e inspira\u00e7\u00e3o para cada um de n\u00f3s. Estamos concluindo o m\u00eas mission\u00e1rio, e que nessa perspectiva eles nos inspirem a anunciar o Evangelho com coragem e sem medo a todas as pessoas.<\/p>\n<p style=\"text-align: justify;\">Celebremos com alegria a festa dos ap\u00f3stolos S\u00e3o Judas e S\u00e3o Sim\u00e3o e que possamos nos inspirar no testemunho desses ap\u00f3stolos para viver a nossa f\u00e9 no dia a dia. Sejamos testemunhas de Jesus Cristo onde estivermos, assumindo o nosso batismo, sendo sal da terra e luz do mundo, e em nenhum momento desistamos de acreditar em Deus. Sejamos guardi\u00f5es da f\u00e9, do mesmo modo que os ap\u00f3stolos foram. Nesse dia 28 de outubro, pe\u00e7amos a eles as gra\u00e7as que queremos, fortale\u00e7amos a f\u00e9, mas n\u00e3o esque\u00e7amos nunca de agradecer.<\/p>\n","protected":false},"excerpt":{"rendered":"<p>Celebramos no dia 28 de outubro a festa lit\u00fargica dos ap\u00f3stolos S\u00e3o Sim\u00e3o e S\u00e3o Judas Tadeu. Dentre esses, o mais conhecido por n\u00f3s e mais popular \u00e9 S\u00e3o Judas Tadeu, conhecido como o santo intercessor das causas urgentes e desesperadas. O dia de S\u00e3o Judas Tadeu \u00e9 comemorado em 28 de outubro, mas ele [&hellip;]<\/p>\n","protected":false},"author":5,"featured_media":55819,"comment_status":"open","ping_status":"closed","sticky":false,"template":"","format":"standard","meta":{"footnotes":""},"categories":[9],"tags":[],"class_list":["post-91108","post","type-post","status-publish","format-standard","has-post-thumbnail","hentry","category-artigos"],"_links":{"self":[{"href":"https:\/\/catolicanet.net\/wp-cnet\/wp-json\/wp\/v2\/posts\/91108","targetHints":{"allow":["GET"]}}],"collection":[{"href":"https:\/\/catolicanet.net\/wp-cnet\/wp-json\/wp\/v2\/posts"}],"about":[{"href":"https:\/\/catolicanet.net\/wp-cnet\/wp-json\/wp\/v2\/types\/post"}],"author":[{"embeddable":true,"href":"https:\/\/catolicanet.net\/wp-cnet\/wp-json\/wp\/v2\/users\/5"}],"replies":[{"embeddable":true,"href":"https:\/\/catolicanet.net\/wp-cnet\/wp-json\/wp\/v2\/comments?post=91108"}],"version-history":[{"count":1,"href":"https:\/\/catolicanet.net\/wp-cnet\/wp-json\/wp\/v2\/posts\/91108\/revisions"}],"predecessor-version":[{"id":91110,"href":"https:\/\/catolicanet.net\/wp-cnet\/wp-json\/wp\/v2\/posts\/91108\/revisions\/91110"}],"wp:featuredmedia":[{"embeddable":true,"href":"https:\/\/catolicanet.net\/wp-cnet\/wp-json\/wp\/v2\/media\/55819"}],"wp:attachment":[{"href":"https:\/\/catolicanet.net\/wp-cnet\/wp-json\/wp\/v2\/media?parent=91108"}],"wp:term":[{"taxonomy":"category","embeddable":true,"href":"https:\/\/catolicanet.net\/wp-cnet\/wp-json\/wp\/v2\/categories?post=91108"},{"taxonomy":"post_tag","embeddable":true,"href":"https:\/\/catolicanet.net\/wp-cnet\/wp-json\/wp\/v2\/tags?post=91108"}],"curies":[{"name":"wp","href":"https:\/\/api.w.org\/{rel}","templated":true}]}}