{"id":90998,"date":"2024-10-25T10:40:33","date_gmt":"2024-10-25T13:40:33","guid":{"rendered":"https:\/\/catolicanet.net\/wp-cnet\/?p=90998"},"modified":"2024-10-25T11:41:52","modified_gmt":"2024-10-25T14:41:52","slug":"papa-francisco-revitaliza-devocao-ao-sagrado-coracao-de-jesus","status":"publish","type":"post","link":"https:\/\/catolicanet.net\/wp-cnet\/papa-francisco-revitaliza-devocao-ao-sagrado-coracao-de-jesus\/","title":{"rendered":"Papa Francisco revitaliza devo\u00e7\u00e3o ao Sagrado Cora\u00e7\u00e3o de Jesus"},"content":{"rendered":"<div style=\"text-align: justify;\"><span class=\"SubHeading_subheading__NJ_eJ\" aria-label=\"postar legenda\"><span>Com Dilexit nos, a sua quarta enc\u00edclica, o Papa Francisco destaca a relev\u00e2ncia, a beleza e a for\u00e7a de uma devo\u00e7\u00e3o que pode ter sido considerada ultrapassada e muitas vezes associada a uma est\u00e9tica \u201csulpiciana\u201d que j\u00e1 n\u00e3o est\u00e1 na moda hoje.<\/span><\/span><\/div>\n<div style=\"text-align: justify;\">\n<div>\n<p><span>\u201cNa abertura da sua enc\u00edclica, o Papa antecipa a surpresa de todos aqueles que se perguntar\u00e3o como o autor da\u00a0<\/span><em><span>Laudato si\u2019<\/span><\/em><span>\u00a0e\u00a0<\/span><em><span>da Fratelli tutti<\/span><\/em><span> , duas enc\u00edclicas com uma dimens\u00e3o social e pol\u00edtica muito forte, pode ent\u00e3o propor uma dedicada a uma espiritualidade em em torno do Sagrado Cora\u00e7\u00e3o que \u00e0s vezes \u00e9 percebido como ultrapassado.<\/span><\/p>\n<\/div>\n<\/div>\n<div style=\"text-align: justify;\">\n<div>\n<p><span>Mas, para o Papa, \u00e9 de facto o \u201ccora\u00e7\u00e3o\u201d que hoje est\u00e1 fora de moda, muitas vezes negligenciado em favor do intelecto, da vontade ou da alma: \u201cA desvaloriza\u00e7\u00e3o do centro mais \u00edntimo do homem \u2013 o cora\u00e7\u00e3o \u2013 vem de longe: j\u00e1 se encontra no racionalismo grego e pr\u00e9-crist\u00e3o, no idealismo p\u00f3s-crist\u00e3o e no materialismo nas suas diversas formas\u201d, assinala o Papa argentino, sublinhando tamb\u00e9m o lugar inferior que ocupa na antropologia e nos \u201cgrandes pensamento.&#8221; filos\u00f3fico&#8221;.<\/span><\/p>\n<\/div>\n<\/div>\n<div style=\"text-align: justify;\">\n<div>\n<p><span>Portanto, falar do Sagrado Cora\u00e7\u00e3o de Jesus, explica o Papa, \u00e9 \u201credescobrir a import\u00e2ncia do cora\u00e7\u00e3o\u201d, dimens\u00e3o central do homem.<\/span><\/p>\n<\/div>\n<\/div>\n<div style=\"text-align: justify;\">\n<div>\n<p><span>O cora\u00e7\u00e3o, sublinha o Papa, ainda hoje \u00e9 \u201cpercebido no sentimento popular como o centro emocional de cada ser humano\u201d. Portanto, \u00e9 o cora\u00e7\u00e3o que \u201cmelhor pode significar o amor divino de Cristo, unido para sempre e inseparavelmente ao seu amor humano\u201d, insiste o Papa.<\/span><\/p>\n<\/div>\n<\/div>\n<div style=\"text-align: justify;\">\n<div>\n<p><span>O Sagrado Cora\u00e7\u00e3o permite-nos expressar esta dimens\u00e3o encarnada e humana do amor, tanto f\u00edsico como espiritual, que se une na pessoa de Cristo \u00e0 dimens\u00e3o divina do amor. Revalorizando a liga\u00e7\u00e3o entre estas dimens\u00f5es, o culto ao Sagrado Cora\u00e7\u00e3o pode fazer \u201cmuito bem\u201d, acredita, explicando que o v\u00ea como um ant\u00eddoto contra \u201cdoen\u00e7as muito atuais\u201d que afetam o mundo e a Igreja.<\/span><\/p>\n<\/div>\n<\/div>\n<div style=\"text-align: justify;\">\n<h2 class=\"Heading_heading__PlVsb\"><span>Um dualismo jansenista prejudicial<\/span><\/h2>\n<\/div>\n<div style=\"text-align: justify;\">\n<div>\n<p><span>Recordando a hist\u00f3ria de Santa Margarida Maria Alacoque, o pont\u00edfice recordou como a devo\u00e7\u00e3o ao Sagrado Cora\u00e7\u00e3o de Jesus se desenvolveu num \u201ccontexto jansenista\u201d que desprezava a dimens\u00e3o corp\u00f3rea do homem e \u201cpassava a ignorar a infinita miseric\u00f3rdia de Deus\u201d. \u201cDevo sublinhar que um nocivo dualismo jansenista est\u00e1 a renascer com novas fei\u00e7\u00f5es dentro da pr\u00f3pria Igreja\u201d, afirma o Papa, que considera que este \u201cgnosticismo\u201d adquiriu \u201cuma nova for\u00e7a nas \u00faltimas d\u00e9cadas\u201d.<\/span><\/p>\n<\/div>\n<\/div>\n<div style=\"text-align: justify;\">\n<div>\n<p><span>O Papa Francisco tamb\u00e9m aponta com esta enc\u00edclica para \u201coutro dualismo\u201d: aquele que aflige os cat\u00f3licos \u201cque se concentram apenas em atividades externas, em reformas estruturais desprovidas de Evangelho, em organiza\u00e7\u00f5es obsessivas, em projetos mundanos, em reflex\u00f5es secularizadas, em propostas que se apresentam como receitas que \u00e0s vezes n\u00f3s quero impor a todos. Como no caso do neojansenismo, o Sagrado Cora\u00e7\u00e3o pode ajudar a \u201ctocar as sensibilidades contempor\u00e2neas\u201d para combater este \u201ctranscendentalismo enganoso\u201d, afirma o Pont\u00edfice.<\/span><\/p>\n<\/div>\n<\/div>\n<div style=\"text-align: justify;\">\n<div>\n<p><span>Para ele, da mesma forma que o cora\u00e7\u00e3o do homem, \u00f3rg\u00e3o central, se tornou o \u201ccentro \u00edntimo da totalidade da pessoa\u201d, o Sagrado Cora\u00e7\u00e3o \u00e9 o \u201c\u00fanico s\u00edmbolo\u201d em que se encontra a \u201ctotalidade do Evangelho\u201d. Explica:<\/span><\/p>\n<\/div>\n<\/div>\n<div style=\"text-align: justify;\">\n<blockquote class=\"Quote_container__XMwM_\">\n<div>\n<p><span>\u201cDiante do Cora\u00e7\u00e3o de Cristo \u00e9 poss\u00edvel voltar \u00e0 s\u00edntese encarnada do Evangelho e viver o que recentemente propus, recordando a querida Santa Teresa do Menino Jesus: \u2018A atitude mais adequada \u00e9 colocar a confian\u00e7a do cora\u00e7\u00e3o fora do si mesmo, na infinita miseric\u00f3rdia de um Deus que ama sem limites e que deu tudo na Cruz de Jesus Cristo&#8217;\u201d.<\/span><\/p>\n<\/div>\n<div><\/div>\n<\/blockquote>\n<\/div>\n<div style=\"text-align: justify;\">\n<div>\n<p><span>Esta \u00e9 uma necessidade importante numa \u00e9poca materialista como a nossa, sublinha o Pont\u00edfice: \u201cHoje tudo se compra e se paga, e parece que o pr\u00f3prio sentido da dignidade depende daquilo que se pode obter atrav\u00e9s do poder do dinheiro. acumular, consumir e distrair-nos, prisioneiros de um sistema degradante que n\u00e3o nos permite ver al\u00e9m das nossas necessidades imediatas e mesquinhas. Felizmente, ele insiste:<\/span><\/p>\n<\/div>\n<\/div>\n<div style=\"text-align: justify;\">\n<blockquote class=\"Blockquote_container__x7EGt\">\n<p class=\"Blockquote_par__J3vJP\"><span>\u201cO amor de Cristo est\u00e1 fora desta espiral perversa e s\u00f3 Ele pode nos libertar desta febre em que n\u00e3o h\u00e1 mais espa\u00e7o para o amor gratuito\u201d<\/span><\/p>\n<\/blockquote>\n<\/div>\n<div>\n<div>\n<p style=\"text-align: justify;\"><span>Para Francisco, a devo\u00e7\u00e3o ao Sagrado Cora\u00e7\u00e3o pode, portanto, fortalecer a Igreja hoje, tornando vis\u00edvel a \u201cardente consci\u00eancia do amor de Jesus\u201d na experi\u00eancia espiritual pessoal, bem como no compromisso comunit\u00e1rio e mission\u00e1rio. Porque, como sublinha detalhadamente nesta enc\u00edclica at\u00edpica, \u201co conte\u00fado das enc\u00edclicas sociais\u00a0<\/span><em><span>Laudato si\u2019<\/span><\/em><span>\u00a0e\u00a0<\/span><em><span>Fratelli tutti<\/span><\/em><span>\u00a0n\u00e3o \u00e9 alheio ao nosso encontro com o amor de Jesus Cristo\u201d.<\/span><\/p>\n<\/div>\n<\/div>\n","protected":false},"excerpt":{"rendered":"<p>Com Dilexit nos, a sua quarta enc\u00edclica, o Papa Francisco destaca a relev\u00e2ncia, a beleza e a for\u00e7a de uma devo\u00e7\u00e3o que pode ter sido considerada ultrapassada e muitas vezes associada a uma est\u00e9tica \u201csulpiciana\u201d que j\u00e1 n\u00e3o est\u00e1 na moda hoje. \u201cNa abertura da sua enc\u00edclica, o Papa antecipa a surpresa de todos aqueles [&hellip;]<\/p>\n","protected":false},"author":1,"featured_media":90999,"comment_status":"open","ping_status":"closed","sticky":false,"template":"","format":"standard","meta":{"footnotes":""},"categories":[4],"tags":[],"class_list":["post-90998","post","type-post","status-publish","format-standard","has-post-thumbnail","hentry","category-cotidiano"],"_links":{"self":[{"href":"https:\/\/catolicanet.net\/wp-cnet\/wp-json\/wp\/v2\/posts\/90998","targetHints":{"allow":["GET"]}}],"collection":[{"href":"https:\/\/catolicanet.net\/wp-cnet\/wp-json\/wp\/v2\/posts"}],"about":[{"href":"https:\/\/catolicanet.net\/wp-cnet\/wp-json\/wp\/v2\/types\/post"}],"author":[{"embeddable":true,"href":"https:\/\/catolicanet.net\/wp-cnet\/wp-json\/wp\/v2\/users\/1"}],"replies":[{"embeddable":true,"href":"https:\/\/catolicanet.net\/wp-cnet\/wp-json\/wp\/v2\/comments?post=90998"}],"version-history":[{"count":1,"href":"https:\/\/catolicanet.net\/wp-cnet\/wp-json\/wp\/v2\/posts\/90998\/revisions"}],"predecessor-version":[{"id":91001,"href":"https:\/\/catolicanet.net\/wp-cnet\/wp-json\/wp\/v2\/posts\/90998\/revisions\/91001"}],"wp:featuredmedia":[{"embeddable":true,"href":"https:\/\/catolicanet.net\/wp-cnet\/wp-json\/wp\/v2\/media\/90999"}],"wp:attachment":[{"href":"https:\/\/catolicanet.net\/wp-cnet\/wp-json\/wp\/v2\/media?parent=90998"}],"wp:term":[{"taxonomy":"category","embeddable":true,"href":"https:\/\/catolicanet.net\/wp-cnet\/wp-json\/wp\/v2\/categories?post=90998"},{"taxonomy":"post_tag","embeddable":true,"href":"https:\/\/catolicanet.net\/wp-cnet\/wp-json\/wp\/v2\/tags?post=90998"}],"curies":[{"name":"wp","href":"https:\/\/api.w.org\/{rel}","templated":true}]}}