{"id":90994,"date":"2024-10-25T10:38:25","date_gmt":"2024-10-25T13:38:25","guid":{"rendered":"https:\/\/catolicanet.net\/wp-cnet\/?p=90994"},"modified":"2024-10-25T11:40:04","modified_gmt":"2024-10-25T14:40:04","slug":"seis-curiosidades-sobre-a-vida-de-sao-frei-galvao-que-talvez-nao-conheca-2","status":"publish","type":"post","link":"https:\/\/catolicanet.net\/wp-cnet\/seis-curiosidades-sobre-a-vida-de-sao-frei-galvao-que-talvez-nao-conheca-2\/","title":{"rendered":"Seis curiosidades sobre a vida de s\u00e3o frei Galv\u00e3o que talvez n\u00e3o conhe\u00e7a"},"content":{"rendered":"<p style=\"text-align: justify;\">\u201cDepois do parto, \u00f3 Virgem, permaneceste intacta: M\u00e3e de Deus, intercedei por n\u00f3s\u201d, escreveu santo Ant\u00f4nio de Sant\u2019Anna Galv\u00e3o em um papel que foi enrolado como p\u00edlula e ingerido por uma mulher que estava com complica\u00e7\u00f5es no parto e, logo ap\u00f3s, deu \u00e0 luz o beb\u00ea normalmente.<\/p>\n<p style=\"text-align: justify;\">Este \u00e9 o pequeno resumo de como come\u00e7ou a tradi\u00e7\u00e3o das p\u00edlulas de s\u00e3o Frei Galv\u00e3o \u2013 santo que \u00e9 celebrado hoje (25) \u2013, e que ainda hoje s\u00e3o produzidas pelas Irm\u00e3s Concepcionistas e entregues a pessoas que t\u00eam f\u00e9 na intercess\u00e3o deste santo.<\/p>\n<p style=\"text-align: justify;\">Mas esta n\u00e3o \u00e9 a \u00fanica hist\u00f3ria que demonstra como este santo foi cumulado por dons de Deus. A seguir, apresentamos outros dons que foram colocados a servi\u00e7o da miseric\u00f3rdia divina, conforme assinala o site oficial do santo brasileiro:<\/p>\n<h2 style=\"text-align: justify;\"><strong>1. Biloca\u00e7\u00e3o:<\/strong><\/h2>\n<p style=\"text-align: justify;\">Conta-se que por volta de 1810, Manuel Portes, um capataz de temperamento inst\u00e1vel que vinha de uma expedi\u00e7\u00e3o de Cuiab\u00e1, castigou o caboclo Apolin\u00e1rio por indisciplina, \u00e0s margens do rio Tiet\u00ea, no distrito de Potunduva. Quando viu que o capataz estava distra\u00eddo, o caboclo agiu por vingan\u00e7a, atacou-o pelas costas com um fac\u00e3o e fugiu.<\/p>\n<p style=\"text-align: justify;\">Desesperado, sentindo que estava para morrer, Manuel Portes gritou: \u201cMeu Deus, eu morro sem confiss\u00e3o! Senhor Santo Ant\u00f4nio, pedi por mim! Dai-me confessor! Vinde, frei Galv\u00e3o, assistir-me!\u201d.<\/p>\n<p style=\"text-align: justify;\">Algu\u00e9m ent\u00e3o notou que um frade se aproximava. Todos identificaram que era frei Galv\u00e3o, que se aproximou, abaixou-se, colocou a cabe\u00e7a do moribundo em seu colo e falou-lhe em voz baixa, encostando-lhe depois o ouvido aos l\u00e1bios. Ap\u00f3s aben\u00e7oar Manuel, levantou-se e foi embora.<\/p>\n<p style=\"text-align: justify;\">Naquele instante, por\u00e9m, de acordo com os relatos, Frei Galv\u00e3o estava fazendo uma prega\u00e7\u00e3o em S\u00e3o Paulo. Ele teria interrompido suas palavras por um momento e pedido uma Ave Maria por um moribundo. Ao fim da ora\u00e7\u00e3o, prosseguiu com sua prega\u00e7\u00e3o.<\/p>\n<p style=\"text-align: justify;\">Outro caso relata que uma gestante em uma fazenda distante de S\u00e3o Paulo estava gravemente enferma e clamava por frei Galv\u00e3o. Seu marido foi ao Mosteiro da Luz, mas foi informado que o frade tinha viajado ao Rio de Janeiro.<\/p>\n<p style=\"text-align: justify;\">Ao retornar para casa, encontrou sua esposa fora de perigo e profundamente grata a frei Galv\u00e3o por ter atendido sua confiss\u00e3o durante a noite e aben\u00e7oado um copo de \u00e1gua, que ela bebeu e logo ap\u00f3s ficou bem.<\/p>\n<p style=\"text-align: justify;\">O homem, ent\u00e3o, foi para o Rio de Janeiro para agradecer ao frade, onde foi informado pelo Guardi\u00e3o do Convento: \u201cFrei Galv\u00e3o n\u00e3o arredou p\u00e9 daqui\u201d. Interrogado a respeito, frei Galv\u00e3o respondeu: \u201cComo se deu, n\u00e3o sei; mas a verdade \u00e9 que naquela noite l\u00e1 estive\u201d.<\/p>\n<h2 style=\"text-align: justify;\"><strong>2. Telepatia:<\/strong><\/h2>\n<p style=\"text-align: justify;\">Certa vez, indicam os relatos hist\u00f3ricos, Frei Galv\u00e3o era conduzido em uma cadeira coberta, por uma cidade. Uma senhora viu a cadeirinha de sua janela de r\u00f3tulas. Sucumbida pelas amarguras da vida, a mulher pensou: \u201cAh, se frei Galv\u00e3o se lembrasse de mim, se ao menos me desse sua b\u00ean\u00e7\u00e3o\u201d.<\/p>\n<p style=\"text-align: justify;\">No mesmo instante, o frade levantou as cortinas da cadeirinha, debru\u00e7ou-se em dire\u00e7\u00e3o \u00e0quela janela e aben\u00e7oou a senhora.<\/p>\n<p style=\"text-align: justify;\">Os que presenciaram o fato disseram que n\u00e3o tinha como o franciscano ver aquela mulher, pois estava sendo conduzido pelo lado oposto da rua.<\/p>\n<h2 style=\"text-align: justify;\"><strong>3. Premoni\u00e7\u00e3o:<\/strong><\/h2>\n<p style=\"text-align: justify;\">Como de costume, geralmente frei Galv\u00e3o reunia grandes multid\u00f5es em suas prega\u00e7\u00f5es, sendo preciso pregar ao ar livre, pois os templos n\u00e3o comportavam todos. Foi o que aconteceu certa vez em Guaratinguet\u00e1. Mas, quando deu in\u00edcio ao serm\u00e3o, come\u00e7ou a se formar uma grande tempestade. A chuva desabou e, quando os fi\u00e9is viram que chegaria ao largo onde estavam, quiseram sair. O frade, por\u00e9m, pediu que ficassem, pois nada sofreriam. De fato, a chuva n\u00e3o caiu sobre aquele local.<\/p>\n<h2 style=\"text-align: justify;\"><strong>4. Clarivid\u00eancia:<\/strong><\/h2>\n<p style=\"text-align: justify;\">De acordo com testemunhos, certa vez levaram uma menina \u00e0 presen\u00e7a de frei Galv\u00e3o. Ao conversarem, ele perguntou \u00e0 pequena sobre o que desejava ser. Ela respondeu que queria ser religiosa. O franciscano a aben\u00e7oou e profeticamente lhe confirmou a voca\u00e7\u00e3o. Mais tarde, aos19 anos, a jovem ingressou em um convento.<\/p>\n<h2 style=\"text-align: justify;\"><strong>5. Levita\u00e7\u00e3o:<\/strong><\/h2>\n<p style=\"text-align: justify;\">Dentre os relatos que apontam o dom da levita\u00e7\u00e3o, um deles \u00e9 o de uma senhora que, ao caminhar pela rua, observou que o frade estava se aproximando todo recolhido. Ao se cruzarem, ela exclamou: \u201cSenhor Padre, vossemec\u00ea anda sem pisar no ch\u00e3o?\u201d. Frei Galv\u00e3o sorriu, saudou e seguiu adiante.<\/p>\n<h2 style=\"text-align: justify;\"><strong>6. Telepercep\u00e7\u00e3o:<\/strong><\/h2>\n<p style=\"text-align: justify;\">Era tradi\u00e7\u00e3o antigamente que, quando os sinos badalavam fora dos hor\u00e1rios de reza, era porque algo havia acontecido. Ent\u00e3o, a comunidade se reunia. Foi o que aconteceu certo dia, quando os sinos do Mosteiro come\u00e7aram a tocar. A popula\u00e7\u00e3o logo se agrupou, atendendo a convoca\u00e7\u00e3o.<\/p>\n<p style=\"text-align: justify;\">J\u00e1 idoso, frei Galv\u00e3o anunciou: \u201cRebentou em Portugal uma revolu\u00e7\u00e3o\u201d (talvez a de 1820). Em seguida, relatou detalhes como se estivesse vendo tudo pessoalmente. Semanas mais tarde, chegaram not\u00edcias confirmando as vis\u00f5es do franciscano.<\/p>\n","protected":false},"excerpt":{"rendered":"<p>\u201cDepois do parto, \u00f3 Virgem, permaneceste intacta: M\u00e3e de Deus, intercedei por n\u00f3s\u201d, escreveu santo Ant\u00f4nio de Sant\u2019Anna Galv\u00e3o em um papel que foi enrolado como p\u00edlula e ingerido por uma mulher que estava com complica\u00e7\u00f5es no parto e, logo ap\u00f3s, deu \u00e0 luz o beb\u00ea normalmente. Este \u00e9 o pequeno resumo de como come\u00e7ou [&hellip;]<\/p>\n","protected":false},"author":1,"featured_media":90995,"comment_status":"open","ping_status":"closed","sticky":false,"template":"","format":"standard","meta":{"footnotes":""},"categories":[4],"tags":[],"class_list":["post-90994","post","type-post","status-publish","format-standard","has-post-thumbnail","hentry","category-cotidiano"],"_links":{"self":[{"href":"https:\/\/catolicanet.net\/wp-cnet\/wp-json\/wp\/v2\/posts\/90994","targetHints":{"allow":["GET"]}}],"collection":[{"href":"https:\/\/catolicanet.net\/wp-cnet\/wp-json\/wp\/v2\/posts"}],"about":[{"href":"https:\/\/catolicanet.net\/wp-cnet\/wp-json\/wp\/v2\/types\/post"}],"author":[{"embeddable":true,"href":"https:\/\/catolicanet.net\/wp-cnet\/wp-json\/wp\/v2\/users\/1"}],"replies":[{"embeddable":true,"href":"https:\/\/catolicanet.net\/wp-cnet\/wp-json\/wp\/v2\/comments?post=90994"}],"version-history":[{"count":1,"href":"https:\/\/catolicanet.net\/wp-cnet\/wp-json\/wp\/v2\/posts\/90994\/revisions"}],"predecessor-version":[{"id":90997,"href":"https:\/\/catolicanet.net\/wp-cnet\/wp-json\/wp\/v2\/posts\/90994\/revisions\/90997"}],"wp:featuredmedia":[{"embeddable":true,"href":"https:\/\/catolicanet.net\/wp-cnet\/wp-json\/wp\/v2\/media\/90995"}],"wp:attachment":[{"href":"https:\/\/catolicanet.net\/wp-cnet\/wp-json\/wp\/v2\/media?parent=90994"}],"wp:term":[{"taxonomy":"category","embeddable":true,"href":"https:\/\/catolicanet.net\/wp-cnet\/wp-json\/wp\/v2\/categories?post=90994"},{"taxonomy":"post_tag","embeddable":true,"href":"https:\/\/catolicanet.net\/wp-cnet\/wp-json\/wp\/v2\/tags?post=90994"}],"curies":[{"name":"wp","href":"https:\/\/api.w.org\/{rel}","templated":true}]}}