{"id":90973,"date":"2024-10-25T09:51:30","date_gmt":"2024-10-25T12:51:30","guid":{"rendered":"https:\/\/catolicanet.net\/wp-cnet\/?p=90973"},"modified":"2024-10-25T10:53:43","modified_gmt":"2024-10-25T13:53:43","slug":"santa-se-esta-proxima-ao-sofrimento-do-libano-farol-de-paz-no-oriente-medio","status":"publish","type":"post","link":"https:\/\/catolicanet.net\/wp-cnet\/santa-se-esta-proxima-ao-sofrimento-do-libano-farol-de-paz-no-oriente-medio\/","title":{"rendered":"Santa S\u00e9 est\u00e1 pr\u00f3xima ao sofrimento do L\u00edbano, &#8220;farol de paz&#8221; no Oriente M\u00e9dio"},"content":{"rendered":"<div class=\"article__subTitle\" style=\"text-align: justify;\">Em discurso na Confer\u00eancia Internacional em Apoio \u00e0 Popula\u00e7\u00e3o e \u00e0 Soberania do Estado do Oriente M\u00e9dio, dom Miros\u0142aw Stanis\u0142aw Wachowski, subsecret\u00e1rio do Vaticano para as Rela\u00e7\u00f5es com os Estados, observa como o drama do conflito recai especialmente sobre as aldeias crist\u00e3s do L\u00edbano, desejando que continue sendo um \u201cfarol de paz e estabilidade\u201d em toda a regi\u00e3o.<\/div>\n<div class=\"title__separator\" style=\"text-align: justify;\"><\/div>\n<div class=\"article__text\">\n<p style=\"text-align: justify;\"><b>Edoardo Giribaldi &#8211; Vatican News<\/b><\/p>\n<p style=\"text-align: justify;\">\u201cUm o\u00e1sis de fraternidade, onde coexistem grupos religiosos e confessionais\u201d, um &#8220;farol de paz e estabilidade&#8221; no Oriente M\u00e9dio, para o qual \u00e9 imperativo que &#8220;a comunidade internacional assuma os desafios&#8221; que \u00e9 chamada a enfrentar. Essa \u00e9 a posi\u00e7\u00e3o da Santa S\u00e9 expressa pelo subsecret\u00e1rio para as Rela\u00e7\u00f5es com os Estados, dom Miros\u0142aw Stanis\u0142aw Wachowski, na Confer\u00eancia Internacional em Apoio \u00e0 Popula\u00e7\u00e3o e \u00e0 Soberania do L\u00edbano, em andamento em Paris.<\/p>\n<h2 style=\"text-align: justify;\">Apelo por um cessar-fogo imediato<\/h2>\n<p style=\"text-align: justify;\">A Santa S\u00e9, disse dom Wachowski, \u201ccompartilha o sofrimento do povo liban\u00eas\u201d, ampliado \u00e0quele de \u201coutros povos do Oriente M\u00e9dio\u201d. O apelo do Papa Francisco para \u201cum cessar-fogo imediato em todas as frentes\u201d, recorrendo \u00e0 \u201cnegocia\u00e7\u00e3o\u201d e \u00e0 \u201cmedia\u00e7\u00e3o\u201d, como \u201cproposto pelo Estatuto das Na\u00e7\u00f5es Unidas\u201d, foi reiterado por dom Wachowski, observando a necessidade de uma \u201csalvaguarda e promo\u00e7\u00e3o\u201d do \u201cprecioso\u201d pluralismo que caracteriza o L\u00edbano.<\/p>\n<h2 style=\"text-align: justify;\">Salvaguardar a integridade territorial<\/h2>\n<p style=\"text-align: justify;\">No contexto nacional e do Oriente M\u00e9dio, o papel das comunidades crist\u00e3s \u00e9 \u201cindispens\u00e1vel e fundamental\u201d, na opini\u00e3o da Santa S\u00e9, especialmente no \u201cbem-estar\u201d e na \u201cprosperidade\u201d, tornando-se um \u201ccomponente vital\u201d da identidade libanesa. A esse respeito, o prelado polon\u00eas reiterou a \u201cpreocupa\u00e7\u00e3o\u201d da Santa S\u00e9 em rela\u00e7\u00e3o ao cargo de presidente da Rep\u00fablica do L\u00edbano, atualmente vago. A sua elei\u00e7\u00e3o n\u00e3o \u00e9 uma \u201cmera op\u00e7\u00e3o\u201d, mas sim uma \u201cnecessidade\u201d para salvaguardar a \u201cindepend\u00eancia, a unidade e a integridade territorial do L\u00edbano&#8221;.<br \/>\nPortanto, espera-se, com a \u201cm\u00e1xima urg\u00eancia\u201d, que esse \u201cv\u00e1cuo institucional\u201d seja \u201cpreenchido\u201d.<\/p>\n<h2 style=\"text-align: justify;\">As consequ\u00eancias do conflito para os civis<\/h2>\n<p style=\"text-align: justify;\">O discurso de dom Wachowski abordou o atual conflito no Oriente M\u00e9dio, que confronta a popula\u00e7\u00e3o com perspectivas de \u201cdevasta\u00e7\u00e3o e perda de vidas humanas\u201d. As maiores press\u00f5es recaem sobre as popula\u00e7\u00f5es do sul do L\u00edbano, \u201cespecialmente sobre as aldeias crist\u00e3s\u201d. A Santa S\u00e9 reiterou seu apelo para o cumprimento das normas internacionais, incluindo \u201ca prote\u00e7\u00e3o de hospitais, cl\u00ednicas, escolas, institui\u00e7\u00f5es educacionais e locais de culto que atendem civis\u201d, bem como seus \u201cbens pessoais\u201d.<\/p>\n<h2 style=\"text-align: justify;\">O compromisso da Igreja libanesa<\/h2>\n<p style=\"text-align: justify;\">A comunidade internacional \u00e9 chamada a ajudar o L\u00edbano a lidar com o fluxo de pessoas deslocadas do norte para o sul do pa\u00eds, observando o compromisso da Igreja, por meio dos esfor\u00e7os da Caritas local e de \u201cnumerosas par\u00f3quias, escolas, mosteiros e conventos\u201d, em garantir-lhes \u201cprote\u00e7\u00e3o e apoio\u201d.<\/p>\n<p style=\"text-align: justify;\">Em seguida, dom Wachowski pediu o \u201crespeito\u201d da miss\u00e3o da For\u00e7a Interina das Na\u00e7\u00f5es Unidas no L\u00edbano (Unifil), exigindo a implementa\u00e7\u00e3o das resolu\u00e7\u00f5es da ONU relacionadas ao L\u00edbano, como a jurisdi\u00e7\u00e3o do governo local sobre todo o territ\u00f3rio.<\/p>\n<h2 style=\"text-align: justify;\">&#8220;Chega de usar o L\u00edbano e o Oriente M\u00e9dio&#8221;<\/h2>\n<p style=\"text-align: justify;\">Continua sendo imperativo deixar de lado as \u201cverdades parciais\u201d para que elas n\u00e3o prevale\u00e7am sobre a esperan\u00e7a das pessoas, concluiu o bispo polon\u00eas, citando novamente\u00a0<a href=\"https:\/\/www.vatican.va\/content\/francesco\/pt\/speeches\/2021\/july\/documents\/20210701-libanesi.html\" target=\"_blank\" rel=\"external noopener\">o Papa Francisco<\/a>: \u201cBasta com usar o L\u00edbano e o Oriente M\u00e9dio para interesses e lucros alheios!\u201d.<\/p>\n<\/div>\n","protected":false},"excerpt":{"rendered":"<p>Em discurso na Confer\u00eancia Internacional em Apoio \u00e0 Popula\u00e7\u00e3o e \u00e0 Soberania do Estado do Oriente M\u00e9dio, dom Miros\u0142aw Stanis\u0142aw Wachowski, subsecret\u00e1rio do Vaticano para as Rela\u00e7\u00f5es com os Estados, observa como o drama do conflito recai especialmente sobre as aldeias crist\u00e3s do L\u00edbano, desejando que continue sendo um \u201cfarol de paz e estabilidade\u201d em [&hellip;]<\/p>\n","protected":false},"author":1,"featured_media":90974,"comment_status":"open","ping_status":"closed","sticky":false,"template":"","format":"standard","meta":{"footnotes":""},"categories":[3],"tags":[],"class_list":["post-90973","post","type-post","status-publish","format-standard","has-post-thumbnail","hentry","category-vaticano"],"_links":{"self":[{"href":"https:\/\/catolicanet.net\/wp-cnet\/wp-json\/wp\/v2\/posts\/90973","targetHints":{"allow":["GET"]}}],"collection":[{"href":"https:\/\/catolicanet.net\/wp-cnet\/wp-json\/wp\/v2\/posts"}],"about":[{"href":"https:\/\/catolicanet.net\/wp-cnet\/wp-json\/wp\/v2\/types\/post"}],"author":[{"embeddable":true,"href":"https:\/\/catolicanet.net\/wp-cnet\/wp-json\/wp\/v2\/users\/1"}],"replies":[{"embeddable":true,"href":"https:\/\/catolicanet.net\/wp-cnet\/wp-json\/wp\/v2\/comments?post=90973"}],"version-history":[{"count":1,"href":"https:\/\/catolicanet.net\/wp-cnet\/wp-json\/wp\/v2\/posts\/90973\/revisions"}],"predecessor-version":[{"id":90976,"href":"https:\/\/catolicanet.net\/wp-cnet\/wp-json\/wp\/v2\/posts\/90973\/revisions\/90976"}],"wp:featuredmedia":[{"embeddable":true,"href":"https:\/\/catolicanet.net\/wp-cnet\/wp-json\/wp\/v2\/media\/90974"}],"wp:attachment":[{"href":"https:\/\/catolicanet.net\/wp-cnet\/wp-json\/wp\/v2\/media?parent=90973"}],"wp:term":[{"taxonomy":"category","embeddable":true,"href":"https:\/\/catolicanet.net\/wp-cnet\/wp-json\/wp\/v2\/categories?post=90973"},{"taxonomy":"post_tag","embeddable":true,"href":"https:\/\/catolicanet.net\/wp-cnet\/wp-json\/wp\/v2\/tags?post=90973"}],"curies":[{"name":"wp","href":"https:\/\/api.w.org\/{rel}","templated":true}]}}