{"id":90965,"date":"2024-10-25T09:47:23","date_gmt":"2024-10-25T12:47:23","guid":{"rendered":"https:\/\/catolicanet.net\/wp-cnet\/?p=90965"},"modified":"2024-10-25T10:48:33","modified_gmt":"2024-10-25T13:48:33","slug":"um-coracao-que-muda-o-mundo","status":"publish","type":"post","link":"https:\/\/catolicanet.net\/wp-cnet\/um-coracao-que-muda-o-mundo\/","title":{"rendered":"Um cora\u00e7\u00e3o que muda o mundo"},"content":{"rendered":"<p style=\"text-align: justify;\"><span class=\"didascalia_img\">Papa Francisco abra\u00e7a uma mulher idosa\u00a0<\/span><\/p>\n<div class=\"article__subTitle\" style=\"text-align: justify;\">A enc\u00edclica do Papa Francisco nos ajuda a compreender o modo como Cristo nos ama<\/div>\n<div class=\"title__separator\" style=\"text-align: justify;\"><\/div>\n<div class=\"article__text\">\n<p style=\"text-align: justify;\"><b>Andrea Tornielli<\/b><\/p>\n<p style=\"text-align: justify;\">O Papa Francisco escreve em sua nova enc\u00edclica que \u201co modo como Cristo nos ama \u00e9 algo que Ele n\u00e3o quis explicar muito. Ele mostrou isso em seus gestos. Observando-o agir, podemos descobrir como ele trata cada um de n\u00f3s&#8230;\u201d. Filhos como somos do racionalismo grego, do idealismo p\u00f3s-crist\u00e3o, do materialismo e, hoje, na cultura l\u00edquida do individualismo, lutamos para entender plenamente que o cristianismo n\u00e3o \u00e9 redut\u00edvel a uma teoria, uma filosofia, um conjunto de normas morais ou mesmo uma sequ\u00eancia de emo\u00e7\u00f5es sentimentalistas. \u00c9, em vez disso, um encontro com uma Pessoa viva.<\/p>\n<p style=\"text-align: justify;\">Compreender o modo como ele nos ama, ou seja, como ele nos atrai e nos chama, e entrar em um relacionamento com ele n\u00e3o pode, portanto, ser reduzido ao racioc\u00ednio, a uma identidade cultural a ser ostentada ou a um manual de regras a ser consultado quando necess\u00e1rio. Compreender como Jesus nos ama tem a ver com o cora\u00e7\u00e3o: \u00e9 uma hist\u00f3ria de gestos, olhares e palavras. \u00c9 uma hist\u00f3ria de amizade, uma quest\u00e3o de cora\u00e7\u00e3o. \u201cEu sou o meu cora\u00e7\u00e3o\u201d, escreve o Sucessor de Pedro, \u2018porque \u00e9 o que me distingue, me configura em minha identidade espiritual e me coloca em comunh\u00e3o com as outras pessoas\u2019. Podemos entender como Jesus nos ama, sugere Francisco, \u201cvendo-o agir\u201d, ou seja, meditando as cenas do Evangelho e deixando-nos surpreender pelos eventos evang\u00e9licos que continuam a acontecer ao nosso redor, talvez onde menos esperamos.<\/p>\n<p style=\"text-align: justify;\">Observando-O agir, vemos que Jesus \u201cd\u00e1 toda a sua aten\u00e7\u00e3o \u00e0s pessoas, \u00e0s suas preocupa\u00e7\u00f5es, aos seus sofrimentos\u201d. O que o Nazareno prop\u00f5e \u00e9 \u201co pertencimento m\u00fatuo de amigos\u201d. Ele veio, venceu todas as dist\u00e2ncias, fez-se t\u00e3o pr\u00f3ximo de n\u00f3s como as coisas mais simples e cotidianas da exist\u00eancia. De fato, Ele tem outro nome, que \u00e9 \u201cEmanuel\u201d e significa \u201cDeus conosco\u201d, Deus pr\u00f3ximo de nossas vidas, vivendo entre n\u00f3s. O Filho de Deus se encarnou\u201d e esvaziou-se, tornando-se servo e sacrificando-se por amor.<\/p>\n<p style=\"text-align: justify;\">Encontrar a f\u00e9 crist\u00e3 \u00e9 encontrar o cora\u00e7\u00e3o de Cristo, aquele cora\u00e7\u00e3o incapaz de permanecer indiferente, que nos abra\u00e7a com sua infinita miseric\u00f3rdia e nos convida a imit\u00e1-lo. E isso tem consequ\u00eancias sociais, porque o mundo, que sobrevive em meio a guerras, desequil\u00edbrios socioecon\u00f4micos, consumismo e uso anti-humano da tecnologia, \u201cpode mudar a partir do cora\u00e7\u00e3o\u201d. A enc\u00edclica\u00a0<i>Dilexit nos<\/i>\u00a0se torna, portanto, uma chave interpretativa de todo o pontificado.<\/p>\n<\/div>\n","protected":false},"excerpt":{"rendered":"<p>Papa Francisco abra\u00e7a uma mulher idosa\u00a0 A enc\u00edclica do Papa Francisco nos ajuda a compreender o modo como Cristo nos ama Andrea Tornielli O Papa Francisco escreve em sua nova enc\u00edclica que \u201co modo como Cristo nos ama \u00e9 algo que Ele n\u00e3o quis explicar muito. Ele mostrou isso em seus gestos. Observando-o agir, podemos [&hellip;]<\/p>\n","protected":false},"author":1,"featured_media":90966,"comment_status":"open","ping_status":"closed","sticky":false,"template":"","format":"standard","meta":{"footnotes":""},"categories":[3],"tags":[],"class_list":["post-90965","post","type-post","status-publish","format-standard","has-post-thumbnail","hentry","category-vaticano"],"_links":{"self":[{"href":"https:\/\/catolicanet.net\/wp-cnet\/wp-json\/wp\/v2\/posts\/90965","targetHints":{"allow":["GET"]}}],"collection":[{"href":"https:\/\/catolicanet.net\/wp-cnet\/wp-json\/wp\/v2\/posts"}],"about":[{"href":"https:\/\/catolicanet.net\/wp-cnet\/wp-json\/wp\/v2\/types\/post"}],"author":[{"embeddable":true,"href":"https:\/\/catolicanet.net\/wp-cnet\/wp-json\/wp\/v2\/users\/1"}],"replies":[{"embeddable":true,"href":"https:\/\/catolicanet.net\/wp-cnet\/wp-json\/wp\/v2\/comments?post=90965"}],"version-history":[{"count":1,"href":"https:\/\/catolicanet.net\/wp-cnet\/wp-json\/wp\/v2\/posts\/90965\/revisions"}],"predecessor-version":[{"id":90968,"href":"https:\/\/catolicanet.net\/wp-cnet\/wp-json\/wp\/v2\/posts\/90965\/revisions\/90968"}],"wp:featuredmedia":[{"embeddable":true,"href":"https:\/\/catolicanet.net\/wp-cnet\/wp-json\/wp\/v2\/media\/90966"}],"wp:attachment":[{"href":"https:\/\/catolicanet.net\/wp-cnet\/wp-json\/wp\/v2\/media?parent=90965"}],"wp:term":[{"taxonomy":"category","embeddable":true,"href":"https:\/\/catolicanet.net\/wp-cnet\/wp-json\/wp\/v2\/categories?post=90965"},{"taxonomy":"post_tag","embeddable":true,"href":"https:\/\/catolicanet.net\/wp-cnet\/wp-json\/wp\/v2\/tags?post=90965"}],"curies":[{"name":"wp","href":"https:\/\/api.w.org\/{rel}","templated":true}]}}