{"id":90947,"date":"2024-10-22T09:11:35","date_gmt":"2024-10-22T12:11:35","guid":{"rendered":"https:\/\/catolicanet.net\/wp-cnet\/?p=90947"},"modified":"2024-10-22T17:13:08","modified_gmt":"2024-10-22T20:13:08","slug":"sao-joao-paulo-ii-3","status":"publish","type":"post","link":"https:\/\/catolicanet.net\/wp-cnet\/sao-joao-paulo-ii-3\/","title":{"rendered":"S\u00e3o Jo\u00e3o Paulo II"},"content":{"rendered":"<p style=\"text-align: justify;\">Celebramos no dia 22 de outubro a mem\u00f3ria lit\u00fargica do saudoso Papa S\u00e3o Jo\u00e3o Paulo II, muito querido por todos n\u00f3s e que devido a sua hist\u00f3ria de vida e por exalar o odor de santidade por onde passava logo foi canonizado pela Igreja. O pontificado de Jo\u00e3o Paulo II foi um dos mais longos da hist\u00f3ria da igreja, e com certeza foi um pontificado que estreitou la\u00e7os, endireitou caminhos tortuosos, e ensinou muito sobre o amor \u00e0 Deus e ao pr\u00f3ximo.<\/p>\n<p style=\"text-align: justify;\">O Papa Jo\u00e3o Paulo II foi um exemplo de for\u00e7a e perseveran\u00e7a, pois continuou firme no pontificado mesmo ap\u00f3s o atentado que sofreu e mesmo debilitado com a idade e doen\u00e7a permaneceu no pontificado at\u00e9 a morte. O pontificado de Jo\u00e3o Paulo II iniciou em 1978 e foi at\u00e9 2005, ele foi eleito Papa logo ap\u00f3s o pontificado brev\u00edssimo de Jo\u00e3o Paulo I, que devido \u00e0 um enfarto teve a dura\u00e7\u00e3o apenas de trinta dias.<\/p>\n<p style=\"text-align: justify;\">O Papa Jo\u00e3o Paulo II seguiu a linha de pontificado iniciada por Paulo VI, ensinando a humanidade o caminho do amor, ou seja, Jo\u00e3o Paulo II nos ensinou que \u00e9 mais f\u00e1cil construir pontes de amor do que \u00f3dio. O atual Pont\u00edfice, o Papa Francisco tamb\u00e9m tem ensinado a humanidade o caminho do amor e pedido que todos deixem o \u00f3dio e a guerra de lado e promovam a paz, optem pelo di\u00e1logo e n\u00e3o pelas armas.<\/p>\n<p style=\"text-align: justify;\">Jo\u00e3o Paulo II assumiu o pontificado num tempo de transforma\u00e7\u00e3o da Igreja, ap\u00f3s o Conc\u00edlio Ecum\u00eanico Vaticano II, ele atuou bastante na luta contra o comunismo, na defesa da fam\u00edlia, possibilitou a abertura ao di\u00e1logo inter-religioso, e promoveu a paz entre as religi\u00f5es. O Papa Wojtyla iniciou o seu Pontificado dizendo: \u201cN\u00e3o tenham medo de abrir vossos cora\u00e7\u00f5es ao Redentor!\u201d Ele foi o Papa que mais viajou e realizou visitas pastorais, ao todo foram 129 pa\u00edses, em cada pa\u00eds que viajava beijava o ch\u00e3o do lugar como sinal de ben\u00e7\u00e3o para aquele lugar. Tivemos a gra\u00e7a de receber o sumo pont\u00edfice aqui no Brasil por tr\u00eas vezes, em 1980, 1991 e 1997.<\/p>\n<p style=\"text-align: justify;\">O funeral de Jo\u00e3o Paulo II aconteceu em 2005, marcado por muita como\u00e7\u00e3o de todos os fi\u00e9is, pois conforme dissemos foi um pontificado que foi um marco entre fim do s\u00e9culo XX e in\u00edcio do s\u00e9culo XXI, o novo mil\u00eanio. Por isso, em seu funeral os fi\u00e9is o proclamavam santo dizendo: <em>\u201cSanto S\u00fabito\u201d,<\/em> ou seja, Santo imediatamente. At\u00e9 mesmo quem n\u00e3o professava a f\u00e9 cat\u00f3lica, sentiu a sua morte.<\/p>\n<p style=\"text-align: justify;\">O Papa Jo\u00e3o Paulo II era polon\u00eas, cresceu em uma pequena vila, simples. O seu nome de batismo era Karol J\u00f3zef Wojtyla, nasceu em 18 de maio de 1.920, em Wadowice. Era o mais novo de tr\u00eas irm\u00e3os, perdeu uma irm\u00e3, antes mesmo de seu nascimento. Karol Wojtyla era filho do oficial do ex\u00e9rcito Polon\u00eas, seu pai tamb\u00e9m se chamava Karol e sua m\u00e3e Emilia Kaczorowska. A gesta\u00e7\u00e3o de Jo\u00e3o Paulo II foi de risco, os m\u00e9dicos at\u00e9 sugeriram a sua m\u00e3e que interrompesse a gravidez, mas ela em um gesto prof\u00e9tico seguiu adiante com a gesta\u00e7\u00e3o e depois de anos ele se tornou um dos maiores nomes da Igreja.<\/p>\n<p style=\"text-align: justify;\">Com a sa\u00fade debilitada, a m\u00e3e de Karol Wojtyla morreu quando ele tinha apenas nove anos, tr\u00eas anos depois seu irm\u00e3o mais velho Edmund morre tamb\u00e9m. Ele era m\u00e9dico e acabou contraindo a doen\u00e7a, estava em meio a pandemia da escarlatina. Karol sempre se lembrava com carinho do seu irm\u00e3o, o chamando de m\u00e1rtir do dever.<\/p>\n<p style=\"text-align: justify;\">Aos vinte e um anos de idade, Karol ficaria como \u00fanico membro da fam\u00edlia, seu pai falece. Foi com seu pai que ele aprendeu a amar a Virgem Maria, a bravura, o amor \u00e0 p\u00e1tria e a honestidade. Tr\u00eas grandes valores que devem nortear a vida do ser humano. A dor de Jo\u00e3o Paulo II transformou-se em ora\u00e7\u00e3o, pois seu Pai deixou um grande exemplo de f\u00e9 e confian\u00e7a em Deus.<\/p>\n<p style=\"text-align: justify;\">Mesmo com todas as perdas e se encontrando sozinho aos 21 anos de idade, um amor muito grande a Deus envolvia o cora\u00e7\u00e3o de Karol, devido tudo aquilo que sua fam\u00edlia lhe ensinou. Estava passando por dificuldades em seu pa\u00eds, devido a ocupa\u00e7\u00e3o Nazista na Pol\u00f4nia. Ele queria ser ator, mas para evitar ser deportado para a Alemanha, chegou a trabalhar numa pedreira e numa ind\u00fastria qu\u00edmica. Mesmo sem ser deportado, viu de perto os horrores que a guerra causava e as profundas marcas deixadas em sua amada terra natal Pol\u00f4nia. Conheceu v\u00e1rias hist\u00f3rias de sofrimento, a mais marcante foi de uma jovem de 13 anos, ele a salvou da fome ap\u00f3s ela sair do campo de concentra\u00e7\u00e3o. A dor de sua na\u00e7\u00e3o fez Karol enxergar que somente a paz pode ser um caminho para construir uma sociedade mais justa e fraterna.<\/p>\n<p style=\"text-align: justify;\">Foi durante a ocupa\u00e7\u00e3o Nazista que o jovem Karol come\u00e7ou a trilhar o caminho do sacerd\u00f3cio. De maneira clandestina, ingressou no Semin\u00e1rio em 1942, tendo aulas secretas na resid\u00eancia do Arcebispo de Crac\u00f3via. Quatro anos mais tarde, em 1946, foi ordenado sacerdote, pelo ent\u00e3o Cardeal Adam Sapieha. Por doze anos intercalou a sua vida presbiteral com os estudos, licenciatura de teologia e \u00e9tica social, al\u00e9m daquilo que era pr\u00f3prio do minist\u00e9rio. Doze anos ap\u00f3s a sua ordena\u00e7\u00e3o, Karol se tornou bispo de Ombi e bispo auxiliar de Crac\u00f3via. Em 1964 se tornou Arcebispo de Crac\u00f3via e em 1967 recebeu o t\u00edtulo de cardeal por indica\u00e7\u00e3o de Paulo VI.<\/p>\n<p style=\"text-align: justify;\">Karol Wojtyla foi eleito Papa em 1978, no conclave que sucedeu a Jo\u00e3o Paulo I. Foi o primeiro depois de 450 anos n\u00e3o sendo italiano. Escolheu como nome Jo\u00e3o Paulo II e implantou em seu minist\u00e9rio valores que aprendeu durante toda a sua vida. Com um discurso conciliador construiu \u201cpontes\u201d de amor, justi\u00e7a e paz e abriu as portas da igreja para o di\u00e1logo Inter-religioso. Pregava que somente o amor poderia mudar o mundo e que as pessoas deveriam colocar em pr\u00e1tica aquilo que tanto Jesus ensinou.<\/p>\n<p style=\"text-align: justify;\">Foi com o Papa Jo\u00e3o Paulo II que iniciou a Jornada Mundial da Juventude que tem at\u00e9 hoje, instituiu o quarto conjunto de cinco mist\u00e9rios no ter\u00e7o \u2013 conhecido como mist\u00e9rios luminosos, esteve \u00e0 frente do grande ano jubilar em 2000 e acompanhou de perto as transforma\u00e7\u00f5es da Igreja e da sociedade.<\/p>\n<p style=\"text-align: justify;\">O Papa Jo\u00e3o Paulo II foi defensor incans\u00e1vel da fam\u00edlia e de seus valores e chamou a fam\u00edlia de santu\u00e1rio da vida. Escreveu 14 enc\u00edclicas, organizou 15 assembleias do S\u00ednodo dos Bispos, nomeou 231 cardeais, beatificou 1338 pessoas e canonizou 482 santos.<\/p>\n<p style=\"text-align: justify;\">O Papa Jo\u00e3o Paulo II morre em 2 de abril de 2005, ap\u00f3s uma dura batalha contra o mal de Parkinson. Mesmo com a gravidade da doen\u00e7a e algumas pessoas pedindo para deixar o minist\u00e9rio, persistiu at\u00e9 o fim. Seu funeral reuniu milhares de pessoas em Roma e mais de 200 representantes de governo.<\/p>\n<p style=\"text-align: justify;\">Devo consignar minha gratid\u00e3o a S\u00e3o Jo\u00e3o Paulo II que, sem m\u00e9rito nenhum de minha parte, inscreveu-me no Col\u00e9gio Episcopal como Bispo de S\u00e3o Jos\u00e9 do Rio Preto. Agrade\u00e7o e bendigo a Deus pela benevol\u00eancia de seu supremo pontificado para comigo e para com a Igreja!<\/p>\n<p style=\"text-align: justify;\">Somos convidados ainda hoje a seguir o legado deixado pelo Papa Jo\u00e3o Paulo II, nos abrindo para o amor e para o perd\u00e3o aos nossos irm\u00e3os. \u00c9 s\u00f3 o amor que vai ser capaz de construir uma sociedade mais justa e fraterna. Sejamos anunciadores da paz e construtores do reino de Deus. Celebremos com alegria a sua mem\u00f3ria lit\u00fargica e que possamos lembrar de seus exemplos deixados para n\u00f3s.<\/p>\n","protected":false},"excerpt":{"rendered":"<p>Celebramos no dia 22 de outubro a mem\u00f3ria lit\u00fargica do saudoso Papa S\u00e3o Jo\u00e3o Paulo II, muito querido por todos n\u00f3s e que devido a sua hist\u00f3ria de vida e por exalar o odor de santidade por onde passava logo foi canonizado pela Igreja. O pontificado de Jo\u00e3o Paulo II foi um dos mais longos [&hellip;]<\/p>\n","protected":false},"author":5,"featured_media":55819,"comment_status":"open","ping_status":"closed","sticky":false,"template":"","format":"standard","meta":{"footnotes":""},"categories":[9],"tags":[],"class_list":["post-90947","post","type-post","status-publish","format-standard","has-post-thumbnail","hentry","category-artigos"],"_links":{"self":[{"href":"https:\/\/catolicanet.net\/wp-cnet\/wp-json\/wp\/v2\/posts\/90947","targetHints":{"allow":["GET"]}}],"collection":[{"href":"https:\/\/catolicanet.net\/wp-cnet\/wp-json\/wp\/v2\/posts"}],"about":[{"href":"https:\/\/catolicanet.net\/wp-cnet\/wp-json\/wp\/v2\/types\/post"}],"author":[{"embeddable":true,"href":"https:\/\/catolicanet.net\/wp-cnet\/wp-json\/wp\/v2\/users\/5"}],"replies":[{"embeddable":true,"href":"https:\/\/catolicanet.net\/wp-cnet\/wp-json\/wp\/v2\/comments?post=90947"}],"version-history":[{"count":1,"href":"https:\/\/catolicanet.net\/wp-cnet\/wp-json\/wp\/v2\/posts\/90947\/revisions"}],"predecessor-version":[{"id":90949,"href":"https:\/\/catolicanet.net\/wp-cnet\/wp-json\/wp\/v2\/posts\/90947\/revisions\/90949"}],"wp:featuredmedia":[{"embeddable":true,"href":"https:\/\/catolicanet.net\/wp-cnet\/wp-json\/wp\/v2\/media\/55819"}],"wp:attachment":[{"href":"https:\/\/catolicanet.net\/wp-cnet\/wp-json\/wp\/v2\/media?parent=90947"}],"wp:term":[{"taxonomy":"category","embeddable":true,"href":"https:\/\/catolicanet.net\/wp-cnet\/wp-json\/wp\/v2\/categories?post=90947"},{"taxonomy":"post_tag","embeddable":true,"href":"https:\/\/catolicanet.net\/wp-cnet\/wp-json\/wp\/v2\/tags?post=90947"}],"curies":[{"name":"wp","href":"https:\/\/api.w.org\/{rel}","templated":true}]}}