{"id":90928,"date":"2024-10-22T09:45:53","date_gmt":"2024-10-22T12:45:53","guid":{"rendered":"https:\/\/catolicanet.net\/wp-cnet\/?p=90928"},"modified":"2024-10-22T16:47:33","modified_gmt":"2024-10-22T19:47:33","slug":"centro-cultural-missionario-e-pontificias-obras-missionarias-realizam-retiro-espiritual-em-brasilia-de-15-a-17-de-novembro","status":"publish","type":"post","link":"https:\/\/catolicanet.net\/wp-cnet\/centro-cultural-missionario-e-pontificias-obras-missionarias-realizam-retiro-espiritual-em-brasilia-de-15-a-17-de-novembro\/","title":{"rendered":"Centro Cultural Mission\u00e1rio e Pontif\u00edcias Obras Mission\u00e1rias realizam retiro espiritual em Bras\u00edlia, de 15 a 17 de novembro"},"content":{"rendered":"<p style=\"text-align: justify;\"><span class=\"TextRun SCXW10404108 BCX8\" lang=\"PT-BR\" xml:lang=\"PT-BR\" data-contrast=\"none\"><span class=\"NormalTextRun SCXW10404108 BCX8\">O Centro Cultural Mission\u00e1rio, CCM<\/span><span class=\"NormalTextRun SCXW10404108 BCX8\">, em parceria com as Pontif\u00edcias Obras Mission\u00e1rias,\u00a0<\/span><span class=\"NormalTextRun SpellingErrorV2Themed SCXW10404108 BCX8\">POM<\/span><span class=\"NormalTextRun SCXW10404108 BCX8\">, deseja ajudar na anima\u00e7\u00e3o e capacita\u00e7\u00e3o de disc\u00edpulos mission\u00e1rios da Igreja no Brasil, atrav\u00e9s da proposta de um retiro espiritual, a ser realizado de 15 a 17 de novembro<\/span><span class=\"NormalTextRun SCXW10404108 BCX8\">,\u00a0<\/span><span class=\"NormalTextRun SCXW10404108 BCX8\">em B<\/span><span class=\"NormalTextRun SpellingErrorV2Themed SCXW10404108 BCX8\">ras\u00edlia (DF).<\/span><\/span><\/p>\n<p style=\"text-align: justify;\"><span class=\"TextRun SCXW10404108 BCX8\" lang=\"PT-BR\" xml:lang=\"PT-BR\" data-contrast=\"none\"><span class=\"NormalTextRun SpellingErrorV2Themed SCXW10404108 BCX8\">E<\/span><span class=\"NormalTextRun SCXW10404108 BCX8\">ssa exper<\/span><span class=\"NormalTextRun SCXW10404108 BCX8\">i<\/span><span class=\"NormalTextRun SCXW10404108 BCX8\">\u00eancia\u00a0<\/span><span class=\"NormalTextRun SCXW10404108 BCX8\">espiritual levar\u00e1 em considera\u00e7\u00e3o as inspira\u00e7\u00f5es vindas da palavra de Deus, da liturgia da Igreja e da prepara\u00e7\u00e3o para o Jubileu 2025<\/span><span class=\"NormalTextRun SCXW10404108 BCX8\">, que tem como tema: \u201cPeregrinos da esperan\u00e7a\u201d.<\/span><\/span><\/p>\n<p style=\"text-align: justify;\">O retiro n\u00e3o \u00e9 apenas uma forma\u00e7\u00e3o ou um curso. \u00c9 um exerc\u00edcio espiritual que envolve momentos de recolhimento, contato com a Palavra de Deus, reflex\u00e3o e ora\u00e7\u00e3o, que devem levar \u00e0 convers\u00e3o. Seus participantes vivem a experi\u00eancia de um encontro consigo mesmo, com os outros, com o mundo e com Deus.<\/p>\n<p style=\"text-align: justify;\"><span class=\"TextRun SCXW10404108 BCX8\" lang=\"PT-BR\" xml:lang=\"PT-BR\" data-contrast=\"none\"><span class=\"NormalTextRun SCXW10404108 BCX8\">O orientador do retiro ser\u00e1 o bispo em\u00e9rito de A<\/span><span class=\"NormalTextRun SpellingErrorV2Themed SCXW10404108 BCX8\">ra\u00e7ua\u00ed<\/span><span class=\"NormalTextRun SCXW10404108 BCX8\">, Minas Gerais, e membro da Comiss\u00e3o Episcopal para a A\u00e7\u00e3o Mission\u00e1ria e Coopera\u00e7\u00e3o Interec<\/span><span class=\"NormalTextRun SCXW10404108 BCX8\">lesial da CNBB, dom Esmeraldo Barreto de Farias.\u00a0<\/span><\/span><\/p>\n<blockquote><p>\u201cQue a participa\u00e7\u00e3o nesse retiro espiritual ajude a revitalizar nossas op\u00e7\u00f5es pessoais pelo Senhor, alimentar nossa amizade com Ele, amadurecer nossa solidariedade com os outros e reacender em n\u00f3s \u201ca paix\u00e3o pelo Senhor e, simultaneamente uma paix\u00e3o pelo seu povo\u201d (EG, 268)!\u201d<\/p><\/blockquote>\n<h4 style=\"text-align: justify;\"><strong>Inscri\u00e7\u00f5es e n\u00famero de vagas\u00a0<\/strong><\/h4>\n<p style=\"text-align: justify;\">Ser\u00e3o disponibilizadas 200 vagas para o retiro, mas apenas 60 vagas para hospedagem no Centro Cultural Mission\u00e1rio (CCM). As inscri\u00e7\u00f5es ser\u00e3o efetuadas atrav\u00e9s do site do CCM:\u00a0<a href=\"http:\/\/www.ccm.org.br\/\" target=\"_blank\" rel=\"noopener\">www.ccm.org.br<\/a><\/p>\n<p style=\"text-align: justify;\">\n<h4 style=\"text-align: justify;\"><strong>Programa\u00e7\u00e3o<\/strong><\/h4>\n<p style=\"text-align: justify;\">\n<p style=\"text-align: justify;\">\n<p style=\"text-align: justify;\"><strong>15\/11 (Sexta-feira)<br \/>\n<\/strong>12:00\u00a0\u00a0\u00a0\u00a0\u00a0\u00a0\u00a0 Almo\u00e7o<br \/>\n14:00\u00a0\u00a0\u00a0\u00a0\u00a0\u00a0\u00a0 Abertura do retiro (acolhida, apresenta\u00e7\u00e3o, orienta\u00e7\u00f5es pr\u00e1ticas)<br \/>\n14:30\u00a0\u00a0\u00a0\u00a0\u00a0\u00a0\u00a0\u00a0<em>Momento orante<br \/>\n<\/em>15:00\u00a0\u00a0\u00a0\u00a0\u00a0\u00a0\u00a0 1\u00aa reflex\u00e3o:\u00a0<em>Retiro espiritual: seu sentido e import\u00e2ncia na vida do crist\u00e3o<br \/>\n<\/em>16:00\u00a0\u00a0\u00a0\u00a0\u00a0\u00a0 Lanche<br \/>\n16:15\u00a0\u00a0\u00a0\u00a0\u00a0\u00a0\u00a0\u00a0 Deserto pessoal<br \/>\n17:00\u00a0\u00a0\u00a0\u00a0\u00a0\u00a0\u00a0 Partilha em grupos de viv\u00eancia<br \/>\n17:45\u00a0\u00a0\u00a0\u00a0\u00a0\u00a0\u00a0\u00a0 Prepara\u00e7\u00e3o para a celebra\u00e7\u00e3o da Eucaristia<br \/>\n18:00\u00a0\u00a0\u00a0\u00a0\u00a0\u00a0\u00a0 Celebra\u00e7\u00e3o da Eucaristia<br \/>\n19:00\u00a0\u00a0\u00a0\u00a0\u00a0\u00a0\u00a0 Jantar<br \/>\n20:00\u00a0\u00a0\u00a0\u00a0\u00a0 Filme: \u201cPapa Francisco \u2013 homem de palavra\u201d<br \/>\n21:40\u00a0\u00a0\u00a0\u00a0\u00a0\u00a0\u00a0 Momento orante<br \/>\n22:00\u00a0\u00a0\u00a0\u00a0\u00a0\u00a0 Recolhimento e sil\u00eancio<\/p>\n<p style=\"text-align: justify;\"><strong>16\/11 (S\u00e1bado)<br \/>\n<\/strong>07:00\u00a0\u00a0\u00a0\u00a0\u00a0\u00a0 Caf\u00e9 da manh\u00e3<br \/>\n08:00\u00a0\u00a0\u00a0\u00a0\u00a0 Leitura orante da Palavra em comunidade<br \/>\n08:45\u00a0\u00a0\u00a0\u00a0\u00a0\u00a0 2\u00aa reflex\u00e3o:\u00a0<em>Crescer no amor pela Palavra (EG 149)<br \/>\n<\/em>09:30\u00a0\u00a0\u00a0\u00a0\u00a0\u00a0 Deserto pessoal<br \/>\n10:00\u00a0\u00a0\u00a0\u00a0\u00a0\u00a0 Lanche<br \/>\n10:15\u00a0\u00a0\u00a0\u00a0\u00a0\u00a0\u00a0\u00a0 Deserto pessoal<br \/>\n11:00\u00a0\u00a0\u00a0\u00a0\u00a0\u00a0\u00a0\u00a0 Ter\u00e7o mission\u00e1rio (mist\u00e9rio da encarna\u00e7\u00e3o)<br \/>\n12:00\u00a0\u00a0\u00a0\u00a0\u00a0\u00a0\u00a0 Almo\u00e7o<br \/>\n14:00\u00a0\u00a0\u00a0\u00a0\u00a0\u00a0\u00a0 Momento orante<br \/>\n14:30\u00a0\u00a0\u00a0\u00a0\u00a0\u00a0\u00a0 3\u00aa reflex\u00e3o:\u00a0<em>Identidade mission\u00e1ria do disc\u00edpulo de Jesus Cristo<br \/>\n<\/em>15:30\u00a0\u00a0\u00a0\u00a0\u00a0\u00a0\u00a0 Deserto pessoal<br \/>\n16:00\u00a0\u00a0\u00a0\u00a0\u00a0\u00a0 Lanche<br \/>\n16:15\u00a0\u00a0\u00a0\u00a0\u00a0\u00a0\u00a0\u00a0 Celebra\u00e7\u00e3o da penit\u00eancia (mist\u00e9rio da miseric\u00f3rdia)<br \/>\n17:15\u00a0\u00a0\u00a0\u00a0\u00a0\u00a0\u00a0\u00a0\u00a0 Partilha em grupos de viv\u00eancia<br \/>\n17:45\u00a0\u00a0\u00a0\u00a0\u00a0\u00a0\u00a0\u00a0 Prepara\u00e7\u00e3o para a celebra\u00e7\u00e3o da Eucaristia<br \/>\n18:00\u00a0\u00a0\u00a0\u00a0\u00a0\u00a0\u00a0 Celebra\u00e7\u00e3o da Eucaristia<br \/>\n19:00\u00a0\u00a0\u00a0\u00a0\u00a0\u00a0\u00a0 Jantar<br \/>\n20:00\u00a0\u00a0\u00a0\u00a0\u00a0 Adora\u00e7\u00e3o ao Sant\u00edssimo Sacramento (mist\u00e9rio da presen\u00e7a)<br \/>\n21:30\u00a0\u00a0\u00a0\u00a0\u00a0\u00a0\u00a0 Recolhimento e sil\u00eancio<\/p>\n<p style=\"text-align: justify;\"><strong>17\/11 (Domingo)<br \/>\n<\/strong>05:30\u00a0\u00a0\u00a0\u00a0\u00a0\u00a0 Caminhada da Ressurrei\u00e7\u00e3o (mist\u00e9rio da Vida Nova)<br \/>\n07:00\u00a0\u00a0\u00a0\u00a0\u00a0\u00a0 Caf\u00e9 da manh\u00e3<br \/>\n08:00\u00a0\u00a0\u00a0\u00a0\u00a0 Leitura orante da Palavra em comunidade<br \/>\n08:45\u00a0\u00a0\u00a0\u00a0\u00a0\u00a0 4\u00aa reflex\u00e3o:\u00a0<em>Formar cora\u00e7\u00f5es mission\u00e1rios: m\u00edstica e espiritualidade mission\u00e1ria<br \/>\n<\/em>09:30\u00a0\u00a0\u00a0\u00a0\u00a0\u00a0 Deserto pessoal<br \/>\n10:00\u00a0\u00a0\u00a0\u00a0\u00a0\u00a0 Lanche<br \/>\n10:15\u00a0\u00a0\u00a0\u00a0\u00a0\u00a0\u00a0\u00a0 Partilha em grupos de viv\u00eancia<br \/>\n11:00\u00a0\u00a0\u00a0\u00a0\u00a0\u00a0\u00a0\u00a0 Celebra\u00e7\u00e3o da Eucaristia<br \/>\n12:00\u00a0\u00a0\u00a0\u00a0\u00a0\u00a0\u00a0 Almo\u00e7o<\/p>\n<p style=\"text-align: justify;\">\n<p>&nbsp;<\/p>\n<pre>Por Larissa Carvalho \/ Com informa\u00e7\u00f5es do CCM<\/pre>\n","protected":false},"excerpt":{"rendered":"<p>O Centro Cultural Mission\u00e1rio, CCM, em parceria com as Pontif\u00edcias Obras Mission\u00e1rias,\u00a0POM, deseja ajudar na anima\u00e7\u00e3o e capacita\u00e7\u00e3o de disc\u00edpulos mission\u00e1rios da Igreja no Brasil, atrav\u00e9s da proposta de um retiro espiritual, a ser realizado de 15 a 17 de novembro,\u00a0em Bras\u00edlia (DF). Essa experi\u00eancia\u00a0espiritual levar\u00e1 em considera\u00e7\u00e3o as inspira\u00e7\u00f5es vindas da palavra de Deus, [&hellip;]<\/p>\n","protected":false},"author":1,"featured_media":90929,"comment_status":"open","ping_status":"closed","sticky":false,"template":"","format":"standard","meta":{"footnotes":""},"categories":[7,13],"tags":[],"class_list":["post-90928","post","type-post","status-publish","format-standard","has-post-thumbnail","hentry","category-cnbb","category-featured"],"_links":{"self":[{"href":"https:\/\/catolicanet.net\/wp-cnet\/wp-json\/wp\/v2\/posts\/90928","targetHints":{"allow":["GET"]}}],"collection":[{"href":"https:\/\/catolicanet.net\/wp-cnet\/wp-json\/wp\/v2\/posts"}],"about":[{"href":"https:\/\/catolicanet.net\/wp-cnet\/wp-json\/wp\/v2\/types\/post"}],"author":[{"embeddable":true,"href":"https:\/\/catolicanet.net\/wp-cnet\/wp-json\/wp\/v2\/users\/1"}],"replies":[{"embeddable":true,"href":"https:\/\/catolicanet.net\/wp-cnet\/wp-json\/wp\/v2\/comments?post=90928"}],"version-history":[{"count":1,"href":"https:\/\/catolicanet.net\/wp-cnet\/wp-json\/wp\/v2\/posts\/90928\/revisions"}],"predecessor-version":[{"id":90931,"href":"https:\/\/catolicanet.net\/wp-cnet\/wp-json\/wp\/v2\/posts\/90928\/revisions\/90931"}],"wp:featuredmedia":[{"embeddable":true,"href":"https:\/\/catolicanet.net\/wp-cnet\/wp-json\/wp\/v2\/media\/90929"}],"wp:attachment":[{"href":"https:\/\/catolicanet.net\/wp-cnet\/wp-json\/wp\/v2\/media?parent=90928"}],"wp:term":[{"taxonomy":"category","embeddable":true,"href":"https:\/\/catolicanet.net\/wp-cnet\/wp-json\/wp\/v2\/categories?post=90928"},{"taxonomy":"post_tag","embeddable":true,"href":"https:\/\/catolicanet.net\/wp-cnet\/wp-json\/wp\/v2\/tags?post=90928"}],"curies":[{"name":"wp","href":"https:\/\/api.w.org\/{rel}","templated":true}]}}