{"id":90897,"date":"2024-10-27T09:44:15","date_gmt":"2024-10-27T12:44:15","guid":{"rendered":"https:\/\/catolicanet.net\/wp-cnet\/?p=90897"},"modified":"2024-10-21T17:45:17","modified_gmt":"2024-10-21T20:45:17","slug":"30-domingo-do-tempo-comum","status":"publish","type":"post","link":"https:\/\/catolicanet.net\/wp-cnet\/30-domingo-do-tempo-comum\/","title":{"rendered":"30\u00b0 Domingo do Tempo Comum"},"content":{"rendered":"<p style=\"text-align: center;\"><em>\u201cJesus, filho de Davi, tem piedade de mim!\u201d (Mc 10,47)<\/em><\/p>\n<p style=\"text-align: justify;\">Celebramos neste domingo o Trig\u00e9simo Domingo do Tempo Comum. Estamos chegando ao fim deste m\u00eas de outubro, m\u00eas mission\u00e1rio e do ros\u00e1rio. Que a nossa miss\u00e3o de anunciar o Reino de Deus continue, independentemente do t\u00e9rmino do m\u00eas mission\u00e1rio. Continuemos a rezar o nosso ter\u00e7o todos os dias, pedindo pela paz mundial, em comunh\u00e3o com o Papa Francisco.<\/p>\n<p style=\"text-align: justify;\">Estamos nos aproximando do final do ano lit\u00fargico e tamb\u00e9m do ano civil, momento em que podemos rever como foi o nosso ano e o que ainda podemos fazer daqui para frente. Est\u00e1 chegando o momento em que Jesus entrar\u00e1 em Jerusal\u00e9m e ser\u00e1 aclamado como \u201cRei do Universo\u201d, um rei diferente, que veio para todos e para indicar o caminho da paz, da justi\u00e7a e da caridade.<\/p>\n<p style=\"text-align: justify;\">No evangelho deste domingo, Jesus cura o cego Bartimeu. Al\u00e9m da cura f\u00edsica, de ele voltar a enxergar as coisas ao seu redor, Jesus lhe abre os olhos do cora\u00e7\u00e3o e da f\u00e9, para que ele pudesse enxergar Jesus e testemunhar as maravilhas de Deus. Muitas vezes acontece conosco: fechamos os nossos olhos e n\u00e3o conseguimos enxergar as coisas bonitas de Deus na nossa vida.<\/p>\n<p style=\"text-align: justify;\">Muitas vezes n\u00e3o enxergamos o pr\u00f3ximo que est\u00e1 \u00e0 nossa volta e n\u00e3o vemos as suas necessidades. Ao curar esse homem, Jesus o traz de volta \u00e0 sociedade. Jesus pregava a inclus\u00e3o, e al\u00e9m de o cego voltar a enxergar, ele tamb\u00e9m p\u00f4de ver as pessoas ao seu redor. Jesus cura o cego para que ele pudesse sair e testemunhar Jesus Cristo. Que possamos tamb\u00e9m testemunhar Jesus Cristo para todos.<\/p>\n<p style=\"text-align: justify;\">A primeira leitura da missa deste domingo \u00e9 do livro do profeta Jeremias (Jr 31,7-9). O profeta diz que vir\u00e3o tempos de paz para Israel, ap\u00f3s o povo ter passado por tempos dif\u00edceis devido ao ex\u00edlio da Babil\u00f4nia. Atrav\u00e9s do profeta, o Senhor diz que trar\u00e1 o povo de volta do ex\u00edlio. Entre eles est\u00e3o os cegos e aleijados, mulheres gr\u00e1vidas e parturientes; \u00e9 uma grande multid\u00e3o que retorna.<\/p>\n<p style=\"text-align: justify;\">Esse grupo de pessoas mencionado pelo profeta retornar\u00e1 e ter\u00e1 uma vida nova, pois o Senhor faz novas todas as coisas. Essas pessoas que, por vezes, choraram de tristeza e eram consideradas exclu\u00eddas da sociedade agora ser\u00e3o felizes e participar\u00e3o da vida social. Por isso, no evangelho, Jesus cura o cego de nascen\u00e7a Bartimeu, que com certeza fazia parte desse grupo mencionado pelo profeta Jeremias. Jesus lhe d\u00e1 a oportunidade de viver feliz, enxergando e anunciando as maravilhas de Deus. O Senhor Deus diz que \u00e9 um pai para Israel e fez uma alian\u00e7a eterna com esse povo.<\/p>\n<p style=\"text-align: justify;\">O salmo responsorial \u00e9 o 125(126), que diz em seu refr\u00e3o: \u201cMaravilhas fez conosco o Senhor, exultemos de alegria!\u201d O Senhor fez maravilhas com o povo de Israel e faz sempre maravilhas na nossa vida. Mesmo nos momentos mais dif\u00edceis, o Senhor est\u00e1 conosco; Ele nunca nos abandona. Somos n\u00f3s que, por vezes, achamos que Ele nos abandonou. Tenhamos f\u00e9 e acreditemos em Deus, que sempre quer o melhor para n\u00f3s.<\/p>\n<p style=\"text-align: justify;\">A segunda leitura da missa deste domingo \u00e9 da carta aos Hebreus (Hb 5,1-6). Conforme o autor sagrado j\u00e1 nos disse na semana passada, Cristo \u00e9 o sumo sacerdote eminente que intercede em nosso favor junto a Deus. Ele foi tirado do meio do povo e age em favor de todos os homens junto a Deus. Ele se ofereceu em sacrif\u00edcio por todos n\u00f3s, ao morrer na cruz para salvar a todos, para redimir o pecado de todos.<\/p>\n<p style=\"text-align: justify;\">Cristo n\u00e3o se atribuiu a si mesmo a honra de ser sumo sacerdote, mas Ele \u00e9 o sacerdote da nova alian\u00e7a. Hoje, aqueles que s\u00e3o ordenados padres celebram a Santa Eucaristia na pessoa de Cristo, oferecendo o sacrif\u00edcio no altar, relembrando a P\u00e1scoa de Cristo e oferecendo esse sacrif\u00edcio em repara\u00e7\u00e3o dos pecados do povo.<\/p>\n<p style=\"text-align: justify;\">O evangelho da missa deste domingo \u00e9 de Marcos (Mc 10,46-52). Jesus continua o seu caminho, se aproximando de Jerusal\u00e9m para ser aclamado como rei e sofrer a paix\u00e3o. No evangelho de hoje, Ele sai de Jeric\u00f3, seguido por uma grande multid\u00e3o e por seus disc\u00edpulos.<\/p>\n<p style=\"text-align: justify;\">Um cego, Bartimeu, filho de Timeu, estava sentado \u00e0 beira do caminho, e, sabendo que Jesus passaria por ali, come\u00e7ou a gritar, dizendo: \u201cJesus, filho de Davi, tem piedade de mim!\u201d (Mc 10,47). Muitos o repreendiam e mandavam que se calasse, mas ele gritava mais ainda. Jesus parou e mandou cham\u00e1-lo. Quando o chamaram, ele deu um pulo, largou o manto e foi at\u00e9 Jesus.<\/p>\n<p style=\"text-align: justify;\">Jesus olhou bem para o cego e perguntou o que ele queria que Jesus fizesse por ele. Bartimeu respondeu que queria enxergar, e Jesus lhe disse: \u201cVai, a tua f\u00e9 te curou\u201d. No mesmo instante, ele recuperou a vista e come\u00e7ou a seguir Jesus pelo caminho.<\/p>\n<p style=\"text-align: justify;\">Ao devolver a vis\u00e3o ao cego, Jesus lhe devolve a dignidade de ser humano e o coloca novamente no centro da comunidade, no conv\u00edvio com os outros, pois quem tinha algum tipo de doen\u00e7a, ou era considerado pecador, era exclu\u00eddo pela sociedade. Jesus sempre vai na contram\u00e3o da sociedade da \u00e9poca e, ao inv\u00e9s de pregar a exclus\u00e3o, prega a inclus\u00e3o.<\/p>\n<p style=\"text-align: justify;\">Quando o cego recupera a vis\u00e3o, ele n\u00e3o apenas volta a enxergar tudo ao seu redor, mas come\u00e7a a enxergar as coisas de Deus. Ao ficar livre da doen\u00e7a, ele fica livre para amar e servir aos irm\u00e3os e a Deus.<\/p>\n<p style=\"text-align: justify;\">Celebremos com alegria este Trig\u00e9simo Domingo do Tempo Comum e pe\u00e7amos ao Senhor que nos cure de todas as cegueiras, sobretudo da cegueira que nos impede de ver o pr\u00f3ximo e suas necessidades.<\/p>\n","protected":false},"excerpt":{"rendered":"<p>\u201cJesus, filho de Davi, tem piedade de mim!\u201d (Mc 10,47) Celebramos neste domingo o Trig\u00e9simo Domingo do Tempo Comum. Estamos chegando ao fim deste m\u00eas de outubro, m\u00eas mission\u00e1rio e do ros\u00e1rio. Que a nossa miss\u00e3o de anunciar o Reino de Deus continue, independentemente do t\u00e9rmino do m\u00eas mission\u00e1rio. Continuemos a rezar o nosso ter\u00e7o [&hellip;]<\/p>\n","protected":false},"author":5,"featured_media":55819,"comment_status":"open","ping_status":"closed","sticky":false,"template":"","format":"standard","meta":{"footnotes":""},"categories":[9],"tags":[],"class_list":["post-90897","post","type-post","status-publish","format-standard","has-post-thumbnail","hentry","category-artigos"],"_links":{"self":[{"href":"https:\/\/catolicanet.net\/wp-cnet\/wp-json\/wp\/v2\/posts\/90897","targetHints":{"allow":["GET"]}}],"collection":[{"href":"https:\/\/catolicanet.net\/wp-cnet\/wp-json\/wp\/v2\/posts"}],"about":[{"href":"https:\/\/catolicanet.net\/wp-cnet\/wp-json\/wp\/v2\/types\/post"}],"author":[{"embeddable":true,"href":"https:\/\/catolicanet.net\/wp-cnet\/wp-json\/wp\/v2\/users\/5"}],"replies":[{"embeddable":true,"href":"https:\/\/catolicanet.net\/wp-cnet\/wp-json\/wp\/v2\/comments?post=90897"}],"version-history":[{"count":1,"href":"https:\/\/catolicanet.net\/wp-cnet\/wp-json\/wp\/v2\/posts\/90897\/revisions"}],"predecessor-version":[{"id":90898,"href":"https:\/\/catolicanet.net\/wp-cnet\/wp-json\/wp\/v2\/posts\/90897\/revisions\/90898"}],"wp:featuredmedia":[{"embeddable":true,"href":"https:\/\/catolicanet.net\/wp-cnet\/wp-json\/wp\/v2\/media\/55819"}],"wp:attachment":[{"href":"https:\/\/catolicanet.net\/wp-cnet\/wp-json\/wp\/v2\/media?parent=90897"}],"wp:term":[{"taxonomy":"category","embeddable":true,"href":"https:\/\/catolicanet.net\/wp-cnet\/wp-json\/wp\/v2\/categories?post=90897"},{"taxonomy":"post_tag","embeddable":true,"href":"https:\/\/catolicanet.net\/wp-cnet\/wp-json\/wp\/v2\/tags?post=90897"}],"curies":[{"name":"wp","href":"https:\/\/api.w.org\/{rel}","templated":true}]}}