{"id":90839,"date":"2024-10-21T09:49:29","date_gmt":"2024-10-21T12:49:29","guid":{"rendered":"https:\/\/catolicanet.net\/wp-cnet\/?p=90839"},"modified":"2024-10-21T15:50:57","modified_gmt":"2024-10-21T18:50:57","slug":"procurar-respostas-para-dinamizar-a-rececao-do-sinodo-nas-dioceses","status":"publish","type":"post","link":"https:\/\/catolicanet.net\/wp-cnet\/procurar-respostas-para-dinamizar-a-rececao-do-sinodo-nas-dioceses\/","title":{"rendered":"Procurar respostas para dinamizar a rece\u00e7\u00e3o do S\u00ednodo nas dioceses"},"content":{"rendered":"<figure class=\"article__image\" style=\"text-align: justify;\"><span class=\"didascalia_img\">Segunda sess\u00e3o da XVI Assembleia Geral Ordin\u00e1ria do S\u00ednodo dos Bispos, em Roma\u00a0 (Vatican Media)<\/span><\/figure>\n<div class=\"article__meta audioInside\" data-mediatype=\"\">\n<div class=\"article__subTitle\" style=\"text-align: justify;\">Este \u00e9 o grande desafio que se coloca no final da XVI Assembleia Geral do S\u00ednodo dos bispos. O jornalista e investigador em Ci\u00eancia das Religi\u00f5es, Joaquim Franco e o professor da Faculdade de Ci\u00eancias do Porto, Jo\u00e3o Paiva, refletem sobre a aplica\u00e7\u00e3o nas dioceses da din\u00e2mica que sair\u00e1 do S\u00ednodo. Ambos participam na Rede Sinodal em Portugal.<\/div>\n<div class=\"title__separator\" style=\"text-align: justify;\"><\/div>\n<div class=\"article__text\">\n<p style=\"text-align: justify;\"><b>Rui Saraiva \u2013 Portugal<\/b><\/p>\n<p style=\"text-align: justify;\">A XVI Assembleia Geral Ordin\u00e1ria do S\u00ednodo dos bispos que est\u00e1 a decorrer em Roma, encontra-se nos \u00faltimos dias da sua segunda sess\u00e3o. S\u00e3o aguardadas com expectativa as conclus\u00f5es deste grande processo de encontro e di\u00e1logo que movimentou milh\u00f5es de pessoas desde outubro de 2021 sobre o tema \u201cPor uma Igreja sinodal: participa\u00e7\u00e3o, comunh\u00e3o e miss\u00e3o\u201d.<\/p>\n<h2 style=\"text-align: justify;\">Terceira fase do S\u00ednodo ser\u00e1 a rece\u00e7\u00e3o nas dioceses<\/h2>\n<p style=\"text-align: justify;\">Sobre o tempo que se segue, falou o padre Dario Vitali, coordenador dos peritos em Teologia nesta Assembleia. Em confer\u00eancia de imprensa destacou aquela que ser\u00e1 a terceira fase do processo sinodal com a rece\u00e7\u00e3o do documento final nas dioceses.<\/p>\n<p style=\"text-align: justify;\">O sacerdote italiano assinalou a exist\u00eancia de uma terceira fase neste processo sinodal, que \u00e9 a da aplica\u00e7\u00e3o do S\u00ednodo nas igrejas locais ap\u00f3s a publica\u00e7\u00e3o do documento final. Salientou que a primeira foi a consulta nas dioceses, com as suas tonalidades nacionais e continentais e a segunda fase as duas sess\u00f5es da Assembleia em Roma.<\/p>\n<p style=\"text-align: justify;\">\u201cH\u00e1 uma terceira fase do S\u00ednodo: a primeira foi nas Igrejas particulares, com a consulta do Povo de Deus e a escuta, o discernimento das Confer\u00eancias Episcopais e das assembleias continentais; a segunda \u00e9 a da assembleia nas duas sess\u00f5es; a terceira fase \u00e9 o regresso \u00e0s Igrejas particulares e \u00e0s Confer\u00eancias Episcopais\u201d, especificou o padre Dario Vitali<\/p>\n<p style=\"text-align: justify;\">Recordemos que na constitui\u00e7\u00e3o apost\u00f3lica \u201cEpiscopalis communio\u201d sobre o S\u00ednodo dos Bispos, publicada em 2018, o Papa Francisco sublinha que \u201c\u00e0 celebra\u00e7\u00e3o da Assembleia do S\u00ednodo, deve seguir-se a fase da sua aplica\u00e7\u00e3o, com a finalidade de iniciar em todas as Igrejas particulares a rece\u00e7\u00e3o das conclus\u00f5es sinodais\u201d.<\/p>\n<p style=\"text-align: justify;\">Assim, para promover a rece\u00e7\u00e3o das conclus\u00f5es do S\u00ednodo nas dioceses \u00e9 necess\u00e1rio procurar respostas para dinamizar o processo. E este \u00e9 o grande desafio que se coloca no final da XVI Assembleia Geral do S\u00ednodo dos bispos.<\/p>\n<p style=\"text-align: justify;\">Para aprofundar a reflex\u00e3o sobre este tema fomos ouvir duas personalidades cat\u00f3licas com reconhecida interven\u00e7\u00e3o eclesial e especialmente envolvidas e animadas pela din\u00e2mica sinodal. S\u00e3o eles Joaquim Franco, jornalista e investigador em Ci\u00eancia das Religi\u00f5es e Jo\u00e3o Paiva, professor na Faculdade de Ci\u00eancias do Porto. \u00a0<b><\/b><\/p>\n<h2 style=\"text-align: justify;\"><b>Alargar espa\u00e7o e di\u00e1logo em sinodalidade civil<\/b><\/h2>\n<p style=\"text-align: justify;\">Joaquim Franco sublinha que a din\u00e2mica proposta pelo Papa Francisco \u00e9 desafiante e \u201cvai muito para l\u00e1 do contexto eclesial\u201d. O investigador prop\u00f5e uma nova forma de discernimento feita em di\u00e1logo com o mundo, propondo o conceito de sinodalidade civil.<\/p>\n<p style=\"text-align: justify;\">\u201cA din\u00e2mica proposta pelo Papa para este S\u00ednodo, \u00e9 de uma t\u00e3o ambiciosa e desafiante ousadia que vai muito para l\u00e1 do contexto eclesial. A ideia de um povo que caminha nas diferen\u00e7as, sem perder um foco comum, reveste-se hoje de uma grande lucidez. \u00c9 assim na Igreja Cat\u00f3lica, a precisar de sintonizar com o mundo, de encontrar mecanismos eficazes de corresponsabilidade<b>, de horizontalizar a miss\u00e3o, de trazer ao modo de ser e de agir a coer\u00eancia do Evangelho. E \u00e9 assim tamb\u00e9m no mundo. Se os agentes pastorais n\u00e3o entenderem a obra grandiosa que pode ser este S\u00ednodo, como podem entender o contributo social, pol\u00edtico e relacional da \u00e9tica crist\u00e3? A din\u00e2mica que este S\u00ednodo imprime deve ser exemplar em todas as estruturas da Igreja; dioceses, par\u00f3quias e movimentos. Criando espa\u00e7os que soltam a pausa do Esp\u00edrito, espa\u00e7os para a calma das palavras construtivas, mas tamb\u00e9m, repito e ouso diz\u00ea-lo, em todas as estruturas n\u00e3o religiosas, sociais, comunit\u00e1rias ou at\u00e9 pol\u00edticas, chamando todos e todas ao princ\u00edpio da corresponsabilidade na diferen\u00e7a, \u00e0 escuta que leva ao encontro. A escuta e o di\u00e1logo com o prop\u00f3sito do bem comum \u00e9 tamb\u00e9m um des\u00edgnio, permitam-me a express\u00e3o, de uma sinodalidade civil, uma nova forma de desencadear o discernimento\u201d, declara.<\/b><\/p>\n<h2 style=\"text-align: justify;\"><b>Evangelho no meio do mundo sem surdez \u00e0 cultura<\/b><\/h2>\n<p style=\"text-align: justify;\">Por sua vez, Jo\u00e3o Paiva, sublinha que o dinamismo sinodal do Papa \u00e9 mais do que uma metodologia, \u00e9 mesmo um caminho para meter o Evangelho \u201cno meio do mundo sem surdez em rela\u00e7\u00e3o \u00e0quilo que a cultura grita\u201d.<\/p>\n<p style=\"text-align: justify;\">\u201cEste dinamismo sinodal impresso pelo Papa Francisco tem um tom de ontologia estrutural, \u00e9 mais do que uma metodologia, \u00e9 mesmo um caminho que galvaniza um passado, porventura latente na Igreja e nos pr\u00f3prios Evangelhos e \u00e9 sinalizado, particularmente, no Conc\u00edlio Vaticano II, mas onde o tempo da Igreja e a sua in\u00e9rcia n\u00e3o ajudaram a implementar. E talvez possa mesmo ser o principal tesouro concentrado deste papado. Tenho por isso grande esperan\u00e7a neste desiderato t\u00e3o complexo, quanto interessante, do ponto de vista de Igreja, de seguirmos todos juntos, mas ao mesmo tempo, encarando a verdade e um Evangelho inculturado e metido no meio do mundo sem surdez em rela\u00e7\u00e3o \u00e0quilo que a cultura grita. Vejo com bons olhos todos estes caminhos e estas ambi\u00e7\u00f5es, mas reconhe\u00e7o tamb\u00e9m que pode perder-se uma oportunidade se as resist\u00eancias, principalmente, dos extremos forem excessivas. E, principalmente, se vencer a in\u00e9rcia n\u00e3o atuante, se ficarmos s\u00f3 em conversa e n\u00e3o formos capazes de eleger alguma coisa e come\u00e7ar a experimentar numa Igreja polif\u00f3rmica ensaios novos, para um mundo novo e para um Evangelho que \u00e9 sempre novo\u201d, afirma.<b><\/b><\/p>\n<h2 style=\"text-align: justify;\">Dar respira\u00e7\u00e3o ao dinamismo sinodal<\/h2>\n<p style=\"text-align: justify;\">Jo\u00e3o Paiva e Joaquim Franco t\u00eam participado com as suas reflex\u00f5es, interven\u00e7\u00f5es e entusiasmo na Rede Sinodal em Portugal, um site criado no in\u00edcio de 2024 que nasceu do dinamismo e trabalho coletivo de um grupo de leigos, leigas, sacerdotes e religiosas que partilharam as suas reflex\u00f5es no livro \u201cN\u00e3o temos medo \u2013 Reflex\u00f5es sobre a Jornada Mundial da Juventude Lisboa 2023 e o caminho sinodal\u201d.<\/p>\n<p style=\"text-align: justify;\">Foi assim que tomando inspira\u00e7\u00e3o neste livro surgiu a Rede Sinodal em Portugal. Um site que tem como miss\u00e3o abrir um espa\u00e7o de informa\u00e7\u00e3o sobre o S\u00ednodo, apresentando num mesmo lugar o entusiasmo de quem est\u00e1 em movimento fazendo caminho juntos, na pluralidade e diversidade, promovendo o m\u00e9todo sinodal em di\u00e1logo com o mundo. O site foi anunciado a todos os bispos e dioceses de Portugal e respetivas comiss\u00f5es sinodais, colocando-se ao seu servi\u00e7o.<\/p>\n<p style=\"text-align: justify;\">A Rede Sinodal em Portugal revela a sua disponibilidade para, em ambiente de trabalho coletivo, ser parte de um projeto que permita dar respira\u00e7\u00e3o ao dinamismo sinodal. Com propostas como estas:<\/p>\n<p style=\"text-align: justify;\">&#8211; acompanhar as atividades e iniciativas sinodais nas dioceses, par\u00f3quias e movimentos;<\/p>\n<p style=\"text-align: justify;\">&#8211; valorizar os trabalhos de sinodalidade nos v\u00e1rios \u00e2mbitos pastorais;<\/p>\n<p style=\"text-align: justify;\">&#8211; criar sinergias e colabora\u00e7\u00f5es estimulando as comunidades com momentos de forma\u00e7\u00e3o e rela\u00e7\u00e3o.<\/p>\n<p style=\"text-align: justify;\">A XVI Assembleia Geral do S\u00ednodo dos bispos ter\u00e1 o seu encerramento a 27 de outubro e conheceremos as suas conclus\u00f5es. Mas, para j\u00e1, ficam algumas inquieta\u00e7\u00f5es:<\/p>\n<p style=\"text-align: justify;\">Ser\u00e1 que a din\u00e2mica do processo sinodal desenvolvida nestes 3 anos vai ser utilizada na anima\u00e7\u00e3o das comunidades locais?<\/p>\n<p style=\"text-align: justify;\">Vamos ter de facto mais participa\u00e7\u00e3o, comunh\u00e3o e miss\u00e3o num real e concreto caminho em conjunto?<\/p>\n<p style=\"text-align: justify;\">O sopro do Esp\u00edrito Santo que passou por este S\u00ednodo vai mesmo chegar \u00e0s igrejas locais?<\/p>\n<p style=\"text-align: justify;\"><i>Laudetur Iesus Christus<\/i><\/p>\n<div>\n<div class=\"article__embed article__embed--unwrap article__embed--dark\">\n<div class=\"article__innerTitle\" style=\"text-align: justify;\">Ou\u00e7a aqui a reportagem e partilhe<\/div>\n<div>\n<!--[if lt IE 9]><script>document.createElement('audio');<\/script><![endif]-->\n<audio class=\"wp-audio-shortcode\" id=\"audio-90839-1\" preload=\"none\" style=\"width: 100%;\" controls=\"controls\"><source type=\"audio\/mpeg\" src=\"https:\/\/media.vaticannews.va\/media\/audio\/s1\/2024\/10\/21\/11\/138390206_F138390206.mp3?_=1\" \/><a href=\"https:\/\/media.vaticannews.va\/media\/audio\/s1\/2024\/10\/21\/11\/138390206_F138390206.mp3\">https:\/\/media.vaticannews.va\/media\/audio\/s1\/2024\/10\/21\/11\/138390206_F138390206.mp3<\/a><\/audio>\n<\/div>\n<\/div>\n<\/div>\n<\/div>\n<\/div>\n","protected":false},"excerpt":{"rendered":"<p>Segunda sess\u00e3o da XVI Assembleia Geral Ordin\u00e1ria do S\u00ednodo dos Bispos, em Roma\u00a0 (Vatican Media) Este \u00e9 o grande desafio que se coloca no final da XVI Assembleia Geral do S\u00ednodo dos bispos. O jornalista e investigador em Ci\u00eancia das Religi\u00f5es, Joaquim Franco e o professor da Faculdade de Ci\u00eancias do Porto, Jo\u00e3o Paiva, refletem [&hellip;]<\/p>\n","protected":false},"author":1,"featured_media":90840,"comment_status":"open","ping_status":"closed","sticky":false,"template":"","format":"standard","meta":{"footnotes":""},"categories":[3],"tags":[],"class_list":["post-90839","post","type-post","status-publish","format-standard","has-post-thumbnail","hentry","category-vaticano"],"_links":{"self":[{"href":"https:\/\/catolicanet.net\/wp-cnet\/wp-json\/wp\/v2\/posts\/90839","targetHints":{"allow":["GET"]}}],"collection":[{"href":"https:\/\/catolicanet.net\/wp-cnet\/wp-json\/wp\/v2\/posts"}],"about":[{"href":"https:\/\/catolicanet.net\/wp-cnet\/wp-json\/wp\/v2\/types\/post"}],"author":[{"embeddable":true,"href":"https:\/\/catolicanet.net\/wp-cnet\/wp-json\/wp\/v2\/users\/1"}],"replies":[{"embeddable":true,"href":"https:\/\/catolicanet.net\/wp-cnet\/wp-json\/wp\/v2\/comments?post=90839"}],"version-history":[{"count":1,"href":"https:\/\/catolicanet.net\/wp-cnet\/wp-json\/wp\/v2\/posts\/90839\/revisions"}],"predecessor-version":[{"id":90842,"href":"https:\/\/catolicanet.net\/wp-cnet\/wp-json\/wp\/v2\/posts\/90839\/revisions\/90842"}],"wp:featuredmedia":[{"embeddable":true,"href":"https:\/\/catolicanet.net\/wp-cnet\/wp-json\/wp\/v2\/media\/90840"}],"wp:attachment":[{"href":"https:\/\/catolicanet.net\/wp-cnet\/wp-json\/wp\/v2\/media?parent=90839"}],"wp:term":[{"taxonomy":"category","embeddable":true,"href":"https:\/\/catolicanet.net\/wp-cnet\/wp-json\/wp\/v2\/categories?post=90839"},{"taxonomy":"post_tag","embeddable":true,"href":"https:\/\/catolicanet.net\/wp-cnet\/wp-json\/wp\/v2\/tags?post=90839"}],"curies":[{"name":"wp","href":"https:\/\/api.w.org\/{rel}","templated":true}]}}