{"id":90823,"date":"2024-10-17T10:03:27","date_gmt":"2024-10-17T13:03:27","guid":{"rendered":"https:\/\/catolicanet.net\/wp-cnet\/?p=90823"},"modified":"2024-10-17T15:04:55","modified_gmt":"2024-10-17T18:04:55","slug":"sindrome-do-ninho-vazio-desafios-e-oportunidades-para-os-pais","status":"publish","type":"post","link":"https:\/\/catolicanet.net\/wp-cnet\/sindrome-do-ninho-vazio-desafios-e-oportunidades-para-os-pais\/","title":{"rendered":"S\u00edndrome do ninho vazio: desafios e oportunidades para os pais"},"content":{"rendered":"<div style=\"text-align: justify;\"><span class=\"SubHeading_subheading__NJ_eJ\" aria-label=\"postar legenda\"><span>Embora os pais saibam que n\u00e3o educam os filhos para ficarem com eles para sempre, o per\u00edodo do ninho vazio n\u00e3o \u00e9 f\u00e1cil. Aqui n\u00f3s dizemos o que fazer<\/span><\/span><\/div>\n<div style=\"text-align: justify;\">\n<div>\n<p><span>Christine, que engordou dois quilos ap\u00f3s a sa\u00edda consecutiva dos dois filhos, diz que sentiu uma \u201cl\u00e1grima\u201d. Durante um ano, ela come\u00e7ou a chorar assim que entrava no quarto das crian\u00e7as. Isso \u00e9 chamado de s\u00edndrome do ninho vazio.<\/span><\/p>\n<\/div>\n<\/div>\n<div style=\"text-align: justify;\">\n<div>\n<p><span>Embora esta s\u00edndrome possa ocorrer com a sa\u00edda de qualquer filho, ela \u00e9 predominante no primeiro e no \u00faltimo. Afecta especialmente as m\u00e3es e est\u00e1 a aumentar entre os pais, que est\u00e3o actualmente mais envolvidos na educa\u00e7\u00e3o do que as gera\u00e7\u00f5es anteriores.<\/span><\/p>\n<\/div>\n<\/div>\n<div style=\"text-align: justify;\">\n<div>\n<p><span>A psic\u00f3loga Charlotte de Coupigny, terapeuta familiar e cl\u00ednica da\u00a0<\/span><em><span>Contextes et th\u00e9rapies<\/span><\/em><span>\u00a0, incentiva seus pacientes a aproveitarem esse per\u00edodo para \u201couvir a si mesmos e abrir um mar de possibilidades\u201d. Convida-os a mudar de casa, a aventurar-se na reda\u00e7\u00e3o de uma tese ou a participar numa miss\u00e3o humanit\u00e1ria.\u00a0<\/span><\/p>\n<\/div>\n<\/div>\n<div style=\"text-align: justify;\">\n<h2 class=\"Heading_heading__PlVsb\"><span>Uma abertura para o exterior<\/span><\/h2>\n<\/div>\n<div style=\"text-align: justify;\">\n<figure class=\"ImageBlock_figure__x1S9e\"><img loading=\"lazy\" decoding=\"async\" class=\"ImageBlock_image__Y5gng\" src=\"https:\/\/wp.es.aleteia.org\/wp-content\/uploads\/sites\/7\/2020\/06\/WEB3-MOVING-BOXES-HOME-BOX-PACK-DOG-PET-shutterstock_558756076.jpg?resize=620,310&amp;q=75\" sizes=\"auto, \" srcset=\"https:\/\/wp.es.aleteia.org\/wp-content\/uploads\/sites\/7\/2020\/06\/WEB3-MOVING-BOXES-HOME-BOX-PACK-DOG-PET-shutterstock_558756076.jpg?resize=620,310&amp;q=75 1x\" alt=\"EM MOVIMENTO\" width=\"1200\" height=\"600\" data-nimg=\"1\" \/><\/p>\n<div class=\"ImageBlock_copyright__mSdmK\"><span>gpointstudio | Obturador<\/span><\/div>\n<\/figure>\n<\/div>\n<div style=\"text-align: justify;\">\n<div>\n<p><span>A remodela\u00e7\u00e3o \u00e9 saud\u00e1vel, embora por vezes as crian\u00e7as possam opor-se a ela. \u201cQuando ouvimos os nossos desejos, enviamos uma mensagem positiva \u00e0s crian\u00e7as. Dizemos-lhes que a vida \u00e9 bela, incentivamo-las a n\u00e3o se preocuparem com os pais e \u00e9 precisamente isso que elas precisam de saber!\u201d<\/span><\/p>\n<\/div>\n<\/div>\n<div style=\"text-align: justify;\">\n<div>\n<p><span>Outros pais, livres das restri\u00e7\u00f5es dos hor\u00e1rios educativos, ficam livres para se envolverem mais no seu trabalho. Diane ressaltou que agora trabalhava mais, mas sem se sentir culpada.<\/span><\/p>\n<\/div>\n<\/div>\n<div style=\"text-align: justify;\">\n<div>\n<p><span>Este per\u00edodo de adapta\u00e7\u00e3o muitas vezes chega na hora certa para dar vida a outros projetos, renovar rela\u00e7\u00f5es com amigos, cuidar da casa, preparar reencontros com os filhos que j\u00e1 partiram&#8230;<\/span><\/p>\n<\/div>\n<\/div>\n<div style=\"text-align: justify;\">\n<div>\n<p><span>Outras pessoas tamb\u00e9m decidem usar seu tempo livre para cuidar dos outros. Diane conseguiu &#8220;finalmente&#8221; responder aos pedidos da funda\u00e7\u00e3o social Emmaus e do coro da sua cidade, Micha\u00eblla abriu um caf\u00e9 Joyeux em Bord\u00e9us&#8230;<\/span><\/p>\n<\/div>\n<\/div>\n<div style=\"text-align: justify;\">\n<div>\n<p><span>Esta abertura para o exterior n\u00e3o \u00e9 a \u00fanica solu\u00e7\u00e3o. Esta etapa \u00e9 tamb\u00e9m uma excelente oportunidade para realizar uma reorganiza\u00e7\u00e3o interna. Quando restam outros filhos em casa, a sa\u00edda de um dos mais velhos pode permitir que os demais ocupem um novo lugar entre os irm\u00e3os e desfrutem de maior aten\u00e7\u00e3o parental.<\/span><\/p>\n<\/div>\n<\/div>\n<div style=\"text-align: justify;\">\n<h2 class=\"Heading_heading__PlVsb\"><span>Alegrias in\u00e9ditas<\/span><\/h2>\n<div>O casal, claro, focado na educa\u00e7\u00e3o h\u00e1 vinte anos, poder\u00e1 vivenciar um renascimento ap\u00f3s a emancipa\u00e7\u00e3o dos filhos. Segundo Charlotte de Coupigny\u00a0, \u201ca pr\u00f3pria estrutura do casal deve ser repensada, pois muitas vezes foi mais parental do que conjugal durante os anos escolares\u201d.<\/div>\n<\/div>\n<div style=\"text-align: justify;\">\n<div>\n<p><span>A dist\u00e2ncia das crian\u00e7as tamb\u00e9m oferece alegrias sem precedentes. \u201cComecei a melhorar depois de um ano, quando pensei mais neles do que em mim, no sentido de que poderia ficar feliz por eles terem decolado, porque isso significava que t\u00ednhamos tido sucesso em nossa miss\u00e3o como pais\u201d, admite Christine.<\/span><\/p>\n<\/div>\n<\/div>\n<div style=\"text-align: justify;\">\n<h2 class=\"Heading_heading__PlVsb\"><span>Uma oportunidade para melhorar a vida espiritual<\/span><\/h2>\n<\/div>\n<div>\n<div>\n<p style=\"text-align: justify;\"><span>O ninho vazio tamb\u00e9m esconde alguns benef\u00edcios espirituais inesperados! A redescoberta do sil\u00eancio do lar e do tempo livre favorece a introspec\u00e7\u00e3o e a ora\u00e7\u00e3o. Capucine, que se descreve como estressada por natureza, refletiu sobre o que realmente queria. Ent\u00e3o percebeu que considerava esta segunda etapa da sua vida como uma oportunidade para retomar a sua vida de f\u00e9. Assim, encontrou serenidade indo \u00e0 missa todos os dias e com a orienta\u00e7\u00e3o de um diretor espiritual.<\/span><\/p>\n<\/div>\n<\/div>\n","protected":false},"excerpt":{"rendered":"<p>Embora os pais saibam que n\u00e3o educam os filhos para ficarem com eles para sempre, o per\u00edodo do ninho vazio n\u00e3o \u00e9 f\u00e1cil. Aqui n\u00f3s dizemos o que fazer Christine, que engordou dois quilos ap\u00f3s a sa\u00edda consecutiva dos dois filhos, diz que sentiu uma \u201cl\u00e1grima\u201d. Durante um ano, ela come\u00e7ou a chorar assim que [&hellip;]<\/p>\n","protected":false},"author":1,"featured_media":90824,"comment_status":"open","ping_status":"closed","sticky":false,"template":"","format":"standard","meta":{"footnotes":""},"categories":[4],"tags":[],"class_list":["post-90823","post","type-post","status-publish","format-standard","has-post-thumbnail","hentry","category-cotidiano"],"_links":{"self":[{"href":"https:\/\/catolicanet.net\/wp-cnet\/wp-json\/wp\/v2\/posts\/90823","targetHints":{"allow":["GET"]}}],"collection":[{"href":"https:\/\/catolicanet.net\/wp-cnet\/wp-json\/wp\/v2\/posts"}],"about":[{"href":"https:\/\/catolicanet.net\/wp-cnet\/wp-json\/wp\/v2\/types\/post"}],"author":[{"embeddable":true,"href":"https:\/\/catolicanet.net\/wp-cnet\/wp-json\/wp\/v2\/users\/1"}],"replies":[{"embeddable":true,"href":"https:\/\/catolicanet.net\/wp-cnet\/wp-json\/wp\/v2\/comments?post=90823"}],"version-history":[{"count":1,"href":"https:\/\/catolicanet.net\/wp-cnet\/wp-json\/wp\/v2\/posts\/90823\/revisions"}],"predecessor-version":[{"id":90826,"href":"https:\/\/catolicanet.net\/wp-cnet\/wp-json\/wp\/v2\/posts\/90823\/revisions\/90826"}],"wp:featuredmedia":[{"embeddable":true,"href":"https:\/\/catolicanet.net\/wp-cnet\/wp-json\/wp\/v2\/media\/90824"}],"wp:attachment":[{"href":"https:\/\/catolicanet.net\/wp-cnet\/wp-json\/wp\/v2\/media?parent=90823"}],"wp:term":[{"taxonomy":"category","embeddable":true,"href":"https:\/\/catolicanet.net\/wp-cnet\/wp-json\/wp\/v2\/categories?post=90823"},{"taxonomy":"post_tag","embeddable":true,"href":"https:\/\/catolicanet.net\/wp-cnet\/wp-json\/wp\/v2\/tags?post=90823"}],"curies":[{"name":"wp","href":"https:\/\/api.w.org\/{rel}","templated":true}]}}