{"id":90799,"date":"2024-10-17T09:45:07","date_gmt":"2024-10-17T12:45:07","guid":{"rendered":"https:\/\/catolicanet.net\/wp-cnet\/?p=90799"},"modified":"2024-10-17T14:48:16","modified_gmt":"2024-10-17T17:48:16","slug":"papa-excluir-pessoas-com-deficiencia-do-mercado-de-trabalho-e-uma-grave-discriminacao","status":"publish","type":"post","link":"https:\/\/catolicanet.net\/wp-cnet\/papa-excluir-pessoas-com-deficiencia-do-mercado-de-trabalho-e-uma-grave-discriminacao\/","title":{"rendered":"Papa: excluir pessoas com defici\u00eancia do mercado de trabalho \u00e9 uma grave discrimina\u00e7\u00e3o"},"content":{"rendered":"<div class=\"article__subTitle\" style=\"text-align: justify;\">Francisco encontrou ministros e delegados do G7 sobre Inclus\u00e3o e Defici\u00eancia reunidos na regi\u00e3o da \u00dambria, na It\u00e1lia, para assinar a Carta de Solfagnano sobre quest\u00f5es priorit\u00e1rias ligadas aos direitos das pessoas com defici\u00eancia. Al\u00e9m da garantia dos pa\u00edses a servi\u00e7os adequados, o Papa abordou a import\u00e2ncia de inser\u00ed-las no mercado de trabalho: &#8220;uma forma grave de discrimina\u00e7\u00e3o \u00e9 excluir algu\u00e9m da possibilidade de trabalhar. O trabalho \u00e9 dignidade; \u00e9 a un\u00e7\u00e3o da dignidade&#8221;.<\/div>\n<div class=\"title__separator\" style=\"text-align: justify;\"><\/div>\n<div class=\"article__text\">\n<div style=\"text-align: justify;\">\n<div class=\"article__embed article__embed--unwrap article__embed--dark\">\n<div class=\"article__innerTitle\">Ou\u00e7a a reportagem com a voz do Papa e compartilhe<\/div>\n<div>\n<!--[if lt IE 9]><script>document.createElement('audio');<\/script><![endif]-->\n<audio class=\"wp-audio-shortcode\" id=\"audio-90799-1\" preload=\"none\" style=\"width: 100%;\" controls=\"controls\"><source type=\"audio\/mpeg\" src=\"https:\/\/media.vaticannews.va\/media\/audio\/s1\/2024\/10\/17\/12\/138385967_F138385967.mp3?_=1\" \/><a href=\"https:\/\/media.vaticannews.va\/media\/audio\/s1\/2024\/10\/17\/12\/138385967_F138385967.mp3\">https:\/\/media.vaticannews.va\/media\/audio\/s1\/2024\/10\/17\/12\/138385967_F138385967.mp3<\/a><\/audio>\n<\/div>\n<\/div>\n<\/div>\n<p style=\"text-align: justify;\"><b>Andressa Collet &#8211; Vatican News<\/b><\/p>\n<p style=\"text-align: justify;\">&#8220;Toda pessoa \u00e9 um dom precioso para a sociedade&#8221;, afirma o Papa Francisco aos\u00a0participantes do encontro do G7 sobre Inclus\u00e3o e Defici\u00eancia que foram recebidos em audi\u00eancia no Vaticano nesta quinta-feira (17\/10). Durante tr\u00eas dias na regi\u00e3o da \u00dambria, na It\u00e1lia, o grupo se reuniu com o prop\u00f3sito de assinar a Carta de Solfagnano, um documento de 13 p\u00e1ginas, subdividido em 8 cap\u00edtulos, que delimita quest\u00f5es priorit\u00e1rias sobre a inclus\u00e3o e os direitos das pessoas com defici\u00eancia para serem inseridas na agenda pol\u00edtica de ministros e delegados dos sete pa\u00edses, al\u00e9m da Uni\u00e3o Europeia e outras quatro na\u00e7\u00f5es:\u00a0Qu\u00eania, Tun\u00edsia, \u00c1frica do Sul e Vietn\u00e3. Temas fundamentais, como a &#8220;inclus\u00e3o, acessibilidade, vida independente e valoriza\u00e7\u00e3o das pessoas&#8221;, disse o Pont\u00edfice, que &#8220;v\u00e3o ao encontro da vis\u00e3o da Igreja sobre a dignidade humana&#8221;.<\/p>\n<p style=\"text-align: justify;\">Em discurso, o Papa tamb\u00e9m demonstrou gratid\u00e3o e apre\u00e7o por esse &#8220;compromisso em promover a dignidade e os direitos das pessoas com defici\u00eancia&#8221;, porque &#8220;ningu\u00e9m\u00a0deve ser v\u00edtima da cultura do descarte, ningu\u00e9m. Essa\u00a0cultura\u00a0gera preconceito e causa danos \u00e0 sociedade&#8221;. A come\u00e7ar pelo pr\u00f3prio termo, acrescentou Francisco, ao afirmar que n\u00e3o gosta muito &#8220;dessa palavra &#8216;defici\u00eancia&#8217;. Gosto da outra: &#8216;habilidades diferentes'&#8221;.<\/p>\n<p style=\"text-align: justify;\"><i>&#8220;Em vez de falar sobre &#8216;incapacidade&#8217;, falemos sobre diferentes capacidades. Mas todos t\u00eam capacidades. Lembro-me, por exemplo, de um grupo que veio aqui, de uma empresa, um restaurante; tanto os cozinheiros quanto os que serviam o refeit\u00f3rio, eram todos rapazes e mo\u00e7as com defici\u00eancia. Mas faziam o trabalho muito bem. Muito bem.&#8221;<\/i><\/p>\n<p style=\"text-align: justify;\">O Pont\u00edfice, ent\u00e3o, ao afirmar que &#8220;a inclus\u00e3o de pessoas com defici\u00eancia deve ser reconhecida como uma prioridade por todos os pa\u00edses&#8221;, disse que al\u00e9m de &#8220;adaptar as estruturas&#8221;, \u00e9 preciso &#8220;mudar a mentalidade&#8221; da sociedade com uma &#8220;acessibilidade universal&#8221;, &#8220;de modo que todas as barreiras f\u00edsicas, sociais, culturais e religiosas sejam removidas&#8221;, desde a inf\u00e2ncia at\u00e9 a terceira idade.<\/p>\n<div style=\"text-align: justify;\">\n<div class=\"article__embed article__embed--border embed_style\">\n<blockquote><p>\u201cGarantir servi\u00e7os adequados \u00e0s pessoas com defici\u00eancia n\u00e3o \u00e9 apenas uma quest\u00e3o de assist\u00eancia &#8211; aquela pol\u00edtica de assistencialismo: n\u00e3o, n\u00e3o \u00e9 isso &#8211; mas de justi\u00e7a e respeito \u00e0 sua dignidade. Todos os pa\u00edses, portanto, t\u00eam o dever de garantir as condi\u00e7\u00f5es para que cada pessoa se desenvolver integralmente, em comunidades inclusivas.\u201d<\/p><\/blockquote>\n<\/div>\n<\/div>\n<p style=\"text-align: justify;\">Francisco falou sobre diferentes ferramentas de acessibilidade, a partir da tem\u00e1tica das novas tecnologias at\u00e9 a garantia de um sistema de preven\u00e7\u00e3o e resposta a pessoas com defici\u00eancia em emerg\u00eancias ligadas a conflitos e crises clim\u00e1ticas. Ao tratar da inclus\u00e3o no mercado de trabalho, o Papa enalteceu a import\u00e2ncia de se aproveitar ao m\u00e1ximo as habilidades de cada um, oferecendo oportunidades de trabalho decente:<\/p>\n<p style=\"text-align: justify;\"><i>&#8220;Uma forma grave de discrimina\u00e7\u00e3o \u00e9 excluir algu\u00e9m da possibilidade de trabalhar. O trabalho \u00e9 dignidade; \u00e9 a un\u00e7\u00e3o da dignidade. Se voc\u00ea exclui a possibilidade, voc\u00ea tira isso. O mesmo se pode dizer sobre a participa\u00e7\u00e3o na vida cultural e esportiva: isso \u00e9 uma ofensa \u00e0 dignidade humana.&#8221;<\/i><\/p>\n<p><img decoding=\"async\" src=\"https:\/\/www.vaticannews.va\/content\/dam\/vaticannews\/agenzie\/images\/srv\/2024\/10\/17\/2024-10-17-delegazione-di-ministri-partecipanti-al-g7-inclusione\/1729148887077.JPG\/_jcr_content\/renditions\/cq5dam.thumbnail.cropped.750.422.jpeg\" alt=\"As imagens da audi\u00eancia no Vaticano\" \/><\/p>\n<p><img decoding=\"async\" src=\"https:\/\/www.vaticannews.va\/content\/dam\/vaticannews\/agenzie\/images\/srv\/2024\/10\/17\/2024-10-17-delegazione-di-ministri-partecipanti-al-g7-inclusione\/1729148866550.JPG\/_jcr_content\/renditions\/cq5dam.thumbnail.cropped.750.422.jpeg\" alt=\"As imagens da audi\u00eancia no Vaticano\" \/><\/p>\n<p><strong><img decoding=\"async\" src=\"https:\/\/www.vaticannews.va\/content\/dam\/vaticannews\/agenzie\/images\/srv\/2024\/10\/17\/2024-10-17-delegazione-di-ministri-partecipanti-al-g7-inclusione\/1729148878051.JPG\/_jcr_content\/renditions\/cq5dam.thumbnail.cropped.750.422.jpeg\" alt=\"As imagens da audi\u00eancia no Vaticano\" \/><\/strong><\/p>\n<p><img decoding=\"async\" src=\"https:\/\/www.vaticannews.va\/content\/dam\/vaticannews\/agenzie\/images\/srv\/2024\/10\/17\/2024-10-17-delegazione-di-ministri-partecipanti-al-g7-inclusione\/1729148890650.JPG\/_jcr_content\/renditions\/cq5dam.thumbnail.cropped.750.422.jpeg\" alt=\"As imagens da audi\u00eancia no Vaticano\" \/><\/p>\n<p><img decoding=\"async\" src=\"https:\/\/www.vaticannews.va\/content\/dam\/vaticannews\/agenzie\/images\/srv\/2024\/10\/17\/2024-10-17-delegazione-di-ministri-partecipanti-al-g7-inclusione\/1729148888895.JPG\/_jcr_content\/renditions\/cq5dam.thumbnail.cropped.750.422.jpeg\" alt=\"As imagens da audi\u00eancia no Vaticano\" \/><\/p>\n<\/div>\n","protected":false},"excerpt":{"rendered":"<p>Francisco encontrou ministros e delegados do G7 sobre Inclus\u00e3o e Defici\u00eancia reunidos na regi\u00e3o da \u00dambria, na It\u00e1lia, para assinar a Carta de Solfagnano sobre quest\u00f5es priorit\u00e1rias ligadas aos direitos das pessoas com defici\u00eancia. Al\u00e9m da garantia dos pa\u00edses a servi\u00e7os adequados, o Papa abordou a import\u00e2ncia de inser\u00ed-las no mercado de trabalho: &#8220;uma forma [&hellip;]<\/p>\n","protected":false},"author":1,"featured_media":90800,"comment_status":"open","ping_status":"closed","sticky":false,"template":"","format":"standard","meta":{"footnotes":""},"categories":[13,3],"tags":[],"class_list":["post-90799","post","type-post","status-publish","format-standard","has-post-thumbnail","hentry","category-featured","category-vaticano"],"_links":{"self":[{"href":"https:\/\/catolicanet.net\/wp-cnet\/wp-json\/wp\/v2\/posts\/90799","targetHints":{"allow":["GET"]}}],"collection":[{"href":"https:\/\/catolicanet.net\/wp-cnet\/wp-json\/wp\/v2\/posts"}],"about":[{"href":"https:\/\/catolicanet.net\/wp-cnet\/wp-json\/wp\/v2\/types\/post"}],"author":[{"embeddable":true,"href":"https:\/\/catolicanet.net\/wp-cnet\/wp-json\/wp\/v2\/users\/1"}],"replies":[{"embeddable":true,"href":"https:\/\/catolicanet.net\/wp-cnet\/wp-json\/wp\/v2\/comments?post=90799"}],"version-history":[{"count":1,"href":"https:\/\/catolicanet.net\/wp-cnet\/wp-json\/wp\/v2\/posts\/90799\/revisions"}],"predecessor-version":[{"id":90802,"href":"https:\/\/catolicanet.net\/wp-cnet\/wp-json\/wp\/v2\/posts\/90799\/revisions\/90802"}],"wp:featuredmedia":[{"embeddable":true,"href":"https:\/\/catolicanet.net\/wp-cnet\/wp-json\/wp\/v2\/media\/90800"}],"wp:attachment":[{"href":"https:\/\/catolicanet.net\/wp-cnet\/wp-json\/wp\/v2\/media?parent=90799"}],"wp:term":[{"taxonomy":"category","embeddable":true,"href":"https:\/\/catolicanet.net\/wp-cnet\/wp-json\/wp\/v2\/categories?post=90799"},{"taxonomy":"post_tag","embeddable":true,"href":"https:\/\/catolicanet.net\/wp-cnet\/wp-json\/wp\/v2\/tags?post=90799"}],"curies":[{"name":"wp","href":"https:\/\/api.w.org\/{rel}","templated":true}]}}