{"id":90766,"date":"2024-10-16T09:17:20","date_gmt":"2024-10-16T12:17:20","guid":{"rendered":"https:\/\/catolicanet.net\/wp-cnet\/?p=90766"},"modified":"2024-10-16T13:23:33","modified_gmt":"2024-10-16T16:23:33","slug":"papa-encontra-medicos-cirurgioes-da-italia-guardioes-da-vida-de-quem-sofre","status":"publish","type":"post","link":"https:\/\/catolicanet.net\/wp-cnet\/papa-encontra-medicos-cirurgioes-da-italia-guardioes-da-vida-de-quem-sofre\/","title":{"rendered":"Papa encontra m\u00e9dicos-cirurgi\u00f5es da It\u00e1lia, &#8220;guardi\u00f5es da vida de quem sofre&#8221;"},"content":{"rendered":"<div class=\"article__subTitle\" style=\"text-align: justify;\">Francisco recebeu em audi\u00eancia no Vaticano os participantes do Congresso Nacional da Sociedade Cir\u00fargica Italiana, intitulado \u201cO futuro do cirurgi\u00e3o &#8211; o cirurgi\u00e3o do futuro\u201d, realizado em Roma: \u201cmesmo quando uma pessoa n\u00e3o pode ser curada, sempre pode por\u00e9m ser curada, de modo que ningu\u00e9m jamais seja considerado ou se sinta um descarte\u201d.<\/div>\n<div class=\"title__separator\" style=\"text-align: justify;\"><\/div>\n<div class=\"article__text\">\n<div style=\"text-align: justify;\">\n<div class=\"article__embed article__embed--unwrap article__embed--dark\">\n<div class=\"article__innerTitle\">Ou\u00e7a a reportagem com a voz do Papa e compartilhe<\/div>\n<div>\n<!--[if lt IE 9]><script>document.createElement('audio');<\/script><![endif]-->\n<audio class=\"wp-audio-shortcode\" id=\"audio-90766-1\" preload=\"none\" style=\"width: 100%;\" controls=\"controls\"><source type=\"audio\/mpeg\" src=\"https:\/\/media.vaticannews.va\/media\/audio\/s1\/2024\/10\/16\/16\/138385271_F138385271.mp3?_=1\" \/><a href=\"https:\/\/media.vaticannews.va\/media\/audio\/s1\/2024\/10\/16\/16\/138385271_F138385271.mp3\">https:\/\/media.vaticannews.va\/media\/audio\/s1\/2024\/10\/16\/16\/138385271_F138385271.mp3<\/a><\/audio>\n<\/div>\n<\/div>\n<\/div>\n<p style=\"text-align: justify;\"><b>Vatican News<\/b><\/p>\n<p style=\"text-align: justify;\">\u201cVer com amor, sentir compaix\u00e3o, estar pr\u00f3ximo e cuidar\u201d, sempre, porque &#8220;mesmo quando uma pessoa n\u00e3o pode se curar, sempre pode por\u00e9m ser curada&#8221;. Assim se tornam \u201cartes\u00e3os da sa\u00fade\u201d e \u201cguardi\u00f5es da vida daqueles que sofrem\u201d. Essa \u00e9 a miss\u00e3o que o Papa confia aos m\u00e9dicos-cirurgi\u00f5es da It\u00e1lia que, de 13 de outubro at\u00e9 esta quarta-feira (16\/10), est\u00e3o participando do 126\u00ba Congresso Nacional da Sociedade Italiana de Cirurgia, em Roma.<\/p>\n<p style=\"text-align: justify;\">O Pont\u00edfice os recebeu na sala anexa \u00e0 Sala Paulo VI, antes da Audi\u00eancia Geral na Pra\u00e7a de S\u00e3o Pedro. &#8220;O futuro do cirurgi\u00e3o &#8211; o cirurgi\u00e3o do futuro\u201d \u00e9 o tema do evento. \u201cUm belo tema!\u201d, observou o Papa, e a partir da\u00ed refletiu no discurso (<a href=\"https:\/\/www.vatican.va\/content\/francesco\/it\/speeches\/2024\/october\/documents\/20241016-chirurghi.html\" target=\"_blank\" rel=\"external noopener\">texto integral em italiano<\/a>): &#8220;quem fala de futuro, fala de esperan\u00e7a, de projeto, de compromisso\u2019, afirmou. Em seguida, enfatizou que o trabalho dos cirurgi\u00f5es \u00e9 \u201cprecioso para o homem\u201d, uma criatura \u201cbonita\u201d, mas \u201cfr\u00e1gil\u201d e \u201ct\u00e3o vulner\u00e1vel\u201d.<\/p>\n<div style=\"text-align: justify;\">\n<div class=\"article__embed article__embed--unwrap article__embed--photo\">\n<figure><picture><img decoding=\"async\" class=\"loaded\" src=\"https:\/\/www.vaticannews.va\/content\/dam\/vaticannews\/agenzie\/images\/srv\/2024\/10\/16\/2024-10-16-chirurghi\/1729062444497.JPG\/_jcr_content\/renditions\/cq5dam.thumbnail.cropped.750.422.jpeg\" alt=\"Papa orienta a tratar &quot;os outros com o mesmo cuidado com que gostariam de ser tratados\u201d\" data-original=\"\/content\/dam\/vaticannews\/agenzie\/images\/srv\/2024\/10\/16\/2024-10-16-chirurghi\/1729062444497.JPG\/_jcr_content\/renditions\/cq5dam.thumbnail.cropped.750.422.jpeg\" data-was-processed=\"true\" \/><\/picture><\/figure>\n<div class=\"photo_embed--Title\" style=\"text-align: center;\">Papa orienta a tratar &#8220;os outros com o mesmo cuidado com que gostariam de ser tratados\u201d<\/div>\n<\/div>\n<\/div>\n<h2 style=\"text-align: justify;\">O homem na sua totalidade<\/h2>\n<p style=\"text-align: justify;\">Por isso, enfatizou o Pont\u00edfice aos m\u00e9dicos, \u201c\u00e9 importante que o estilo de voc\u00eas seja sempre humano e profissional, de quem\u00a0<i>cuida<\/i>\u00a0dos sofredores, de modo que, antes de tudo,\u00a0<i>os levem a s\u00e9rio<\/i>, conjugando compet\u00eancia e deontologia em todas as suas interven\u00e7\u00f5es, de acordo com a cultura da sa\u00fade, que seja servi\u00e7o \u00e0 pessoa na sua integridade\u201d.<\/p>\n<p style=\"text-align: justify;\"><i>&#8220;Pensem no futuro do cirurgi\u00e3o a partir de uma cultura da dedica\u00e7\u00e3o ao irm\u00e3o, especialmente se pobre e marginalizado. \u00c9 sempre o homem que vive e que morre, que sofre e se cura, n\u00e3o apenas os seus \u00f3rg\u00e3os ou tecidos.&#8221;<\/i><\/p>\n<h2 style=\"text-align: justify;\">O risco de perder a voca\u00e7\u00e3o<\/h2>\n<p style=\"text-align: justify;\">Ao contr\u00e1rio, advertiu o Papa Francisco, \u201cexiste o risco, mesmo para os m\u00e9dicos, de perder a pr\u00f3pria voca\u00e7\u00e3o, colocando-se fora dessa alian\u00e7a terap\u00eautica, que coloca a pessoa doente ou ferida no centro\u201d. De fato, a medicina moderna tende a se concentrar muito na dimens\u00e3o f\u00edsica do homem, em vez de consider\u00e1-lo na sua totalidade. \u201cDessa forma, por\u00e9m, o corpo se torna um objeto nu de investiga\u00e7\u00e3o cient\u00edfica e manipula\u00e7\u00e3o t\u00e9cnica, em detrimento do paciente, que fica em segundo plano. Em vez disso, a ci\u00eancia \u00e9 para o homem, e n\u00e3o o homem para a ci\u00eancia! Uma ci\u00eancia humana\u201d, enfatizou o Papa.<\/p>\n<h2 style=\"text-align: justify;\">A \u201cm\u00e3o\u201d do cirurgi\u00e3o, antes da tecnologia<\/h2>\n<p style=\"text-align: justify;\">Ainda olhando para os eventos atuais e, portanto, para as muitas novas tecnologias, em primeiro lugar a Intelig\u00eancia Artificial, da qual a cirurgia faz uso, ele recomendou \u201cnunca esquecer que nada pode ser feito sem a \u2018m\u00e3o\u2019 do cirurgi\u00e3o\u201d: \u201ccirurgia significa \u2018trabalho feito com a m\u00e3o\u2019, \u2018opera\u00e7\u00e3o da m\u00e3o\u2019. E \u00e9 exatamente isso: para curar, os cirurgi\u00f5es precisam ferir, cortar. Portanto, quando tiverem em suas m\u00e3os o corpo do homem, criado \u00e0 imagem de Deus, ajam como &#8216;artes\u00e3os da sa\u00fade&#8217;, tratando os outros com o mesmo cuidado com que gostariam de ser tratados\u201d.<\/p>\n<h2 style=\"text-align: justify;\">Forma\u00e7\u00e3o humana, cient\u00edfica e psicol\u00f3gica<\/h2>\n<p style=\"text-align: justify;\">\u201cReflitam\u201d, \u00e9 o encorajamento do Papa aos especialistas, \u201dsobre os gestos que, como profissionais, voc\u00eas devem colocar em pr\u00e1tica, juntos, como uma equipe com seus colaboradores, e n\u00e3o tenham medo de promover, especialmente entre os jovens, a forma\u00e7\u00e3o humana, cient\u00edfica, tecnol\u00f3gica e psicol\u00f3gica: as melhores caracter\u00edsticas dos futuros cirurgi\u00f5es vir\u00e3o daqui&#8221;.<\/p>\n<div style=\"text-align: justify;\">\n<div class=\"article__embed article__embed--border embed_style\">\n<blockquote><p>\u201cPortanto, eu os convido a serem guardi\u00f5es da vida de quem sofre. Mesmo quando uma pessoa n\u00e3o pode ser curada, sempre pode por\u00e9m ser curada, de modo que ningu\u00e9m jamais seja considerado ou se sinta um descarte.\u201d<\/p><\/blockquote>\n<\/div>\n<\/div>\n<h2 style=\"text-align: justify;\">O \u00edcone do Bom Samaritano<\/h2>\n<p style=\"text-align: justify;\">Nesse sentido, o Papa deu de presente aos participantes da confer\u00eancia \u201cum \u00edcone que pode inspirar o futuro da profiss\u00e3o\u201d: o \u00edcone de Jesus, m\u00e9dico de almas e dos corpos narrado na par\u00e1bola do Bom Samaritano. \u201cNela\u201d, explica Francisco, \u201daquele que cuida v\u00ea e para sem pressa:\u00a0<i>tem compaix\u00e3o<\/i>\u00a0de quem encontra,\u00a0<i>se aproxima<\/i>\u00a0deles e\u00a0<i>enfaixa suas feridas<\/i>. Ele v\u00ea, tem compaix\u00e3o, se aproxima e cura as feridas\u201d. Com essas atitudes, \u201ctodo bom m\u00e9dico se torna\u00a0<i>o pr\u00f3ximo<\/i>\u00a0do paciente\u201d.<\/p>\n<h2 style=\"text-align: justify;\">Os dons dos m\u00e9dicos<\/h2>\n<p style=\"text-align: justify;\">Por ocasi\u00e3o da audi\u00eancia, o presidente da Sociedade Cir\u00fargica Italiana, Massimo Carlini, doou uma placa comemorativa ao Pont\u00edfice, juntamente com um capote cir\u00fargico, cal\u00e7as e um gorro de m\u00e9dico para sala de cirurgia com o logotipo da associa\u00e7\u00e3o e a inscri\u00e7\u00e3o\u00a0<i>Papa Francisco<\/i>: s\u00edmbolos da dedica\u00e7\u00e3o e do compromisso que todos os dias distinguem a miss\u00e3o dos cirurgi\u00f5es. \u201cUm gesto\u201d, diz uma nota, &#8220;que representa a uni\u00e3o entre ci\u00eancia e humanidade, unindo o mundo do cuidado com o da espiritualidade&#8221;.<\/p>\n<div>\n<div class=\"article__embed article__embed--unwrap article__embed--photo\">\n<figure style=\"text-align: justify;\"><picture><img decoding=\"async\" class=\"loaded\" src=\"https:\/\/www.vaticannews.va\/content\/dam\/vaticannews\/agenzie\/images\/srv\/2024\/10\/16\/2024-10-16-chirurghi\/1729062449780.JPG\/_jcr_content\/renditions\/cq5dam.thumbnail.cropped.750.422.jpeg\" alt=\"Os presentes entregues ao Papa\" data-original=\"\/content\/dam\/vaticannews\/agenzie\/images\/srv\/2024\/10\/16\/2024-10-16-chirurghi\/1729062449780.JPG\/_jcr_content\/renditions\/cq5dam.thumbnail.cropped.750.422.jpeg\" data-was-processed=\"true\" \/><\/picture><\/figure>\n<div class=\"photo_embed--Title\" style=\"text-align: justify;\">Os presentes entregues ao Papa<\/div>\n<\/div>\n<\/div>\n<\/div>\n","protected":false},"excerpt":{"rendered":"<p>Francisco recebeu em audi\u00eancia no Vaticano os participantes do Congresso Nacional da Sociedade Cir\u00fargica Italiana, intitulado \u201cO futuro do cirurgi\u00e3o &#8211; o cirurgi\u00e3o do futuro\u201d, realizado em Roma: \u201cmesmo quando uma pessoa n\u00e3o pode ser curada, sempre pode por\u00e9m ser curada, de modo que ningu\u00e9m jamais seja considerado ou se sinta um descarte\u201d. Ou\u00e7a a [&hellip;]<\/p>\n","protected":false},"author":1,"featured_media":90767,"comment_status":"open","ping_status":"closed","sticky":false,"template":"","format":"standard","meta":{"footnotes":""},"categories":[3],"tags":[],"class_list":["post-90766","post","type-post","status-publish","format-standard","has-post-thumbnail","hentry","category-vaticano"],"_links":{"self":[{"href":"https:\/\/catolicanet.net\/wp-cnet\/wp-json\/wp\/v2\/posts\/90766","targetHints":{"allow":["GET"]}}],"collection":[{"href":"https:\/\/catolicanet.net\/wp-cnet\/wp-json\/wp\/v2\/posts"}],"about":[{"href":"https:\/\/catolicanet.net\/wp-cnet\/wp-json\/wp\/v2\/types\/post"}],"author":[{"embeddable":true,"href":"https:\/\/catolicanet.net\/wp-cnet\/wp-json\/wp\/v2\/users\/1"}],"replies":[{"embeddable":true,"href":"https:\/\/catolicanet.net\/wp-cnet\/wp-json\/wp\/v2\/comments?post=90766"}],"version-history":[{"count":1,"href":"https:\/\/catolicanet.net\/wp-cnet\/wp-json\/wp\/v2\/posts\/90766\/revisions"}],"predecessor-version":[{"id":90769,"href":"https:\/\/catolicanet.net\/wp-cnet\/wp-json\/wp\/v2\/posts\/90766\/revisions\/90769"}],"wp:featuredmedia":[{"embeddable":true,"href":"https:\/\/catolicanet.net\/wp-cnet\/wp-json\/wp\/v2\/media\/90767"}],"wp:attachment":[{"href":"https:\/\/catolicanet.net\/wp-cnet\/wp-json\/wp\/v2\/media?parent=90766"}],"wp:term":[{"taxonomy":"category","embeddable":true,"href":"https:\/\/catolicanet.net\/wp-cnet\/wp-json\/wp\/v2\/categories?post=90766"},{"taxonomy":"post_tag","embeddable":true,"href":"https:\/\/catolicanet.net\/wp-cnet\/wp-json\/wp\/v2\/tags?post=90766"}],"curies":[{"name":"wp","href":"https:\/\/api.w.org\/{rel}","templated":true}]}}