{"id":90650,"date":"2024-10-05T09:59:19","date_gmt":"2024-10-05T12:59:19","guid":{"rendered":"https:\/\/catolicanet.net\/wp-cnet\/?p=90650"},"modified":"2024-10-09T12:00:16","modified_gmt":"2024-10-09T15:00:16","slug":"xxvii-domingo-do-tempo-comum","status":"publish","type":"post","link":"https:\/\/catolicanet.net\/wp-cnet\/xxvii-domingo-do-tempo-comum\/","title":{"rendered":"XXVII Domingo do Tempo Comum"},"content":{"rendered":"<p style=\"text-align: justify;\">Estamos celebrando o XXVII Domingo do Tempo Comum e o primeiro domingo do m\u00eas de outubro. Outubro na Igreja no Brasil n\u00f3s refletimos sobre a miss\u00e3o. O crist\u00e3o que tem, pelo batismo, a voca\u00e7\u00e3o mission\u00e1ria, a miss\u00e3o de anunciar a Boa Nova, tem de ter, ele pr\u00f3prio, um cora\u00e7\u00e3o semelhante ao de Cristo, manso e humilde, como pedimos na jaculat\u00f3ria, \u201cfazei nosso cora\u00e7\u00e3o semelhante ao vosso\u201d.<\/p>\n<p style=\"text-align: justify;\">Na primeira leitura \u2013 Gn 2,18-24 \u2013 n\u00e3o \u00e9 bom que o homem fique sozinho; vou dar-lhe uma companheira em tudo semelhante a ele! E o homem gostou da companheira: \u201cDesta vez, sim, \u00e9 osso dos meus ossos e carne de minha carne! Ela ser\u00e1 chamada \u201cmulher\u201d porque foi tirada do homem\u201d (Gn 2,23).<\/p>\n<p style=\"text-align: justify;\">Na segunda leitura \u2013 Hb 2,9-11 \u2013 o caminho para a salva\u00e7\u00e3o, indicado e praticado por Jesus, \u00e9 o Caminho que revela a sabedoria de Deus: pela humilha\u00e7\u00e3o e morte na Cruz, Jesus chegou \u00e0 gl\u00f3ria da Ressurrei\u00e7\u00e3o. Este \u00e9 o caminho que nos torna participantes de sua gl\u00f3ria! A Carta aos Hebreus, na segunda leitura de hoje, nos apresenta Jesus \u201ccoroado de gl\u00f3ria e honra, por ter sofrido a morte\u201d (Hb 2,9) e afirma que \u201cpela gra\u00e7a de Deus em favor de todos, ele provou a morte\u201d (Hb 2,9) e foi levado \u201c\u00e0 consuma\u00e7\u00e3o por meio dos sofrimentos\u201d (Hb 2,10). N\u00e3o nos iludamos: jamais compreenderemos as exig\u00eancias do Evangelho, jamais teremos a for\u00e7a de abra\u00e7\u00e1-las, se n\u00e3o estivermos dispostos a participar do sofrimento e das ren\u00fancias do Cristo Jesus; aquelas mesmas que o fizeram estar agora coroado de gl\u00f3ria. Ele que vive e reina pelos s\u00e9culos. Am\u00e9m.<\/p>\n<p style=\"text-align: justify;\">No Evangelho \u2013 Mc 10,2-16 \u2013 os fariseus perguntam a Jesus sobre o div\u00f3rcio. Mois\u00e9s, na Lei, no Antigo Testamento, o permitia. \u201cE tu, Jesus, que dizes?\u201d Pois bem, car\u00edssimos, para nossa surpresa, o nosso Jesus, t\u00e3o bom, t\u00e3o suave, t\u00e3o misericordioso, n\u00e3o permite tal pr\u00e1tica. Sua senten\u00e7a \u00e9 sem apelo: \u201cO que Deus uniu, o homem n\u00e3o separe!\u201d (Mc 10, 9) \u201cQuem se divorciar de sua mulher e se casar com outra, cometer\u00e1 adult\u00e9rio conta a primeira. E se a mulher se divorciar de seu marido se casar com outro, cometer\u00e1 adult\u00e9rio\u201d (Mc 10, 11-12).<\/p>\n<p style=\"text-align: justify;\">Recordando o G\u00eanesis, \u201cno princ\u00edpio\u201d, Jesus endossa a bel\u00edssima convic\u00e7\u00e3o de que homem e mulher t\u00eam a mesma dignidade: ambos vivem do mesmo sopro divino; a mulher foi tirada do lado do homem, como algu\u00e9m que deve estar ao seu lado, como companheira de igual dignidade e valor. N\u00e3o deve existir contraposi\u00e7\u00e3o entre os sexos, mas sim complementaridade.<\/p>\n<p style=\"text-align: justify;\">Ainda um outro aspecto: notem como Deus institui a fam\u00edlia: o homem e a mulher, num amor aberto \u00e0 vida: \u201cO homem deixar\u00e1 seu pai e sua m\u00e3e e s dois ser\u00e3o uma s\u00f3 carne\u201d (Mc 10,7). Que coisa: um deixar, um encontrar, um unir-se, um gerar vida! \u201cCrescei e multiplicai! Dominai a terra!\u201d (Gn 1,28) Fam\u00edlia \u00e1 aquilo que Deus sonhou como sendo fam\u00edlia e o Cristo nosso Senhor confirmou, elevando o matrim\u00f4nio \u00e0 dignidade de sacramento, santificando-o com a sua gra\u00e7a! No plano de Deus, toda fam\u00edlia \u00e9 santa, todo lar \u00e9 sagrado!<\/p>\n<p style=\"text-align: justify;\">Compreendamos, Jesus veio para reconduzir este mundo ferido pelo pecado ao plano original de Deus. Ora, o sonho de Deus para o amor conjugal \u00e9 que ele seja uma entrega total e plena, no amor indissol\u00favel, fiel e fecundo. Este \u00e9 o ideal que Jesus aponta aos seus disc\u00edpulos! O matrim\u00f4nio abra\u00e7ado por um crist\u00e3o e uma crist\u00e3, no Senhor Jesus, \u00e9 indissol\u00favel! Jesus diz no Evangelho de hoje: quem tiver um cora\u00e7\u00e3o de crian\u00e7a. \u201cEm verdade vos digo: quem n\u00e3o receber o Reino de Deus como uma crian\u00e7a, n\u00e3o entrar\u00e1 nele!\u201d Ter cora\u00e7\u00e3o de crian\u00e7a \u00e9 deixar-se conduzir pelo Senhor, \u00e9 acolher confiantemente a sua palavra a nosso respeito, mesmo quando esta nos \u00e9 dif\u00edcil. Mas, n\u00e3o o conseguiremos sem a disposi\u00e7\u00e3o para sofrer com Cristo, para nos deixar a n\u00f3s mesmo.<\/p>\n<p style=\"text-align: justify;\">O nosso Deus n\u00e3o \u00e9 Solid\u00e3o, mas Comunh\u00e3o de Pessoas: Pai, Filho e Esp\u00edrito Santo! O homem, feito \u00e0 imagem e semelhan\u00e7a de Deus Trindade (Comunh\u00e3o), vive em comunh\u00e3o com as pessoas. O casamento n\u00e3o \u00e9 apenas uma institui\u00e7\u00e3o humana; \u00e9 um sacramento, ou seja, Deus fez o homem e a mulher para ser um retrato humano da intimidade do pr\u00f3prio Deus! Sem o amor e a f\u00e9 no Plano de Deus, o homem \u00e9 apenas um animal! O amor faz dele urna imagem e semelhan\u00e7a do pr\u00f3prio Deus.<\/p>\n","protected":false},"excerpt":{"rendered":"<p>Estamos celebrando o XXVII Domingo do Tempo Comum e o primeiro domingo do m\u00eas de outubro. Outubro na Igreja no Brasil n\u00f3s refletimos sobre a miss\u00e3o. O crist\u00e3o que tem, pelo batismo, a voca\u00e7\u00e3o mission\u00e1ria, a miss\u00e3o de anunciar a Boa Nova, tem de ter, ele pr\u00f3prio, um cora\u00e7\u00e3o semelhante ao de Cristo, manso e [&hellip;]<\/p>\n","protected":false},"author":5,"featured_media":55819,"comment_status":"open","ping_status":"closed","sticky":false,"template":"","format":"standard","meta":{"footnotes":""},"categories":[9],"tags":[],"class_list":["post-90650","post","type-post","status-publish","format-standard","has-post-thumbnail","hentry","category-artigos"],"_links":{"self":[{"href":"https:\/\/catolicanet.net\/wp-cnet\/wp-json\/wp\/v2\/posts\/90650","targetHints":{"allow":["GET"]}}],"collection":[{"href":"https:\/\/catolicanet.net\/wp-cnet\/wp-json\/wp\/v2\/posts"}],"about":[{"href":"https:\/\/catolicanet.net\/wp-cnet\/wp-json\/wp\/v2\/types\/post"}],"author":[{"embeddable":true,"href":"https:\/\/catolicanet.net\/wp-cnet\/wp-json\/wp\/v2\/users\/5"}],"replies":[{"embeddable":true,"href":"https:\/\/catolicanet.net\/wp-cnet\/wp-json\/wp\/v2\/comments?post=90650"}],"version-history":[{"count":1,"href":"https:\/\/catolicanet.net\/wp-cnet\/wp-json\/wp\/v2\/posts\/90650\/revisions"}],"predecessor-version":[{"id":90652,"href":"https:\/\/catolicanet.net\/wp-cnet\/wp-json\/wp\/v2\/posts\/90650\/revisions\/90652"}],"wp:featuredmedia":[{"embeddable":true,"href":"https:\/\/catolicanet.net\/wp-cnet\/wp-json\/wp\/v2\/media\/55819"}],"wp:attachment":[{"href":"https:\/\/catolicanet.net\/wp-cnet\/wp-json\/wp\/v2\/media?parent=90650"}],"wp:term":[{"taxonomy":"category","embeddable":true,"href":"https:\/\/catolicanet.net\/wp-cnet\/wp-json\/wp\/v2\/categories?post=90650"},{"taxonomy":"post_tag","embeddable":true,"href":"https:\/\/catolicanet.net\/wp-cnet\/wp-json\/wp\/v2\/tags?post=90650"}],"curies":[{"name":"wp","href":"https:\/\/api.w.org\/{rel}","templated":true}]}}