{"id":90556,"date":"2024-10-03T08:53:15","date_gmt":"2024-10-03T11:53:15","guid":{"rendered":"https:\/\/catolicanet.net\/wp-cnet\/?p=90556"},"modified":"2024-10-03T15:59:38","modified_gmt":"2024-10-03T18:59:38","slug":"o-papa-rezar-e-deixar-que-o-espirito-mude-nosso-coracao","status":"publish","type":"post","link":"https:\/\/catolicanet.net\/wp-cnet\/o-papa-rezar-e-deixar-que-o-espirito-mude-nosso-coracao\/","title":{"rendered":"O Papa: rezar \u00e9 deixar que o Esp\u00edrito mude nosso cora\u00e7\u00e3o"},"content":{"rendered":"<div class=\"mediaContent__inner \">\n<figure class=\"article__image\" style=\"text-align: justify;\"><span class=\"didascalia_img\">O Papa Francisco em ora\u00e7\u00e3o (Vatican Media)<\/span><\/figure>\n<\/div>\n<article class=\"article \">\n<div class=\"article__meta audioInside\" data-mediatype=\"foto\">\n<div class=\"article__subTitle\" style=\"text-align: justify;\">Publicamos o pref\u00e1cio do Papa Francisco, antecipado pelo di\u00e1rio italiano \u201cAvvenire\u201d, para o livro intitulado \u201cComo Jesus nos ensinou. A ora\u00e7\u00e3o dos peregrinos da esperan\u00e7a\u201d (Edizioni San Paolo), que ser\u00e1 publicado na quarta-feira, 9 de outubro. O texto re\u00fane as reflex\u00f5es, algumas in\u00e9ditas, do Papa Francisco sobre a ora\u00e7\u00e3o<\/div>\n<div class=\"title__separator\" style=\"text-align: justify;\"><\/div>\n<div class=\"article__text\">\n<p style=\"text-align: justify;\"><b>Papa Francisco<\/b><\/p>\n<div style=\"text-align: justify;\">\n<div class=\"article__embed article__embed--unwrap article__embed--dark\">\n<div class=\"article__innerTitle\">Ou\u00e7a e compartilhe<\/div>\n<div>\n<!--[if lt IE 9]><script>document.createElement('audio');<\/script><![endif]-->\n<audio class=\"wp-audio-shortcode\" id=\"audio-90556-1\" preload=\"none\" style=\"width: 100%;\" controls=\"controls\"><source type=\"audio\/mpeg\" src=\"https:\/\/media.vaticannews.va\/media\/audio\/s1\/2024\/10\/03\/12\/138368859_F138368859.mp3?_=1\" \/><a href=\"https:\/\/media.vaticannews.va\/media\/audio\/s1\/2024\/10\/03\/12\/138368859_F138368859.mp3\">https:\/\/media.vaticannews.va\/media\/audio\/s1\/2024\/10\/03\/12\/138368859_F138368859.mp3<\/a><\/audio>\n<\/div>\n<\/div>\n<\/div>\n<p style=\"text-align: justify;\">Aprendi a rezar com minha av\u00f3. Foi minha av\u00f3 quem me ensinou a rezar e tamb\u00e9m dela adquiri a devo\u00e7\u00e3o a S\u00e3o Jos\u00e9. Depois, os padres espirituais que tive, tanto no semin\u00e1rio quanto na Companhia, me ajudaram a avan\u00e7ar na experi\u00eancia da ora\u00e7\u00e3o.<\/p>\n<p style=\"text-align: justify;\">Entre eles, gostaria de mencionar o padre Miguel Angel Fiorito, um jesu\u00edta argentino, professor de filosofia, mas tamb\u00e9m um entusiasta da espiritualidade. Suas obras agora tamb\u00e9m foram publicadas na It\u00e1lia: um grande mestre espiritual que me ensinou a crescer em minha maneira de orar. Ele deu muitos cursos sobre espiritualidade. Ensinou-me a orar como um filho e n\u00e3o buscando os caramelos da consola\u00e7\u00e3o: como se d\u00e1 a ora\u00e7\u00e3o? Como habituar-se com a ora\u00e7\u00e3o? O que fazer quando h\u00e1 consolo ou mesmo desola\u00e7\u00e3o, quando n\u00e3o h\u00e1 desejo de orar? Ele foi um mestre de vida espiritual para mim. Com o passar do tempo, minha forma\u00e7\u00e3o para a ora\u00e7\u00e3o permaneceu o mesma.<\/p>\n<p style=\"text-align: justify;\">Mesmo como Papa, nada mudou: rezo como sempre, com os ritmos habituais. \u00c0s vezes, algumas ora\u00e7\u00f5es vocais, \u00e0s vezes, diante do Sant\u00edssimo Sacramento, passo por alguns momentos de aridez. Minha ora\u00e7\u00e3o seguiu adiante com as coisas bonitas e com as coisas n\u00e3o t\u00e3o bonitas. \u00c0s vezes penso que preciso rezar mais, isso sim. N\u00e3o h\u00e1 tempo, mas preciso rezar mais. Sempre, ent\u00e3o, tenho apego \u00e0 Liturgia das Horas, nunca a deixo: \u00e0 tarde, as V\u00e9speras, depois o Of\u00edcio de Leituras, de manh\u00e3, as Laudes e depois a Missa. E depois a ora\u00e7\u00e3o mental, a ora\u00e7\u00e3o de medita\u00e7\u00e3o, quando tenho um pouco de tempo, tento conversar um pouco e perguntar algo ao Senhor, mas tenho medo de que Ele responda&#8230;<\/p>\n<div style=\"text-align: justify;\">\n<div class=\"article__embed article__embed--unwrap article__embed--photo\">\n<figure><picture><img decoding=\"async\" class=\"loaded\" src=\"https:\/\/www.vaticannews.va\/content\/dam\/vaticannews\/multimedia\/2024\/ottobre\/03\/27.jpg\/_jcr_content\/renditions\/cq5dam.thumbnail.cropped.750.422.jpeg\" alt=\"Capa do livro\" data-original=\"\/content\/dam\/vaticannews\/multimedia\/2024\/ottobre\/03\/27.jpg\/_jcr_content\/renditions\/cq5dam.thumbnail.cropped.750.422.jpeg\" data-was-processed=\"true\" \/><\/picture><\/figure>\n<div class=\"photo_embed--Title\" style=\"text-align: center;\">Capa do livro<\/div>\n<\/div>\n<\/div>\n<p style=\"text-align: justify;\">E depois h\u00e1 o Pai-Nosso, a ora\u00e7\u00e3o de Jesus. Tudo est\u00e1 l\u00e1! Quando os disc\u00edpulos pediram a Jesus que os ensinasse a orar, Ele n\u00e3o chamou um catequista para instru\u00ed-los em alguma metodologia de ora\u00e7\u00e3o, ou algum especialista na arte da ora\u00e7\u00e3o. Ele disse: \u201cDizei assim: Pai-Nosso\u201d (cf. Lc 11,2). O Pai-Nosso \u00e9 a ora\u00e7\u00e3o universal, a ora\u00e7\u00e3o dos filhos, a ora\u00e7\u00e3o da confian\u00e7a, a ora\u00e7\u00e3o da coragem e a ora\u00e7\u00e3o tamb\u00e9m da resigna\u00e7\u00e3o. \u00c9 a grande ora\u00e7\u00e3o.<\/p>\n<p style=\"text-align: justify;\">E h\u00e1 as ora\u00e7\u00f5es a Maria: eu tamb\u00e9m tenho muita f\u00e9 em Nossa Senhora, sempre rezo o Ter\u00e7o. Gosto de senti-la perto, porque ela \u00e9 M\u00e3e e nos guia. H\u00e1 uma hist\u00f3ria muito bonita, \u00e9 claro que \u00e9 uma lenda, que nos conta como Nossa Senhora salva todo mundo! \u00c9 a hist\u00f3ria de Nossa Senhora dos errantes, protetora dos ladr\u00f5es. Eles roubam, mas como rezam para ela, quando um deles morre, Nossa Senhora, que est\u00e1 na janela do c\u00e9u, diz para ele se esconder. E ela lhe diz para n\u00e3o ir at\u00e9 Pedro, que n\u00e3o o deixar\u00e1 entrar. Mas, \u00e0 noite, ela abre a janela do Para\u00edso e o deixa entrar por l\u00e1. Gosto disso: Nossa Senhora \u00e9 aquela que deixa voc\u00ea entrar pela janela. \u00c9 quase um contrabando. Como em Can\u00e1. O Senhor n\u00e3o teve a liberdade de dizer n\u00e3o. Ela faz assim com seu Filho. Ela \u00e9 assim: onipot\u00eancia suplicante.<\/p>\n<p style=\"text-align: justify;\">\u00c9 tamb\u00e9m por causa dessa confian\u00e7a que, ao final de meus discursos p\u00fablicos, sempre pe\u00e7o que orem por mim. Preciso, nesse servi\u00e7o \u00e0 Igreja, do apoio da comunidade. Se a Igreja n\u00e3o o apoiar com ora\u00e7\u00f5es, voc\u00ea est\u00e1 acabado. A comunidade deve apoiar seu bispo e o bispo deve orar pela comunidade.<\/p>\n<p style=\"text-align: justify;\">A ora\u00e7\u00e3o abre o cora\u00e7\u00e3o para o Senhor e, quando o Esp\u00edrito entra, muda sua vida por dentro. \u00c9 por isso que \u00e9 preciso orar, para abrir o cora\u00e7\u00e3o e deixar espa\u00e7o para o Esp\u00edrito. Oramos para Jesus, para o Pai, para Nossa Senhora, mas n\u00e3o costumamos falar com o Esp\u00edrito Santo em ora\u00e7\u00e3o. Ao inv\u00e9s, \u00e9 o Esp\u00edrito Santo que muda nosso cora\u00e7\u00e3o, entra em nosso cora\u00e7\u00e3o e o muda. O Pai n\u00e3o nos unge, o Filho n\u00e3o nos unge. \u00c9 o Esp\u00edrito que nos unge com sua presen\u00e7a e \u00e9 a un\u00e7\u00e3o do Esp\u00edrito Santo que me faz entender bem a realidade da Igreja e o mist\u00e9rio de Deus.<\/p>\n<\/div>\n<\/div>\n<\/article>\n","protected":false},"excerpt":{"rendered":"<p>O Papa Francisco em ora\u00e7\u00e3o (Vatican Media) Publicamos o pref\u00e1cio do Papa Francisco, antecipado pelo di\u00e1rio italiano \u201cAvvenire\u201d, para o livro intitulado \u201cComo Jesus nos ensinou. A ora\u00e7\u00e3o dos peregrinos da esperan\u00e7a\u201d (Edizioni San Paolo), que ser\u00e1 publicado na quarta-feira, 9 de outubro. O texto re\u00fane as reflex\u00f5es, algumas in\u00e9ditas, do Papa Francisco sobre a [&hellip;]<\/p>\n","protected":false},"author":1,"featured_media":90557,"comment_status":"open","ping_status":"closed","sticky":false,"template":"","format":"standard","meta":{"footnotes":""},"categories":[3],"tags":[],"class_list":["post-90556","post","type-post","status-publish","format-standard","has-post-thumbnail","hentry","category-vaticano"],"_links":{"self":[{"href":"https:\/\/catolicanet.net\/wp-cnet\/wp-json\/wp\/v2\/posts\/90556","targetHints":{"allow":["GET"]}}],"collection":[{"href":"https:\/\/catolicanet.net\/wp-cnet\/wp-json\/wp\/v2\/posts"}],"about":[{"href":"https:\/\/catolicanet.net\/wp-cnet\/wp-json\/wp\/v2\/types\/post"}],"author":[{"embeddable":true,"href":"https:\/\/catolicanet.net\/wp-cnet\/wp-json\/wp\/v2\/users\/1"}],"replies":[{"embeddable":true,"href":"https:\/\/catolicanet.net\/wp-cnet\/wp-json\/wp\/v2\/comments?post=90556"}],"version-history":[{"count":1,"href":"https:\/\/catolicanet.net\/wp-cnet\/wp-json\/wp\/v2\/posts\/90556\/revisions"}],"predecessor-version":[{"id":90559,"href":"https:\/\/catolicanet.net\/wp-cnet\/wp-json\/wp\/v2\/posts\/90556\/revisions\/90559"}],"wp:featuredmedia":[{"embeddable":true,"href":"https:\/\/catolicanet.net\/wp-cnet\/wp-json\/wp\/v2\/media\/90557"}],"wp:attachment":[{"href":"https:\/\/catolicanet.net\/wp-cnet\/wp-json\/wp\/v2\/media?parent=90556"}],"wp:term":[{"taxonomy":"category","embeddable":true,"href":"https:\/\/catolicanet.net\/wp-cnet\/wp-json\/wp\/v2\/categories?post=90556"},{"taxonomy":"post_tag","embeddable":true,"href":"https:\/\/catolicanet.net\/wp-cnet\/wp-json\/wp\/v2\/tags?post=90556"}],"curies":[{"name":"wp","href":"https:\/\/api.w.org\/{rel}","templated":true}]}}