{"id":90435,"date":"2024-09-26T10:10:12","date_gmt":"2024-09-26T13:10:12","guid":{"rendered":"https:\/\/catolicanet.net\/wp-cnet\/?p=90435"},"modified":"2024-09-26T13:24:33","modified_gmt":"2024-09-26T16:24:33","slug":"papa-em-luxemburgo-servir-e-o-mais-alto-titulo-de-nobreza","status":"publish","type":"post","link":"https:\/\/catolicanet.net\/wp-cnet\/papa-em-luxemburgo-servir-e-o-mais-alto-titulo-de-nobreza\/","title":{"rendered":"Papa em Luxemburgo: servir \u00e9 o mais alto t\u00edtulo de nobreza"},"content":{"rendered":"<div class=\"article__subTitle\" style=\"text-align: justify;\">O Papa Francisco, nesta quinta-feira (26\/09), pronunciou o seu primeiro discurso em Luxemburgo durante o encontro com as autoridades, os representantes da sociedade civil e o Corpo Diplom\u00e1tico no Cercle Cit\u00e9, no \u00e2mbito de sua 46\u00aa Viagem Apost\u00f3lica Internacional. &#8220;Aqueles que est\u00e3o investidos de autoridade se empenhem em negocia\u00e7\u00f5es honestas com vista \u00e0 resolu\u00e7\u00e3o de diverg\u00eancias, com esp\u00edrito de disponibilidade para construir seguran\u00e7a e paz para todos&#8221;, afirmou.<\/div>\n<div class=\"title__separator\" style=\"text-align: justify;\"><\/div>\n<div class=\"article__text\">\n<p style=\"text-align: justify;\"><b>Thulio Fonseca &#8211; Vatican News<\/b><\/p>\n<p><iframe loading=\"lazy\" title=\"Luxemburgo, Encontro com as Autoridades, 26 de setembro de 2024, Papa Francisco\" width=\"696\" height=\"392\" src=\"https:\/\/www.youtube.com\/embed\/zj64O7NVMS8?feature=oembed\" frameborder=\"0\" allow=\"accelerometer; autoplay; clipboard-write; encrypted-media; gyroscope; picture-in-picture; web-share\" referrerpolicy=\"strict-origin-when-cross-origin\" allowfullscreen><\/iframe><\/p>\n<div style=\"text-align: justify;\">\n<div class=\"article__embed article__embed--unwrap article__embed--dark\">\n<div class=\"article__innerTitle\">Ou\u00e7a com a voz do Papa e compartilhe<\/div>\n<div>\n<!--[if lt IE 9]><script>document.createElement('audio');<\/script><![endif]-->\n<audio class=\"wp-audio-shortcode\" id=\"audio-90435-1\" preload=\"none\" style=\"width: 100%;\" controls=\"controls\"><source type=\"audio\/mpeg\" src=\"https:\/\/media.vaticannews.va\/media\/audio\/s1\/2024\/09\/26\/13\/138272790_F138272790.mp3?_=1\" \/><a href=\"https:\/\/media.vaticannews.va\/media\/audio\/s1\/2024\/09\/26\/13\/138272790_F138272790.mp3\">https:\/\/media.vaticannews.va\/media\/audio\/s1\/2024\/09\/26\/13\/138272790_F138272790.mp3<\/a><\/audio>\n<\/div>\n<\/div>\n<\/div>\n<p style=\"text-align: justify;\">O Papa Francisco encontrou-se, nesta quinta-feira (26\/09), com as autoridades, os representantes da sociedade civil e o Corpo Diplom\u00e1tico no Cercle Cit\u00e9, em Luxemburgo, durante sua 46\u00aa Viagem Apost\u00f3lica Internacional.<\/p>\n<p style=\"text-align: justify;\">O Santo Padre iniciou o seu discurso agradecendo Sua Alteza Real e ao Primeiro-Ministro pelas palavras de boas-vindas e ressaltou o papel hist\u00f3rico de Luxemburgo no cen\u00e1rio europeu, um pa\u00eds que, ap\u00f3s as invas\u00f5es e ocupa\u00e7\u00f5es sofridas no s\u00e9culo passado, destacou-se por seu compromisso com a constru\u00e7\u00e3o de uma Europa unida e solid\u00e1ria.<\/p>\n<h2 style=\"text-align: justify;\">Luxemburgo: uma encruzilhada de civiliza\u00e7\u00f5es<\/h2>\n<p style=\"text-align: justify;\">&#8220;Devido \u00e0 sua localiza\u00e7\u00e3o geogr\u00e1fica especial, na fronteira de diferentes \u00e1reas lingu\u00edsticas e culturais, Luxemburgo esteve muitas vezes no centro de eventos hist\u00f3ricos marcantes da Europa&#8221;, afirmou o Pont\u00edfice. &#8220;Na primeira metade do s\u00e9culo passado, o pa\u00eds foi invadido por duas vezes, sendo privado de liberdade e independ\u00eancia. No entanto, Luxemburgo aprendeu com sua hist\u00f3ria e, desde o fim da Segunda Guerra Mundial, destacou-se pelo empenho em construir uma Europa onde cada pa\u00eds, grande ou pequeno, tivesse seu papel respeitado&#8221;, destacou Francisco.<\/p>\n<p style=\"text-align: justify;\">O Papa sublinhou que, quando prevalece a l\u00f3gica da oposi\u00e7\u00e3o violenta, os pa\u00edses nas fronteiras dos poderes em conflito acabam sendo fortemente impactados. &#8220;Por\u00e9m, quando a coopera\u00e7\u00e3o prevalece sobre a confronta\u00e7\u00e3o, esses lugares tornam-se s\u00edmbolos de uma nova era de paz&#8221;, acrescentou o Santo Padre. Luxemburgo, membro fundador da Uni\u00e3o Europeia, \u00e9 um exemplo desse papel conciliador, sendo sede de v\u00e1rias institui\u00e7\u00f5es europeias.<\/p>\n<h2 style=\"text-align: justify;\">O papel fundamental da dignidade humana<\/h2>\n<p style=\"text-align: justify;\">Ao falar da solidez democr\u00e1tica de Luxemburgo como essencial para seu papel internacional, o Pont\u00edfice lembrou que n\u00e3o \u00e9 a dimens\u00e3o territorial ou a popula\u00e7\u00e3o que determinam a relev\u00e2ncia de um Estado, mas &#8220;a constru\u00e7\u00e3o paciente de institui\u00e7\u00f5es e leis s\u00e1bias que respeitam a dignidade da pessoa e o bem comum, prevenindo discrimina\u00e7\u00f5es e exclus\u00f5es&#8221;. Francisco citou as palavras de S\u00e3o Jo\u00e3o Paulo II, pronunciadas em 1985, durante sua visita a Luxemburgo: &#8220;O vosso Pa\u00eds permanece fiel \u00e0 sua voca\u00e7\u00e3o de ser, nesta importante encruzilhada de civiliza\u00e7\u00f5es, um lugar de interc\u00e2mbio e coopera\u00e7\u00e3o intensa entre um n\u00famero crescente de pa\u00edses&#8221;.<\/p>\n<div style=\"text-align: justify;\">\n<div class=\"article__embed article__embed--unwrap article__embed--photo\">\n<figure><picture><img decoding=\"async\" class=\"loaded\" src=\"https:\/\/www.vaticannews.va\/content\/dam\/vaticannews\/agenzie\/images\/srv\/2024\/09\/26\/2024-09-26-viaggio-apostolico-in-lussemburgo---incontro-con-le-a\/1727347141663.JPG\/_jcr_content\/renditions\/cq5dam.thumbnail.cropped.750.422.jpeg\" alt=\"Papa Francisco durante o encontro com as Autoridades\" data-original=\"\/content\/dam\/vaticannews\/agenzie\/images\/srv\/2024\/09\/26\/2024-09-26-viaggio-apostolico-in-lussemburgo---incontro-con-le-a\/1727347141663.JPG\/_jcr_content\/renditions\/cq5dam.thumbnail.cropped.750.422.jpeg\" data-was-processed=\"true\" \/><\/picture><\/figure>\n<div class=\"photo_embed--Title\">Papa Francisco durante o encontro com as Autoridades<\/div>\n<\/div>\n<\/div>\n<h2 style=\"text-align: justify;\">Desenvolvimento integral e cuidado da cria\u00e7\u00e3o<\/h2>\n<p style=\"text-align: justify;\">Francisco tamb\u00e9m abordou a doutrina social da Igreja, destacando o cuidado da cria\u00e7\u00e3o e a fraternidade como pilares do desenvolvimento integral. &#8220;O desenvolvimento, para ser aut\u00eantico, n\u00e3o deve saquear ou degradar nossa casa comum, nem deixar \u00e0 margem povos ou grupos sociais&#8221;. O Pont\u00edfice pediu vigil\u00e2ncia para que as na\u00e7\u00f5es mais pobres sejam ajudadas a superar sua condi\u00e7\u00e3o, uma forma eficaz de reduzir a emigra\u00e7\u00e3o for\u00e7ada. Luxemburgo, com quase metade de seus habitantes provenientes de outros pa\u00edses, pode servir de exemplo em termos de acolhimento e integra\u00e7\u00e3o de migrantes e refugiados.<\/p>\n<h2 style=\"text-align: justify;\">Evitar os erros do passado<\/h2>\n<p style=\"text-align: justify;\">&#8220;Infelizmente, assistimos ao ressurgimento de inimizades, inclusive na Europa, que resultam em hostilidades e trag\u00e9dias&#8221;, alertou o Santo Padre, &#8220;e o ser humano, por vezes, esquece as li\u00e7\u00f5es da hist\u00f3ria e repete os erros do passado. Para curar essa perigosa esclerose que amea\u00e7a as na\u00e7\u00f5es, \u00e9 necess\u00e1rio que os governantes e os povos sejam guiados por elevados valores espirituais, capazes de impedir o retorno aos horrores da guerra&#8221;, disse Francisco.<\/p>\n<p style=\"text-align: justify;\">O Pont\u00edfice lembrou que o Evangelho de Jesus Cristo tem o poder de transformar o cora\u00e7\u00e3o humano e reconciliar as partes em conflito: &#8220;o Evangelho \u00e9 a \u00fanica for\u00e7a capaz de extinguir \u00f3dios e promover a paz, mesmo nas situa\u00e7\u00f5es mais dif\u00edceis&#8221;.<\/p>\n<h2 style=\"text-align: justify;\">Exemplo de paz e acolhimento<\/h2>\n<p style=\"text-align: justify;\">Segundo o Papa, Luxemburgo pode ser um modelo ao mostrar os benef\u00edcios da paz em contraste com os horrores da guerra, bem como os frutos da coopera\u00e7\u00e3o internacional frente ao isolamento:<\/p>\n<p style=\"text-align: justify;\"><i>&#8220;\u00c9 premente que as autoridades se empenhem em negocia\u00e7\u00f5es honestas para resolver diverg\u00eancias, com disposi\u00e7\u00e3o para compromissos que garantam a paz e a seguran\u00e7a para todos.&#8221;<\/i><\/p>\n<p style=\"text-align: justify;\">Na conclus\u00e3o do seu discurso, Francisco recordou o lema de sua visita: &#8220;Pour servir&#8221; (Para servir), e ressaltou que servir \u00e9 a maior nobreza, n\u00e3o apenas para a Igreja, mas para todos aqueles que exercem fun\u00e7\u00f5es p\u00fablicas: &#8220;Que Deus vos conceda sempre um cora\u00e7\u00e3o alegre e generoso para servir.\u00a0 Que Deus aben\u00e7oe Luxemburgo!&#8221;<\/p>\n<div>\n<div class=\"article__embed article__embed--unwrap article__embed--photo\">\n<figure style=\"text-align: justify;\"><picture><img decoding=\"async\" class=\"loaded\" src=\"https:\/\/www.vaticannews.va\/content\/dam\/vaticannews\/agenzie\/images\/srv\/2024\/09\/26\/2024-09-26-viaggio-apostolico-in-lussemburgo---incontro-con-le-a\/1727345932917.JPG\/_jcr_content\/renditions\/cq5dam.thumbnail.cropped.750.422.jpeg\" alt=\"Papa sa\u00fada o Primeiro-ministro de Luxemburgo \" data-original=\"\/content\/dam\/vaticannews\/agenzie\/images\/srv\/2024\/09\/26\/2024-09-26-viaggio-apostolico-in-lussemburgo---incontro-con-le-a\/1727345932917.JPG\/_jcr_content\/renditions\/cq5dam.thumbnail.cropped.750.422.jpeg\" data-was-processed=\"true\" \/><\/picture><\/figure>\n<div class=\"photo_embed--Title\" style=\"text-align: justify;\">Papa sa\u00fada o Primeiro-ministro de Luxemburgo<\/div>\n<\/div>\n<\/div>\n<\/div>\n","protected":false},"excerpt":{"rendered":"<p>O Papa Francisco, nesta quinta-feira (26\/09), pronunciou o seu primeiro discurso em Luxemburgo durante o encontro com as autoridades, os representantes da sociedade civil e o Corpo Diplom\u00e1tico no Cercle Cit\u00e9, no \u00e2mbito de sua 46\u00aa Viagem Apost\u00f3lica Internacional. &#8220;Aqueles que est\u00e3o investidos de autoridade se empenhem em negocia\u00e7\u00f5es honestas com vista \u00e0 resolu\u00e7\u00e3o de [&hellip;]<\/p>\n","protected":false},"author":1,"featured_media":90436,"comment_status":"open","ping_status":"closed","sticky":false,"template":"","format":"standard","meta":{"footnotes":""},"categories":[13,3],"tags":[],"class_list":["post-90435","post","type-post","status-publish","format-standard","has-post-thumbnail","hentry","category-featured","category-vaticano"],"_links":{"self":[{"href":"https:\/\/catolicanet.net\/wp-cnet\/wp-json\/wp\/v2\/posts\/90435","targetHints":{"allow":["GET"]}}],"collection":[{"href":"https:\/\/catolicanet.net\/wp-cnet\/wp-json\/wp\/v2\/posts"}],"about":[{"href":"https:\/\/catolicanet.net\/wp-cnet\/wp-json\/wp\/v2\/types\/post"}],"author":[{"embeddable":true,"href":"https:\/\/catolicanet.net\/wp-cnet\/wp-json\/wp\/v2\/users\/1"}],"replies":[{"embeddable":true,"href":"https:\/\/catolicanet.net\/wp-cnet\/wp-json\/wp\/v2\/comments?post=90435"}],"version-history":[{"count":1,"href":"https:\/\/catolicanet.net\/wp-cnet\/wp-json\/wp\/v2\/posts\/90435\/revisions"}],"predecessor-version":[{"id":90438,"href":"https:\/\/catolicanet.net\/wp-cnet\/wp-json\/wp\/v2\/posts\/90435\/revisions\/90438"}],"wp:featuredmedia":[{"embeddable":true,"href":"https:\/\/catolicanet.net\/wp-cnet\/wp-json\/wp\/v2\/media\/90436"}],"wp:attachment":[{"href":"https:\/\/catolicanet.net\/wp-cnet\/wp-json\/wp\/v2\/media?parent=90435"}],"wp:term":[{"taxonomy":"category","embeddable":true,"href":"https:\/\/catolicanet.net\/wp-cnet\/wp-json\/wp\/v2\/categories?post=90435"},{"taxonomy":"post_tag","embeddable":true,"href":"https:\/\/catolicanet.net\/wp-cnet\/wp-json\/wp\/v2\/tags?post=90435"}],"curies":[{"name":"wp","href":"https:\/\/api.w.org\/{rel}","templated":true}]}}