{"id":90417,"date":"2024-10-03T09:05:49","date_gmt":"2024-10-03T12:05:49","guid":{"rendered":"https:\/\/catolicanet.net\/wp-cnet\/?p=90417"},"modified":"2024-09-24T16:06:55","modified_gmt":"2024-09-24T19:06:55","slug":"mae-aparecida-acolhei-nos-como-peregrinos-da-esperanca","status":"publish","type":"post","link":"https:\/\/catolicanet.net\/wp-cnet\/mae-aparecida-acolhei-nos-como-peregrinos-da-esperanca\/","title":{"rendered":"\u201cM\u00e3e Aparecida, acolhei-nos como peregrinos da esperan\u00e7a\u201d"},"content":{"rendered":"<p style=\"text-align: justify;\">A Novena de Nossa Senhora Aparecida, Rainha e Padroeira do Brasil, \u00e9 um momento de intensa devo\u00e7\u00e3o que mobiliza milh\u00f5es de fi\u00e9is anualmente. Em 2024, o tema da novena ser\u00e1 \u201cM\u00e3e Aparecida, acolhei-nos como peregrinos da esperan\u00e7a\u201d, alinhando-se \u00e0 prepara\u00e7\u00e3o para o Ano Jubilar que a Igreja celebrar\u00e1 em 2025.<\/p>\n<p style=\"text-align: justify;\">A invoca\u00e7\u00e3o de Nossa Senhora Aparecida como \u201cM\u00e3e\u201d ressoa profundamente nos cora\u00e7\u00f5es dos brasileiros. Como uma M\u00e3e amorosa, ela est\u00e1 sempre disposta a acolher, confortar e guiar seus filhos. O tema proposto para a novena enfatiza essa dimens\u00e3o maternal, convidando-nos a nos aproximar de Nossa Senhora com confian\u00e7a filial e devo\u00e7\u00e3o.<\/p>\n<p style=\"text-align: justify;\">O acolhimento de Nossa Senhora \u00e9 uma resposta ao anseio humano por prote\u00e7\u00e3o e seguran\u00e7a. Em tempos de incerteza, muitos buscam a intercess\u00e3o da padroeira, confiando que ela ir\u00e1 ouvir suas s\u00faplicas e orient\u00e1-los em suas dificuldades. Esse acolhimento tamb\u00e9m se estende \u00e0queles que se sentem marginalizados, reafirmando a mensagem de inclus\u00e3o e amor que a Igreja deve promover.<\/p>\n<p style=\"text-align: justify;\">O conceito de \u201cperegrinos\u201d evoca a ideia de uma jornada em busca de um destino sagrado. A vida crist\u00e3 \u00e9, de fato, uma peregrina\u00e7\u00e3o em dire\u00e7\u00e3o a Deus, repleta de desafios e b\u00ean\u00e7\u00e3os. Ao nos identificarmos como \u201cperegrinos da esperan\u00e7a\u201d, somos convidados a refletir sobre nossa pr\u00f3pria jornada espiritual.<\/p>\n<p style=\"text-align: justify;\">A esperan\u00e7a \u00e9 uma virtude central no cristianismo, representando a confian\u00e7a nas promessas de Deus. Em um mundo marcado pela incerteza, a esperan\u00e7a nos mant\u00e9m firmes em nossa f\u00e9, nos encorajando a perseverar mesmo diante das adversidades. A Novena, portanto, se torna um espa\u00e7o para reavivar essa esperan\u00e7a, pedindo a intercess\u00e3o de Nossa Senhora para nos fortalecer em nossa caminhada.<\/p>\n<p style=\"text-align: justify;\">A Novena de 2024 tamb\u00e9m serve como um momento de prepara\u00e7\u00e3o para o Ano Jubilar que a Igreja celebrar\u00e1 em 2025. O Jubileu \u00e9 uma ocasi\u00e3o de renova\u00e7\u00e3o espiritual e reconcilia\u00e7\u00e3o, lembrando os fi\u00e9is da import\u00e2ncia de refletir sobre suas vidas, suas rela\u00e7\u00f5es com Deus e com os outros. Ao acolher a esperan\u00e7a em nossas vidas, estamos nos preparando para viver plenamente este momento de gra\u00e7a.<\/p>\n<p style=\"text-align: justify;\">Neste contexto, a novena nos convida a praticar a convers\u00e3o, a busca pela paz e a promo\u00e7\u00e3o da justi\u00e7a. Ao nos unirmos em ora\u00e7\u00e3o e reflex\u00e3o, estamos n\u00e3o apenas fortalecendo nossa f\u00e9 individual, mas tamb\u00e9m contribuindo para a constru\u00e7\u00e3o de uma comunidade mais solid\u00e1ria e amorosa.<\/p>\n<p style=\"text-align: justify;\">A Novena de Nossa Senhora Aparecida \u00e9 uma oportunidade de renova\u00e7\u00e3o espiritual para os fi\u00e9is. Durante esses nove dias, os devotos s\u00e3o incentivados a intensificar sua vida de ora\u00e7\u00e3o, refletindo sobre a import\u00e2ncia da f\u00e9 em suas vidas. A pr\u00e1tica da Novena ajuda a cultivar um ambiente de espiritualidade, onde as pessoas podem se reunir em torno de um prop\u00f3sito comum, fortalecendo os la\u00e7os comunit\u00e1rios.<\/p>\n<p style=\"text-align: justify;\">A participa\u00e7\u00e3o na Novena tamb\u00e9m \u00e9 uma oportunidade para as comunidades se envolverem em a\u00e7\u00f5es solid\u00e1rias. Muitas par\u00f3quias promovem campanhas de arrecada\u00e7\u00e3o de alimentos, roupas e outros itens para aqueles que necessitam. Esse esp\u00edrito de solidariedade, inspirado pela acolhida de Nossa Senhora, \u00e9 uma maneira concreta de viver a esperan\u00e7a e o amor ao pr\u00f3ximo.<\/p>\n<p style=\"text-align: justify;\">O tema \u201cM\u00e3e Aparecida, acolhei-nos como peregrinos da esperan\u00e7a\u201d nos lembra que, mesmo nas dificuldades, a esperan\u00e7a \u00e9 uma luz que nos guia. Atrav\u00e9s da Novena, os devotos s\u00e3o incentivados a compartilhar suas lutas e anseios, confiando que Nossa Senhora interceder\u00e1 por eles. Essa partilha cria um ambiente de apoio m\u00fatuo, onde as pessoas podem encontrar consolo e motiva\u00e7\u00e3o para seguir adiante.<\/p>\n<p style=\"text-align: justify;\">A esperan\u00e7a \u00e9 uma for\u00e7a transformadora que nos impulsiona a agir em prol do bem. Na Novena, somos lembrados da import\u00e2ncia de nutrir essa esperan\u00e7a em nossas vidas e nas vidas daqueles que nos cercam. Nossa Senhora Aparecida nos ensina que, como peregrinos, devemos levar essa esperan\u00e7a a todos, especialmente \u00e0queles que mais necessitam.<\/p>\n<p style=\"text-align: justify;\">Desse modo, a Novena de Nossa Senhora Aparecida em 2024, com o tema \u201cM\u00e3e Aparecida, acolhei-nos como peregrinos da esperan\u00e7a\u201d, \u00e9 um convite \u00e0 reflex\u00e3o, \u00e0 ora\u00e7\u00e3o e \u00e0 solidariedade. Este momento especial nos prepara para o Ano Jubilar de 2025, onde seremos chamados a renovar nossa f\u00e9 e a buscar a reconcilia\u00e7\u00e3o.<\/p>\n<p style=\"text-align: justify;\">A figura de Nossa Senhora Aparecida nos inspira a acolher a esperan\u00e7a em nossas vidas e a estend\u00ea-la a todos ao nosso redor. Ao participar da Novena, somos convidados a nos unir em torno de um prop\u00f3sito comum: viver a f\u00e9 com amor, compaix\u00e3o e solidariedade. Que, sob a intercess\u00e3o da M\u00e3e Aparecida, possamos ser verdadeiros peregrinos da esperan\u00e7a, levando luz e conforto a um mundo que tanto precisa.<\/p>\n<p style=\"text-align: justify;\">Participe da Novena de Nossa Senhora Aparecida em sua comunidade! N\u00e3o sendo poss\u00edvel sintonize-se no sistema de comunica\u00e7\u00e3o do Santu\u00e1rio Nacional de Aparecida.<\/p>\n","protected":false},"excerpt":{"rendered":"<p>A Novena de Nossa Senhora Aparecida, Rainha e Padroeira do Brasil, \u00e9 um momento de intensa devo\u00e7\u00e3o que mobiliza milh\u00f5es de fi\u00e9is anualmente. Em 2024, o tema da novena ser\u00e1 \u201cM\u00e3e Aparecida, acolhei-nos como peregrinos da esperan\u00e7a\u201d, alinhando-se \u00e0 prepara\u00e7\u00e3o para o Ano Jubilar que a Igreja celebrar\u00e1 em 2025. A invoca\u00e7\u00e3o de Nossa Senhora [&hellip;]<\/p>\n","protected":false},"author":5,"featured_media":55819,"comment_status":"open","ping_status":"closed","sticky":false,"template":"","format":"standard","meta":{"footnotes":""},"categories":[9],"tags":[],"class_list":["post-90417","post","type-post","status-publish","format-standard","has-post-thumbnail","hentry","category-artigos"],"_links":{"self":[{"href":"https:\/\/catolicanet.net\/wp-cnet\/wp-json\/wp\/v2\/posts\/90417","targetHints":{"allow":["GET"]}}],"collection":[{"href":"https:\/\/catolicanet.net\/wp-cnet\/wp-json\/wp\/v2\/posts"}],"about":[{"href":"https:\/\/catolicanet.net\/wp-cnet\/wp-json\/wp\/v2\/types\/post"}],"author":[{"embeddable":true,"href":"https:\/\/catolicanet.net\/wp-cnet\/wp-json\/wp\/v2\/users\/5"}],"replies":[{"embeddable":true,"href":"https:\/\/catolicanet.net\/wp-cnet\/wp-json\/wp\/v2\/comments?post=90417"}],"version-history":[{"count":1,"href":"https:\/\/catolicanet.net\/wp-cnet\/wp-json\/wp\/v2\/posts\/90417\/revisions"}],"predecessor-version":[{"id":90418,"href":"https:\/\/catolicanet.net\/wp-cnet\/wp-json\/wp\/v2\/posts\/90417\/revisions\/90418"}],"wp:featuredmedia":[{"embeddable":true,"href":"https:\/\/catolicanet.net\/wp-cnet\/wp-json\/wp\/v2\/media\/55819"}],"wp:attachment":[{"href":"https:\/\/catolicanet.net\/wp-cnet\/wp-json\/wp\/v2\/media?parent=90417"}],"wp:term":[{"taxonomy":"category","embeddable":true,"href":"https:\/\/catolicanet.net\/wp-cnet\/wp-json\/wp\/v2\/categories?post=90417"},{"taxonomy":"post_tag","embeddable":true,"href":"https:\/\/catolicanet.net\/wp-cnet\/wp-json\/wp\/v2\/tags?post=90417"}],"curies":[{"name":"wp","href":"https:\/\/api.w.org\/{rel}","templated":true}]}}