{"id":90405,"date":"2024-09-24T09:56:34","date_gmt":"2024-09-24T12:56:34","guid":{"rendered":"https:\/\/catolicanet.net\/wp-cnet\/?p=90405"},"modified":"2024-09-24T15:57:48","modified_gmt":"2024-09-24T18:57:48","slug":"voce-sabia-que-todos-os-santos-e-anjos-estao-torcendo-por-voce","status":"publish","type":"post","link":"https:\/\/catolicanet.net\/wp-cnet\/voce-sabia-que-todos-os-santos-e-anjos-estao-torcendo-por-voce\/","title":{"rendered":"Voc\u00ea sabia que todos os santos e anjos est\u00e3o torcendo por voc\u00ea?"},"content":{"rendered":"<div style=\"text-align: justify;\"><span class=\"SubHeading_subheading__NJ_eJ\" aria-label=\"postar legenda\"><span>Invis\u00edvel aos nossos olhos, toda a corte celestial de anjos e santos est\u00e1 ao nosso lado, torcendo por n\u00f3s e esperando que tomemos as decis\u00f5es corretas.<\/span><\/span><\/div>\n<div style=\"text-align: justify;\">\n<div>\n<p><span>\u00c0s vezes \u00e9 dif\u00edcil pensar em\u00a0<\/span><span>santos<\/span><span>\u00a0e\u00a0<\/span><span>anjos<\/span><span> quando a nossa vida na terra pode parecer solit\u00e1ria e isolada, especialmente se nos esfor\u00e7amos para ser bons crist\u00e3os e parece que todos na nossa comunidade local est\u00e3o a trabalhar contra n\u00f3s.<\/span><\/p>\n<\/div>\n<\/div>\n<div style=\"text-align: justify;\">\n<div>\n<p><span>\u00c9 justamente nesses momentos que precisamos nos lembrar de que n\u00e3o estamos sozinhos.<\/span><\/p>\n<\/div>\n<\/div>\n<div style=\"text-align: justify;\">\n<h2 class=\"Heading_heading__PlVsb\"><span>f\u00e3s celestiais<\/span><\/h2>\n<\/div>\n<div style=\"text-align: justify;\">\n<div>\n<p><span>S\u00e3o Francisco de Sales<\/span><span>\u00a0comenta esta realidade na sua\u00a0<\/span><em><span>Introdu\u00e7\u00e3o \u00e0 Vida Devota<\/span><\/em><span>\u00a0, convidando os seus leitores a imaginar uma cena celestial, centrando-se primeiro em como Jesus e a sua M\u00e3e Sant\u00edssima est\u00e3o ali, convidando-nos a escolher o C\u00e9u:<\/span><\/p>\n<\/div>\n<\/div>\n<div style=\"text-align: justify;\">\n<blockquote class=\"Quote_container__XMwM_\">\n<div>\n<p><span>\u201cConsidere que Jesus Cristo, entronizado no C\u00e9u, olha para voc\u00ea com um amoroso convite: &#8216;\u00d3 amados, venham a Mim e alegrem-se para sempre na bem-aventuran\u00e7a eterna do Meu Amor!&#8217;<\/span><\/p>\n<\/div>\n<div>\n<p><span>Contemple com ternura materna Sua m\u00e3e que deseja voc\u00ea: \u2018Coragem, meu filho, n\u00e3o despreze a Bondade de meu Filho, nem minhas fervorosas ora\u00e7\u00f5es pela sua salva\u00e7\u00e3o\u2019\u201d.<\/span><\/p>\n<\/div>\n<div><\/div>\n<\/blockquote>\n<\/div>\n<div style=\"text-align: justify;\">\n<h2 class=\"Heading_heading__PlVsb\"><span>Imagine os santos<\/span><\/h2>\n<\/div>\n<div style=\"text-align: justify;\">\n<div>\n<p><span>Depois nos convida a imaginar todos os santos nos encorajando:<\/span><\/p>\n<\/div>\n<\/div>\n<div style=\"text-align: justify;\">\n<blockquote class=\"Quote_container__XMwM_\">\n<div>\n<p><span>\u201cContempla os santos, que te deixaram o seu exemplo, os milh\u00f5es de almas santas que te perseguem, desejando ardentemente que um dia voc\u00ea se junte a eles para sempre em seu c\u00e2ntico de louvor, exortando-te que o caminho para o c\u00e9u n\u00e3o \u00e9 t\u00e3o dif\u00edcil de encontrar como o mundo quer que voc\u00ea acredite. &#8216;V\u00e1 em frente com coragem, querido amigo&#8217;, eles gritam &#8216;Quem medita bem no caminho pelo qual chegamos at\u00e9 aqui, descobrir\u00e1 que chegamos a essas del\u00edcias atuais com alegrias mais doces do que aquelas que conhecemos. . este mundo pode dar&#8217;.<\/span><\/p>\n<\/div>\n<div><\/div>\n<\/blockquote>\n<\/div>\n<div style=\"text-align: justify;\">\n<div>\n<p><span>Todos no C\u00e9u nos encorajam, porque querem que partilhemos a sua alegria.<\/span><\/p>\n<\/div>\n<\/div>\n<div style=\"text-align: justify;\">\n<div>\n<p><span>Podemos n\u00e3o ser capazes de v\u00ea-los com os nossos olhos f\u00edsicos, mas se estivermos abertos \u00e0 sua presen\u00e7a espiritual, poderemos sentir a paz que eles trazem.<\/span><\/p>\n<\/div>\n<\/div>\n<div style=\"text-align: justify;\">\n<h2 class=\"Heading_heading__PlVsb\"><span>Pense no exemplo daqueles que est\u00e3o no c\u00e9u<\/span><\/h2>\n<\/div>\n<div style=\"text-align: justify;\">\n<div>\n<p><span>S\u00e3o Francisco de Sales termina a sua medita\u00e7\u00e3o com as seguintes palavras:<\/span><\/p>\n<\/div>\n<\/div>\n<div style=\"text-align: justify;\">\n<blockquote class=\"Quote_container__XMwM_\">\n<div>\n<p><span>\u201cPense com amor no exemplo que a Sant\u00edssima Virgem e os santos lhe deram, e esforce-se para segui-los. Renda-se ao seu Anjo da Guarda, para ser seu guia, e mais uma vez arme-se de coragem para fazer esta escolha.\u201d<\/span><\/p>\n<\/div>\n<div><\/div>\n<\/blockquote>\n<\/div>\n<div>\n<div>\n<p style=\"text-align: justify;\"><span>Podemos sentir-nos sozinhos, mas n\u00e3o estamos, e milh\u00f5es de santos esperam-nos no C\u00e9u, esperando e rezando para que tomemos as decis\u00f5es certas na terra.<\/span><\/p>\n<\/div>\n<\/div>\n","protected":false},"excerpt":{"rendered":"<p>Invis\u00edvel aos nossos olhos, toda a corte celestial de anjos e santos est\u00e1 ao nosso lado, torcendo por n\u00f3s e esperando que tomemos as decis\u00f5es corretas. \u00c0s vezes \u00e9 dif\u00edcil pensar em\u00a0santos\u00a0e\u00a0anjos quando a nossa vida na terra pode parecer solit\u00e1ria e isolada, especialmente se nos esfor\u00e7amos para ser bons crist\u00e3os e parece que todos [&hellip;]<\/p>\n","protected":false},"author":1,"featured_media":90406,"comment_status":"open","ping_status":"closed","sticky":false,"template":"","format":"standard","meta":{"footnotes":""},"categories":[4],"tags":[],"class_list":["post-90405","post","type-post","status-publish","format-standard","has-post-thumbnail","hentry","category-cotidiano"],"_links":{"self":[{"href":"https:\/\/catolicanet.net\/wp-cnet\/wp-json\/wp\/v2\/posts\/90405","targetHints":{"allow":["GET"]}}],"collection":[{"href":"https:\/\/catolicanet.net\/wp-cnet\/wp-json\/wp\/v2\/posts"}],"about":[{"href":"https:\/\/catolicanet.net\/wp-cnet\/wp-json\/wp\/v2\/types\/post"}],"author":[{"embeddable":true,"href":"https:\/\/catolicanet.net\/wp-cnet\/wp-json\/wp\/v2\/users\/1"}],"replies":[{"embeddable":true,"href":"https:\/\/catolicanet.net\/wp-cnet\/wp-json\/wp\/v2\/comments?post=90405"}],"version-history":[{"count":1,"href":"https:\/\/catolicanet.net\/wp-cnet\/wp-json\/wp\/v2\/posts\/90405\/revisions"}],"predecessor-version":[{"id":90408,"href":"https:\/\/catolicanet.net\/wp-cnet\/wp-json\/wp\/v2\/posts\/90405\/revisions\/90408"}],"wp:featuredmedia":[{"embeddable":true,"href":"https:\/\/catolicanet.net\/wp-cnet\/wp-json\/wp\/v2\/media\/90406"}],"wp:attachment":[{"href":"https:\/\/catolicanet.net\/wp-cnet\/wp-json\/wp\/v2\/media?parent=90405"}],"wp:term":[{"taxonomy":"category","embeddable":true,"href":"https:\/\/catolicanet.net\/wp-cnet\/wp-json\/wp\/v2\/categories?post=90405"},{"taxonomy":"post_tag","embeddable":true,"href":"https:\/\/catolicanet.net\/wp-cnet\/wp-json\/wp\/v2\/tags?post=90405"}],"curies":[{"name":"wp","href":"https:\/\/api.w.org\/{rel}","templated":true}]}}