{"id":90358,"date":"2024-09-23T10:08:55","date_gmt":"2024-09-23T13:08:55","guid":{"rendered":"https:\/\/catolicanet.net\/wp-cnet\/?p=90358"},"modified":"2024-09-23T16:10:01","modified_gmt":"2024-09-23T19:10:01","slug":"mensagem-do-papa-para-a-39a-jornada-mundial-da-juventude-percorrer-o-caminho-com-alegria-e-esperanca","status":"publish","type":"post","link":"https:\/\/catolicanet.net\/wp-cnet\/mensagem-do-papa-para-a-39a-jornada-mundial-da-juventude-percorrer-o-caminho-com-alegria-e-esperanca\/","title":{"rendered":"MENSAGEM DO PAPA PARA A 39\u00aa JORNADA MUNDIAL DA JUVENTUDE: PERCORRER O CAMINHO COM ALEGRIA E ESPERAN\u00c7A"},"content":{"rendered":"<p style=\"text-align: justify;\">A Santa S\u00e9 divulgou a Mensagem do Papa Francisco para a 39\u00aa Jornada Mundial da Juventude, a ser celebrada no dia 24 de novembro, em \u00e2mbito diocesano. Assim como no ano passado, o texto est\u00e1 relacionado ao Jubileu 2025, com a motiva\u00e7\u00e3o a percorrer o caminho da esperan\u00e7a.<\/p>\n<p style=\"text-align: justify;\">O tema escolhido pelo Papa \u00e9 \u201c<em>Aqueles que esperam no Senhor, caminham sem se cansar<\/em>\u201d (cf. Is 40,31), express\u00e3o retirada do chamado Livro da Consola\u00e7\u00e3o (Is 40-55), que anuncia o fim do ex\u00edlio de Israel na Babil\u00f4nia e o in\u00edcio de uma nova fase de esperan\u00e7a e de renascimento para o povo de Deus, que p\u00f4de regressar \u00e0 sua p\u00e1tria gra\u00e7as a um novo \u201ccaminho\u201d que, na hist\u00f3ria, o Senhor abriu aos seus filhos (cf. Is 40, 3).<\/p>\n<p style=\"text-align: justify;\">No contexto atual, Francisco recorda as situa\u00e7\u00f5es dram\u00e1ticas que geram desespero e impedem olhar para o futuro com esp\u00edrito sereno: a trag\u00e9dia da guerra, as injusti\u00e7as sociais, as desigualdades, a fome, a explora\u00e7\u00e3o do ser humano e da cria\u00e7\u00e3o. E os jovens, muitas vezes, pagam o pre\u00e7o mais alto dessas situa\u00e7\u00f5es ao sentirem a incerteza do futuro e n\u00e3o vislumbrarem perspectivas seguras para seus sonhos, \u201ccorrendo assim o risco de viver sem esperan\u00e7a, prisioneiros do t\u00e9dio e da melancolia, por vezes arrastados para a ilus\u00e3o da transgress\u00e3o e das realidades destrutivas\u201d.<\/p>\n<p style=\"text-align: justify;\">Na peregrina\u00e7\u00e3o da vida, podem se apresentar o cansa\u00e7o, a ansiedade, a tristeza e o t\u00e9dio. O Papa ressalta a esperan\u00e7a como for\u00e7a que \u201cvence todo o cansa\u00e7o, toda a crise e toda a ansiedade, dando-nos uma forte motiva\u00e7\u00e3o para avan\u00e7ar, porque \u00e9 um dom que recebemos do pr\u00f3prio Deus: Ele enche o nosso tempo de sentido, ilumina-nos o caminho, indica-nos a dire\u00e7\u00e3o e a meta da vida\u201d.<\/p>\n<blockquote><p>\u201cA esperan\u00e7a \u00e9 precisamente uma for\u00e7a nova, que Deus infunde em n\u00f3s, que nos permite perseverar na corrida, que nos d\u00e1 uma \u2018vis\u00e3o de longo alcance\u2019, que ultrapassa as dificuldades do presente e nos orienta para uma meta concreta: a comunh\u00e3o com Deus e a plenitude da vida eterna. Se h\u00e1 uma bela meta, se a vida n\u00e3o se dirige para o vazio, se nada daquilo que sonho, projeto e realizo se perde, ent\u00e3o vale a pena caminhar e suar, suportar os obst\u00e1culos e enfrentar o cansa\u00e7o, porque a recompensa final \u00e9 maravilhosa!\u201d, disse o Papa.<\/p><\/blockquote>\n<p style=\"text-align: justify;\">O Papa compara os desafios da pegrina\u00e7\u00e3o da vida com os momentos de crise enfrentados. Esses momentos, ressalta, \u201cn\u00e3o s\u00e3o tempos perdidos ou in\u00fateis, mas podem revelar-se importantes oportunidades de crescimento. S\u00e3o tempos de purifica\u00e7\u00e3o da esperan\u00e7a!\u201d.<\/p>\n<p style=\"text-align: justify;\">E, durante as crises, as esperan\u00e7as falsas s\u00e3o desfeitas e cada um pode perguntar-se em que esperan\u00e7as a vida est\u00e1 baseada, se s\u00e3o verdadeiras ou s\u00e3o ilus\u00f5es.<\/p>\n<blockquote><p>\u201cNestes momentos, o Senhor n\u00e3o nos abandona; aproxima-se com a sua paternidade e d\u00e1-nos sempre o p\u00e3o que revigora as nossas for\u00e7as e nos p\u00f5e de novo a caminho\u201d, disse o Papa, convidando a redescobrir \u201co grande dom da Eucaristia\u201d.<\/p><\/blockquote>\n<p style=\"text-align: justify;\">Outro convite do Papa \u00e9 descansar como Jesus e em Jesus \u201cnos inevit\u00e1veis momentos de cansa\u00e7o da nossa peregrina\u00e7\u00e3o neste mundo\u201d.<\/p>\n<blockquote><p>\u201cQuando o cansa\u00e7o do caminho vos pesar, voltai para Jesus, aprendei a descansar n\u2019Ele e a permanecer n\u2019Ele, pois \u201caqueles que esperam no Senhor [\u2026] caminham sem se cansar\u201d (Is 40,31)\u201d.<\/p><\/blockquote>\n<h3 style=\"text-align: justify;\">De turistas a peregrinos<\/h3>\n<p style=\"text-align: justify;\">No caminho, os jovens s\u00e3o convidados ainda a descobrir a vida, nas pegadas do amor, em busca do rosto de Deus. E a recomenda\u00e7\u00e3o \u00e9 n\u00e3o partir como meros turistas, mas como peregrinos.<\/p>\n<blockquote><p>\u201cQue a vossa caminhada n\u00e3o seja apenas uma passagem pelos lugares da vida de forma superficial, sem captar a beleza do que encontrais, sem descobrir o sentido dos caminhos percorridos, captando s\u00f3 breves momentos, experi\u00eancias fugazes registradas numa selfie. O turista faz isso. O peregrino, pelo contr\u00e1rio, mergulha de alma e cora\u00e7\u00e3o nos lugares que encontra, f\u00e1-los falar, torna-os parte da sua busca de felicidade. A peregrina\u00e7\u00e3o jubilar quer, portanto, tornar-se o sinal do caminho interior que todos somos chamados a fazer para chegar ao destino final\u201d.<\/p><\/blockquote>\n<h3 style=\"text-align: justify;\">Peregrinar no Ano Jubilar<\/h3>\n<p style=\"text-align: justify;\">No contexto do Jubileu da Esperan\u00e7a, o Papa Francisco diz que espera que seja poss\u00edvel a muitos jovens ir at\u00e9 Roma em peregrina\u00e7\u00e3o para atravessar as Portas Santas, sendo \u201cum momento de encontro vivo e pessoal com o Senhor Jesus, \u2018porta\u2019 de salva\u00e7\u00e3o\u201d. Essa proposta tem a orienta\u00e7\u00e3o de ser vivida com tr\u00eas atitudes fundamentais: a a\u00e7\u00e3o de gra\u00e7as, a procura e o arrependimento.<\/p>\n<blockquote><p>\u201cNeste pr\u00f3ximo Ano Santo da Esperan\u00e7a, convido-vos a todos a experimentar o abra\u00e7o do Deus misericordioso, a experimentar o seu perd\u00e3o, a remiss\u00e3o de todas as nossas \u2018d\u00edvidas interiores\u2019, como era tradi\u00e7\u00e3o nos jubileus b\u00edblicos. E assim, acolhidos por Deus e renascidos n\u2019Ele, tamb\u00e9m v\u00f3s vos tornais bra\u00e7os abertos para tantos dos vossos amigos e colegas que precisam de sentir, atrav\u00e9s do vosso acolhimento, o amor de Deus Pai\u201d, motiva Francisco nos trechos finais de sua mensagem.<\/p><\/blockquote>\n<p><a href=\"https:\/\/www.vatican.va\/content\/francesco\/pt\/messages\/youth\/documents\/papa-francesco_20240829_messaggio-giovani_2024.html\" target=\"_blank\" rel=\"noopener\">Confira, na \u00edntegra, a Mensagem para a 39\u00aa Jornada Mundial da Juventude.<\/a><\/p>\n","protected":false},"excerpt":{"rendered":"<p>A Santa S\u00e9 divulgou a Mensagem do Papa Francisco para a 39\u00aa Jornada Mundial da Juventude, a ser celebrada no dia 24 de novembro, em \u00e2mbito diocesano. Assim como no ano passado, o texto est\u00e1 relacionado ao Jubileu 2025, com a motiva\u00e7\u00e3o a percorrer o caminho da esperan\u00e7a. O tema escolhido pelo Papa \u00e9 \u201cAqueles [&hellip;]<\/p>\n","protected":false},"author":1,"featured_media":90359,"comment_status":"open","ping_status":"closed","sticky":false,"template":"","format":"standard","meta":{"footnotes":""},"categories":[7,13],"tags":[],"class_list":["post-90358","post","type-post","status-publish","format-standard","has-post-thumbnail","hentry","category-cnbb","category-featured"],"_links":{"self":[{"href":"https:\/\/catolicanet.net\/wp-cnet\/wp-json\/wp\/v2\/posts\/90358","targetHints":{"allow":["GET"]}}],"collection":[{"href":"https:\/\/catolicanet.net\/wp-cnet\/wp-json\/wp\/v2\/posts"}],"about":[{"href":"https:\/\/catolicanet.net\/wp-cnet\/wp-json\/wp\/v2\/types\/post"}],"author":[{"embeddable":true,"href":"https:\/\/catolicanet.net\/wp-cnet\/wp-json\/wp\/v2\/users\/1"}],"replies":[{"embeddable":true,"href":"https:\/\/catolicanet.net\/wp-cnet\/wp-json\/wp\/v2\/comments?post=90358"}],"version-history":[{"count":1,"href":"https:\/\/catolicanet.net\/wp-cnet\/wp-json\/wp\/v2\/posts\/90358\/revisions"}],"predecessor-version":[{"id":90361,"href":"https:\/\/catolicanet.net\/wp-cnet\/wp-json\/wp\/v2\/posts\/90358\/revisions\/90361"}],"wp:featuredmedia":[{"embeddable":true,"href":"https:\/\/catolicanet.net\/wp-cnet\/wp-json\/wp\/v2\/media\/90359"}],"wp:attachment":[{"href":"https:\/\/catolicanet.net\/wp-cnet\/wp-json\/wp\/v2\/media?parent=90358"}],"wp:term":[{"taxonomy":"category","embeddable":true,"href":"https:\/\/catolicanet.net\/wp-cnet\/wp-json\/wp\/v2\/categories?post=90358"},{"taxonomy":"post_tag","embeddable":true,"href":"https:\/\/catolicanet.net\/wp-cnet\/wp-json\/wp\/v2\/tags?post=90358"}],"curies":[{"name":"wp","href":"https:\/\/api.w.org\/{rel}","templated":true}]}}