{"id":90337,"date":"2024-09-13T09:39:27","date_gmt":"2024-09-13T12:39:27","guid":{"rendered":"https:\/\/catolicanet.net\/wp-cnet\/?p=90337"},"modified":"2024-09-23T15:40:23","modified_gmt":"2024-09-23T18:40:23","slug":"24o-domingo-do-tempo-comum","status":"publish","type":"post","link":"https:\/\/catolicanet.net\/wp-cnet\/24o-domingo-do-tempo-comum\/","title":{"rendered":"24\u00ba Domingo do Tempo Comum"},"content":{"rendered":"<p style=\"text-align: justify;\"><strong>Seguir Jesus com palavras e a\u00e7\u00f5es!<\/strong><\/p>\n<p style=\"text-align: justify;\">Vamos caminhando para mais um Domingo no Tempo ordin\u00e1rio da liturgia da Igreja: chegamos ao 24\u00ba Domingo do Tempo Comum, as leituras nos convidam a refletir sobre o que significa seguir a Cristo de verdade, n\u00e3o apenas com palavras, mas com a nossa vida e a\u00e7\u00f5es. O Evangelho de S\u00e3o Marcos nos apresenta um dos momentos mais importantes da caminhada de Jesus com seus disc\u00edpulos: a confiss\u00e3o de Pedro e o primeiro an\u00fancio da Paix\u00e3o.<\/p>\n<p style=\"text-align: justify;\">Jesus faz uma pergunta fundamental aos seus disc\u00edpulos: <em>\u201cQuem dizem os homens que eu sou?\u201d<\/em> (Mc 8,27). Eles respondem que o povo tem diferentes opini\u00f5es: alguns dizem que Ele \u00e9 Jo\u00e3o Batista, outros, Elias ou algum dos profetas. Ent\u00e3o, Jesus vai mais fundo e faz uma pergunta pessoal: <em>\u201cE v\u00f3s, quem dizeis que eu sou?\u201d.<\/em><\/p>\n<p style=\"text-align: justify;\">Aqui, Pedro, em nome de todos, proclama: <em>\u201cTu \u00e9s o Cristo\u201d<\/em> (Mc 8,29). Essa confiss\u00e3o \u00e9 grandiosa, \u00e9 a verdade central da nossa f\u00e9. Jesus \u00e9 o Messias, o Filho de Deus, o enviado para nos salvar. No entanto, logo ap\u00f3s essa confiss\u00e3o, Jesus come\u00e7a a ensinar algo que chocaria seus disc\u00edpulos: Ele fala sobre a sua paix\u00e3o, morte e ressurrei\u00e7\u00e3o: <em>\u201cO Filho do Homem deve sofrer muito, ser rejeitado pelos anci\u00e3os, pelos sumos sacerdotes e doutores da Lei, deve ser morto e, depois de tr\u00eas dias, ressuscitar.\u201d<\/em> (Mc 8,31).<\/p>\n<p style=\"text-align: justify;\">Pedro, que havia acabado de proclamar que Jesus era o Cristo, n\u00e3o consegue aceitar essa ideia de um Messias sofredor. Ele o repreende, pois, na sua vis\u00e3o, o Cristo n\u00e3o poderia sofrer nem morrer. E \u00e9 aqui que vemos um ponto chave para nossa reflex\u00e3o de hoje. Jesus, que aceita o t\u00edtulo de Cristo, mostra que ser o Messias n\u00e3o \u00e9 sin\u00f4nimo de gl\u00f3ria e poder terrenos, mas sim de servi\u00e7o, entrega e sacrif\u00edcio.<\/p>\n<p style=\"text-align: justify;\">Jesus responde a Pedro com firmeza: <em>\u201cVai para tr\u00e1s de mim, Satan\u00e1s! Porque n\u00e3o pensas as coisas de Deus, mas as dos homens\u201d <\/em>(Mc 8,33). Esta repreens\u00e3o de Jesus a Pedro nos lembra que muitas vezes temos dificuldade em aceitar que o seguimento de Cristo passa pela Cruz, pelo sacrif\u00edcio, pelo amor at\u00e9 as \u00faltimas consequ\u00eancias. Queremos um Cristo que nos d\u00ea apenas vit\u00f3rias e consola\u00e7\u00f5es, mas esquecemos que o verdadeiro caminho crist\u00e3o envolve carregar a nossa pr\u00f3pria Cruz.<\/p>\n<p style=\"text-align: justify;\">Ela pode se manifestar de diferentes formas em nossa vida: o sofrimento f\u00edsico, os desafios familiares, as dificuldades financeiras, as lutas internas contra o pecado. O que o Evangelho nos pede hoje \u00e9 que, ao inv\u00e9s de fugir dessas realidades, aprendamos a integr\u00e1-las no seguimento de Cristo, lembrando sempre que a cruz \u00e9 o caminho para a ressurrei\u00e7\u00e3o.<\/p>\n<p style=\"text-align: justify;\">A 1\u00aa leitura, retirada do livro do profeta Isa\u00edas, fala do \u201cServo Sofredor\u201d, uma figura que prefigura Jesus Cristo. O profeta diz: <em>\u201cOfereci as costas para me baterem e as faces para me arrancarem a barba; n\u00e3o desviei o rosto de bofet\u00f5es e cusparadas\u201d <\/em>(Is 50,6). Aqui vemos a disposi\u00e7\u00e3o do Servo de Deus em aceitar o sofrimento por uma causa maior, assim como Jesus aceita a Cruz para nos salvar.<\/p>\n<p style=\"text-align: justify;\">Na segunda leitura, S\u00e3o Tiago nos provoca dizendo: <em>\u201cDe que adianta algu\u00e9m dizer que tem f\u00e9, se n\u00e3o tem obras?\u201d <\/em>(Tg 2,14). A f\u00e9 aut\u00eantica se manifesta na caridade, no cuidado com o pr\u00f3ximo, nas nossas a\u00e7\u00f5es. N\u00e3o basta simplesmente acreditar em Deus; precisamos viver essa f\u00e9 de maneira concreta, ajudando os irm\u00e3os, promovendo a justi\u00e7a e praticando o bem. A f\u00e9 sem obras \u00e9 morta, nos diz S\u00e3o Tiago, porque o amor crist\u00e3o \u00e9 ativo e se traduz em atitudes.<\/p>\n<p style=\"text-align: justify;\">Ent\u00e3o, hoje, a Palavra de Deus nos desafia a irmos al\u00e9m da simples confiss\u00e3o de f\u00e9 com os l\u00e1bios. Jesus nos convida a segui-lo de verdade, assumindo as dificuldades que surgem pelo caminho, abra\u00e7ando a Cruz com coragem, e deixando que nossa f\u00e9 se expresse em obras de amor e miseric\u00f3rdia.<\/p>\n<p style=\"text-align: justify;\">\u00c0s vezes, como Pedro, podemos reconhecer Jesus como nosso Salvador, mas n\u00e3o queremos lidar com o sacrif\u00edcio que o seguimento d&#8217;Ele exige. Queremos as b\u00ean\u00e7\u00e3os, mas n\u00e3o queremos a Cruz. Queremos o conforto, mas n\u00e3o queremos o compromisso de ajudar o pr\u00f3ximo. O desafio deste domingo \u00e9: como estamos vivendo nossa f\u00e9? Estamos apenas dizendo que acreditamos ou estamos de fato colocando em pr\u00e1tica o mandamento do amor?<\/p>\n<p style=\"text-align: justify;\">O salmo de hoje nos ajuda a refletir sobre essa confian\u00e7a em Deus em meio \u00e0s dificuldades: <em>\u201cAndarei na presen\u00e7a de Deus, junto a Ele, na terra dos vivos\u201d <\/em>(Sl 114,9). Apesar das prova\u00e7\u00f5es, precisamos caminhar com a certeza de que Deus est\u00e1 conosco, assim como esteve com Jesus durante sua paix\u00e3o e morte.<\/p>\n<p style=\"text-align: justify;\">A vida crist\u00e3 n\u00e3o \u00e9 um caminho f\u00e1cil, mas \u00e9 o caminho que leva \u00e0 verdadeira felicidade e \u00e0 vida eterna. Jesus nos mostra que, atrav\u00e9s da Cruz, Ele abriu as portas do c\u00e9u para n\u00f3s. Que possamos seguir o Seu exemplo, aceitando nossas cruzes e transformando nossa f\u00e9 em a\u00e7\u00f5es concretas de caridade e amor ao pr\u00f3ximo.<\/p>\n<p style=\"text-align: justify;\">Irm\u00e3os e irm\u00e3s, que neste 24\u00ba Domingo do Tempo Comum, possamos responder \u00e0 pergunta de Jesus com a mesma ousadia de Pedro: <em>\u201cTu \u00e9s o Cristo!\u201d. <\/em>Mas que, ao mesmo tempo, tenhamos a sabedoria de aceitar que seguir o Cristo implica em abra\u00e7ar a cruz e viver nossa f\u00e9 com obras. Assim, seremos verdadeiramente disc\u00edpulos d\u2019Ele e testemunhas do Seu amor no mundo. Am\u00e9m<\/p>\n<p style=\"text-align: center;\"><strong>+Anuar Battisti<\/strong><br \/>\n<strong>Arcebispo Em\u00e9rito de Maring\u00e1 (PR)<\/strong><\/p>\n","protected":false},"excerpt":{"rendered":"<p>Seguir Jesus com palavras e a\u00e7\u00f5es! Vamos caminhando para mais um Domingo no Tempo ordin\u00e1rio da liturgia da Igreja: chegamos ao 24\u00ba Domingo do Tempo Comum, as leituras nos convidam a refletir sobre o que significa seguir a Cristo de verdade, n\u00e3o apenas com palavras, mas com a nossa vida e a\u00e7\u00f5es. O Evangelho de [&hellip;]<\/p>\n","protected":false},"author":1,"featured_media":55819,"comment_status":"open","ping_status":"closed","sticky":false,"template":"","format":"standard","meta":{"footnotes":""},"categories":[9],"tags":[],"class_list":["post-90337","post","type-post","status-publish","format-standard","has-post-thumbnail","hentry","category-artigos"],"_links":{"self":[{"href":"https:\/\/catolicanet.net\/wp-cnet\/wp-json\/wp\/v2\/posts\/90337","targetHints":{"allow":["GET"]}}],"collection":[{"href":"https:\/\/catolicanet.net\/wp-cnet\/wp-json\/wp\/v2\/posts"}],"about":[{"href":"https:\/\/catolicanet.net\/wp-cnet\/wp-json\/wp\/v2\/types\/post"}],"author":[{"embeddable":true,"href":"https:\/\/catolicanet.net\/wp-cnet\/wp-json\/wp\/v2\/users\/1"}],"replies":[{"embeddable":true,"href":"https:\/\/catolicanet.net\/wp-cnet\/wp-json\/wp\/v2\/comments?post=90337"}],"version-history":[{"count":1,"href":"https:\/\/catolicanet.net\/wp-cnet\/wp-json\/wp\/v2\/posts\/90337\/revisions"}],"predecessor-version":[{"id":90339,"href":"https:\/\/catolicanet.net\/wp-cnet\/wp-json\/wp\/v2\/posts\/90337\/revisions\/90339"}],"wp:featuredmedia":[{"embeddable":true,"href":"https:\/\/catolicanet.net\/wp-cnet\/wp-json\/wp\/v2\/media\/55819"}],"wp:attachment":[{"href":"https:\/\/catolicanet.net\/wp-cnet\/wp-json\/wp\/v2\/media?parent=90337"}],"wp:term":[{"taxonomy":"category","embeddable":true,"href":"https:\/\/catolicanet.net\/wp-cnet\/wp-json\/wp\/v2\/categories?post=90337"},{"taxonomy":"post_tag","embeddable":true,"href":"https:\/\/catolicanet.net\/wp-cnet\/wp-json\/wp\/v2\/tags?post=90337"}],"curies":[{"name":"wp","href":"https:\/\/api.w.org\/{rel}","templated":true}]}}