{"id":90218,"date":"2024-09-16T09:40:20","date_gmt":"2024-09-16T12:40:20","guid":{"rendered":"https:\/\/catolicanet.net\/wp-cnet\/?p=90218"},"modified":"2024-09-16T16:43:00","modified_gmt":"2024-09-16T19:43:00","slug":"encontro-promovido-pela-cnbb-em-jundiai-sp-reanima-as-esperancas-da-caminhada-ecumenica-no-brasil","status":"publish","type":"post","link":"https:\/\/catolicanet.net\/wp-cnet\/encontro-promovido-pela-cnbb-em-jundiai-sp-reanima-as-esperancas-da-caminhada-ecumenica-no-brasil\/","title":{"rendered":"ENCONTRO PROMOVIDO PELA CNBB, EM JUNDIA\u00cd (SP), REANIMA AS ESPERAN\u00c7AS DA CAMINHADA ECUM\u00caNICA NO BRASIL"},"content":{"rendered":"<p style=\"text-align: justify;\">De 13 a 15 de setembro de 2024 aconteceu, no Centro de Conviv\u00eancia M\u00e3e do Bom Conselho das Irm\u00e3s Agostinianas Mission\u00e1rias, em Jundia\u00ed (SP), ocorreu o Encontro Nacional de Forma\u00e7\u00e3o e Conviv\u00eancia Ecum\u00eanica da Confer\u00eancia Nacional dos Bispos do Brasil (CNBB).<\/p>\n<p style=\"text-align: justify;\">Participaram tamb\u00e9m membros das igreja Cat\u00f3lica Apost\u00f3lica Romana, Sirian Ortodoxa da Antioquia, Evang\u00e9lica de Confiss\u00e3o Luterana do Brasil, Metodista do Brasil e Presbiteriana Independente.<\/p>\n<p style=\"text-align: justify;\">Antes, na quinta feira, dia 12 de setembro, a Comiss\u00e3o Episcopal para o Ecumenismo e o Di\u00e1logo Inter-Religioso da CNBB se reuniu na Casa da Reconcilia\u00e7\u00e3o em S\u00e3o Paulo para repassar o planejamento e a programa\u00e7\u00e3o do encontro nacional. Foram pensadas tamb\u00e9m as pr\u00f3ximas a\u00e7\u00f5es estrat\u00e9gicas para o avan\u00e7o do di\u00e1logo ecum\u00eanico nacionalmente.<\/p>\n<p style=\"text-align: justify;\">Na sexta feira, 13 de setembro, o encontro come\u00e7ou com um jantar e conviv\u00eancia entre os participantes. Depois da ora\u00e7\u00e3o inicial e apresenta\u00e7\u00e3o geral de cada participante, conduzidas pelo bispo de \u00a0Ponta de Pedras (PA) e presidente da Comiss\u00e3o para o Ecumenismo da CNBB, dom Teodoro Tavares, o frei Volnei Berkenbrok fez uma exposi\u00e7\u00e3o sobre \u00e0 hist\u00f3ria do ecumenismo e as mudan\u00e7as paradigm\u00e1ticas que a p\u00f3s-modernidade exigem de todos que trabalham no movimento ecum\u00eanico.<\/p>\n<p style=\"text-align: justify;\"><img loading=\"lazy\" decoding=\"async\" class=\"aligncenter wp-image-970381 size-large\" src=\"https:\/\/www.cnbb.org.br\/wp-content\/uploads\/2024\/09\/Encontro-Ecumenismo-participantes-1024x768.jpg\" sizes=\"auto, (max-width: 1024px) 100vw, 1024px\" srcset=\"https:\/\/www.cnbb.org.br\/wp-content\/uploads\/2024\/09\/Encontro-Ecumenismo-participantes-1024x768.jpg 1024w, https:\/\/www.cnbb.org.br\/wp-content\/uploads\/2024\/09\/Encontro-Ecumenismo-participantes-300x225.jpg 300w, https:\/\/www.cnbb.org.br\/wp-content\/uploads\/2024\/09\/Encontro-Ecumenismo-participantes-768x576.jpg 768w, https:\/\/www.cnbb.org.br\/wp-content\/uploads\/2024\/09\/Encontro-Ecumenismo-participantes-1536x1152.jpg 1536w, https:\/\/www.cnbb.org.br\/wp-content\/uploads\/2024\/09\/Encontro-Ecumenismo-participantes-500x375.jpg 500w, https:\/\/www.cnbb.org.br\/wp-content\/uploads\/2024\/09\/Encontro-Ecumenismo-participantes-800x600.jpg 800w, https:\/\/www.cnbb.org.br\/wp-content\/uploads\/2024\/09\/Encontro-Ecumenismo-participantes.jpg 1600w\" alt=\"\" width=\"1024\" height=\"768\" \/><\/p>\n<h3 style=\"text-align: justify;\">Promo\u00e7\u00e3o do ecumenismo<\/h3>\n<p style=\"text-align: justify;\">O s\u00e1bado, dia 14 de setembro, teve in\u00edcio com a celebra\u00e7\u00e3o da Missa presidida pelo a arcebispo de Feira de Santana (BA), dom Zanoni Demettino Castro, em seguida do frei Volnei que apresentou a tem\u00e1tica do fen\u00f4meno do pentecostalismo e tamb\u00e9m deu dicas pr\u00e1ticas para o ecumenismo nas bases.<\/p>\n<p style=\"text-align: justify;\">Dom Teodoro, no primeiro momento da tarde, fez uma apresenta\u00e7\u00e3o sobre o Conc\u00edlio de Nic\u00e9ia e o Conc\u00edlio Vaticano II como fontes de inspira\u00e7\u00e3o para unidade de todos os crist\u00e3os. Ainda no per\u00edodo da tarde houve uma mesa redonda com a tem\u00e1tica dos 1.700 anos do Conc\u00edlio de Nic\u00e9ia, onde cada confiss\u00e3o religiosa pode falar sobre a import\u00e2ncia deste conc\u00edlio para a consolida\u00e7\u00e3o da f\u00e9 de sua confiss\u00e3o.<\/p>\n<p style=\"text-align: justify;\">Participaram lideran\u00e7as religiosas da Igreja Bizantina Ortodoxa do Patriarcado de Antioquia, Igreja Cat\u00f3lica Apost\u00f3lica Romana, Igreja Sirian Ortodoxa, Igreja Presbiteriana Independente e Igreja Evang\u00e9lica de Confiss\u00e3o Luterana no Brasil. De noite ocorreu o \u00e1gape, um jantar festivo agradecendo a Deus pelo dom da unidade.<\/p>\n<p style=\"text-align: justify;\">No encerramento do encontro, no domingo, dia 15 de setembro pela manh\u00e3, ocorreu a celebra\u00e7\u00e3o da Missa presidida por dom Teodoro, onde foi ressaltada a import\u00e2ncia de seguir a caminhada ecum\u00eanica mesmo diante das dificuldades. Depois ocorreu uma roda de conversa sobre as perspectivas e desafios para o ecumenismo, onde cada fiel de cada confiss\u00e3o pode partilhar as experi\u00eancias ecum\u00eanicas em sua realidade e tamb\u00e9m propor ideias para o futuro.<\/p>\n<p style=\"text-align: justify;\">Na sequ\u00eancia, foi apresentado o 24\u00b0 Plano Pastoral do Secretariado-Geral da Comiss\u00e3o Episcopal para o Ecumenismo e Di\u00e1logo Inter Religioso para os anos de 2024-2027.<\/p>\n<h3 style=\"text-align: justify;\">Impress\u00f5es sobre o encontro<\/h3>\n<p style=\"text-align: justify;\">Dom Teodoro comentou definiu como um encontro aben\u00e7oado. \u201cMe senti muito feliz com a presen\u00e7a das diferentes igrejas, dos bispos da comiss\u00e3o episcopal, padres, di\u00e1conos, seminaristas, jovens e organismos ecum\u00eanicos\u201d. Ele ressaltou o aprofundamento de temas pertinentes, especialmente a tem\u00e1tica dos 1.700 anos do Conc\u00edlio de Nic\u00e9ia com a presen\u00e7a dos orientais que, em sua avalia\u00e7\u00e3o, muito enriqueceram o encontro. \u201cA apresenta\u00e7\u00e3o do plano quadrienal renovou o crescimento e a esperan\u00e7a do movimento ecum\u00eanico\u201d, concluiu.<\/p>\n<blockquote><p>Rosane da IECLB tamb\u00e9m falou sobre o encontro: \u201cSempre \u00e9 bom e agrad\u00e1vel estarmos reunidos como irm\u00e3os e irm\u00e3s. Como evang\u00e9lica de confiss\u00e3o luterana no Brasil, este encontro nos renova e reanima para a caminhada ecum\u00eanica. Louvamos a Deus a oportunidade de reafirmar e estabelecer mais la\u00e7os de amizade\u201d.<\/p><\/blockquote>\n<p style=\"text-align: justify;\">A reverenda Nilce da Igreja Metodista do Brasil tamb\u00e9m partilhou: \u201cUma sublime oportunidade de aprendizado e comunh\u00e3o fraterna entre irm\u00e3os e irm\u00e3s de diferentes confiss\u00f5es\u201d<\/p>\n<pre>Com colabora\u00e7\u00e3o do seminarista Lucas Alvarenga de Moraes, da diocese de S\u00e3o Jos\u00e9 dos Campos (SP)<\/pre>\n","protected":false},"excerpt":{"rendered":"<p>De 13 a 15 de setembro de 2024 aconteceu, no Centro de Conviv\u00eancia M\u00e3e do Bom Conselho das Irm\u00e3s Agostinianas Mission\u00e1rias, em Jundia\u00ed (SP), ocorreu o Encontro Nacional de Forma\u00e7\u00e3o e Conviv\u00eancia Ecum\u00eanica da Confer\u00eancia Nacional dos Bispos do Brasil (CNBB). Participaram tamb\u00e9m membros das igreja Cat\u00f3lica Apost\u00f3lica Romana, Sirian Ortodoxa da Antioquia, Evang\u00e9lica de [&hellip;]<\/p>\n","protected":false},"author":1,"featured_media":90219,"comment_status":"open","ping_status":"closed","sticky":false,"template":"","format":"standard","meta":{"footnotes":""},"categories":[7],"tags":[],"class_list":["post-90218","post","type-post","status-publish","format-standard","has-post-thumbnail","hentry","category-cnbb"],"_links":{"self":[{"href":"https:\/\/catolicanet.net\/wp-cnet\/wp-json\/wp\/v2\/posts\/90218","targetHints":{"allow":["GET"]}}],"collection":[{"href":"https:\/\/catolicanet.net\/wp-cnet\/wp-json\/wp\/v2\/posts"}],"about":[{"href":"https:\/\/catolicanet.net\/wp-cnet\/wp-json\/wp\/v2\/types\/post"}],"author":[{"embeddable":true,"href":"https:\/\/catolicanet.net\/wp-cnet\/wp-json\/wp\/v2\/users\/1"}],"replies":[{"embeddable":true,"href":"https:\/\/catolicanet.net\/wp-cnet\/wp-json\/wp\/v2\/comments?post=90218"}],"version-history":[{"count":1,"href":"https:\/\/catolicanet.net\/wp-cnet\/wp-json\/wp\/v2\/posts\/90218\/revisions"}],"predecessor-version":[{"id":90221,"href":"https:\/\/catolicanet.net\/wp-cnet\/wp-json\/wp\/v2\/posts\/90218\/revisions\/90221"}],"wp:featuredmedia":[{"embeddable":true,"href":"https:\/\/catolicanet.net\/wp-cnet\/wp-json\/wp\/v2\/media\/90219"}],"wp:attachment":[{"href":"https:\/\/catolicanet.net\/wp-cnet\/wp-json\/wp\/v2\/media?parent=90218"}],"wp:term":[{"taxonomy":"category","embeddable":true,"href":"https:\/\/catolicanet.net\/wp-cnet\/wp-json\/wp\/v2\/categories?post=90218"},{"taxonomy":"post_tag","embeddable":true,"href":"https:\/\/catolicanet.net\/wp-cnet\/wp-json\/wp\/v2\/tags?post=90218"}],"curies":[{"name":"wp","href":"https:\/\/api.w.org\/{rel}","templated":true}]}}