{"id":90159,"date":"2024-09-12T09:41:36","date_gmt":"2024-09-12T12:41:36","guid":{"rendered":"https:\/\/catolicanet.net\/wp-cnet\/?p=90159"},"modified":"2024-09-12T11:45:29","modified_gmt":"2024-09-12T14:45:29","slug":"singapura-exemplo-do-que-a-humanidade-pode-alcancar-se-trabalhar-em-conjunto-diz-papa","status":"publish","type":"post","link":"https:\/\/catolicanet.net\/wp-cnet\/singapura-exemplo-do-que-a-humanidade-pode-alcancar-se-trabalhar-em-conjunto-diz-papa\/","title":{"rendered":"Singapura, exemplo do que a humanidade pode alcan\u00e7ar se trabalhar em conjunto, diz Papa"},"content":{"rendered":"<p style=\"text-align: justify;\">\u00a0 \u00a0 \u00a0 \u00a0Encontro do Papa com as Autoridades de Singapura no Centro Cultural Universit\u00e1rio\u00a0 \u00a0 \u00a0 \u00a0 \u00a0 \u00a0da Nacional University of Singapore<\/p>\n<div class=\"article__subTitle\" style=\"text-align: justify;\">&#8220;Desde os prim\u00f3rdios da sua presen\u00e7a, a Igreja Cat\u00f3lica em Singapura deu uma colabora\u00e7\u00e3o muito espec\u00edfica para o progresso desta Na\u00e7\u00e3o, especialmente nos dom\u00ednios da educa\u00e7\u00e3o e dos cuidados de sa\u00fade, contando com o esp\u00edrito de sacrif\u00edcio e dedica\u00e7\u00e3o dos mission\u00e1rios e dos fi\u00e9is cat\u00f3licos. Sempre inspirada pelo Evangelho de Jesus Cristo, a comunidade cat\u00f3lica est\u00e1 tamb\u00e9m na linha de frente no que respeita \u00e0s obras de caridade, contribuindo significativamente para os esfor\u00e7os humanit\u00e1rios&#8221;.<\/div>\n<div class=\"title__separator\" style=\"text-align: justify;\"><\/div>\n<div class=\"article__text\">\n<p style=\"text-align: justify;\"><b>Vatican News<\/b><\/p>\n<p style=\"text-align: justify;\">A grande considera\u00e7\u00e3o pela justi\u00e7a social e o bem comum, os perigos que as sofisticadas tecnologias e a Intelig\u00eancia Artificial podem representar para as rela\u00e7\u00f5es humanas, a colabora\u00e7\u00e3o da Igreja Cat\u00f3lica para o progresso do pa\u00eds, o incentivo a trabalhar em favor da unidade e da fraternidade, o papel da fam\u00edlia, o desenvolvimento sustent\u00e1vel.<\/p>\n<p style=\"text-align: justify;\">Estes foram alguns dos temas abordados pelo Papa no discurso \u00e0s autoridades, representantes da sociedade civil e o Corpo Diplom\u00e1tico, reunidos no Centro Cultural Universit\u00e1rio da<i>\u00a0National University of Singapore.\u00a0<\/i>Este encontro, seguiu-se \u00e0<i>\u00a0<\/i>Cerim\u00f4nia de Boas-Vindas na<i>\u00a0Parliamente House, com\u00a0<\/i>a visita de cortesia ao presidente da Rep\u00fablica, Sr. Tharman Shanmugaratnam, e o encontro com o primeiro-ministro, Sr. Wong Shyun Tsai.<\/p>\n<p style=\"text-align: justify;\">Francisco come\u00e7ou observando que &#8220;a floresta de modern\u00edssimos arranha-c\u00e9us que parecem emergir do mar&#8221;, e que deixam impressionados aqueles que pela primeira vez chegam \u00e0 cidade-Estado, &#8220;s\u00e3o um testemunho claro do engenho humano, do dinamismo da sociedade de Singapura e da arg\u00facia empresarial, que encontraram aqui um terreno f\u00e9rtil para se exprimirem&#8221;, uma hist\u00f3ria de crescimento e resili\u00eancia que \u00e9 &#8220;fruto de decis\u00f5es racionais e n\u00e3o do acaso&#8221;, exemplificando com &#8220;o forte impulso ao r\u00e1pido crescimento e transforma\u00e7\u00e3o do pa\u00eds&#8221; dado por Lee Kuan Yew, o primeiro a ocupar o cargo de primeiro-ministro do pa\u00eds entre 1959 e 1990.<\/p>\n<h2 style=\"text-align: justify;\">Progresso aliado \u00e0 justi\u00e7a social<\/h2>\n<p style=\"text-align: justify;\">O Papa recorda que\u00a0 Singapura n\u00e3o s\u00f3 prosperou economicamente, mas tamb\u00e9m se esfor\u00e7ou para construir uma sociedade &#8220;em que a justi\u00e7a social e o bem comum s\u00e3o tidos em grande considera\u00e7\u00e3o&#8221;, citando a &#8220;dedica\u00e7\u00e3o \u00e0 melhoria das condi\u00e7\u00f5es de vida dos cidad\u00e3os, com pol\u00edticas sobre a habita\u00e7\u00e3o p\u00fablica, uma educa\u00e7\u00e3o de elevada qualidade e um sistema de sa\u00fade eficiente&#8221;, esfor\u00e7os estes que espera que continuem a ser realizados &#8220;at\u00e9 que todos os singapurenses se encontrem plenamente envolvidos.&#8221;<\/p>\n<p style=\"text-align: justify;\">A este respeito, o Pont\u00edfice chamou a aten\u00e7\u00e3o para o risco que comportam &#8220;um certo pragmatismo e a exalta\u00e7\u00e3o do m\u00e9rito, com a consequ\u00eancia n\u00e3o intencional de legitimar-se a exclus\u00e3o dos que se encontram \u00e0 margem dos benef\u00edcios do progresso&#8221;, ao mesmo tempo que reconhece e louva\u00a0&#8220;as v\u00e1rias pol\u00edticas e iniciativas postas em pr\u00e1tica, tanto para apoiar os mais fr\u00e1geis \u2013 e fa\u00e7o votos que seja dada especial aten\u00e7\u00e3o aos pobres e aos idosos &#8220;cujo trabalho lan\u00e7ou as bases da Singapura de hoje \u2013 como para proteger a dignidade dos trabalhadores migrantes, que tanto contribuem para a constru\u00e7\u00e3o da sociedade e a quem deve ser garantido um sal\u00e1rio justo.&#8221;<\/p>\n<p style=\"text-align: justify;\">E em rela\u00e7\u00e3o \u00e0s sofisticadas tecnologias da era digital e os r\u00e1pidos desenvolvimentos na utiliza\u00e7\u00e3o da intelig\u00eancia artificial , disse que podem promover a compreens\u00e3o e a solidariedade, &#8220;podem ser aproveitadas precisamente para nos aproximar uns dos outros em vez de nos isolar perigosamente numa realidade fict\u00edcia e intang\u00edvel.&#8221;<\/p>\n<h2 style=\"text-align: justify;\">Mosaico de etnias, culturas e religi\u00f5es que vivem em harmonia<\/h2>\n<p style=\"text-align: justify;\">Francisco chamou ent\u00e3o a aten\u00e7\u00e3o para o compromisso das autoridades, que &#8220;empenhadas num di\u00e1logo construtivo com todos&#8221;, permitem que\u00a0cada um d\u00ea o seu contributo \u00fanico para o bem comum e n\u00e3o consentindo que o extremismo e a intoler\u00e2ncia ganhem for\u00e7a e coloquem em perigo a paz social. O resultado, \u00e9 um &#8220;mosaico de etnias, culturas e religi\u00f5es que vivem em harmonia&#8221;:<\/p>\n<p style=\"text-align: justify;\"><i>O respeito m\u00fatuo, a coopera\u00e7\u00e3o, o di\u00e1logo e a liberdade de professar o seu credo no respeito pela lei comum s\u00e3o condi\u00e7\u00f5es determinantes para o \u00eaxito e a estabilidade de Singapura, pr\u00e9-requisitos para um desenvolvimento n\u00e3o conflituoso nem ca\u00f3tico, mas equilibrado e sustent\u00e1vel.<\/i><\/p>\n<h2 style=\"text-align: justify;\">Contribui\u00e7\u00e3o da Igreja Cat\u00f3lica ao progresso e ao di\u00e1logo<\/h2>\n<p style=\"text-align: justify;\">N\u00e3o poderia faltar a men\u00e7\u00e3o \u00e0 contribui\u00e7\u00e3o da Igreja Cat\u00f3lica para o progresso da Na\u00e7\u00e3o,\u00a0&#8220;especialmente nos dom\u00ednios da educa\u00e7\u00e3o e dos cuidados de sa\u00fade, contando com o esp\u00edrito de sacrif\u00edcio e dedica\u00e7\u00e3o dos mission\u00e1rios e dos fi\u00e9is cat\u00f3licos&#8221;:<\/p>\n<p style=\"text-align: justify;\"><i>Sempre inspirada pelo Evangelho de Jesus Cristo, a comunidade cat\u00f3lica est\u00e1 tamb\u00e9m na linha de frente no que diz respeito \u00e0s obras de caridade, contribuindo significativamente para os esfor\u00e7os humanit\u00e1rios e gerindo, para o efeito, v\u00e1rias institui\u00e7\u00f5es de sa\u00fade e muitas organiza\u00e7\u00f5es humanit\u00e1rias, entre as quais a Caritas.<\/i><\/p>\n<p style=\"text-align: justify;\">Al\u00e9m disso &#8211; recordou o Papa &#8211; seguindo as indica\u00e7\u00f5es da\u00a0<a href=\"https:\/\/www.vatican.va\/archive\/hist_councils\/ii_vatican_council\/documents\/vat-ii_decl_19651028_nostra-aetate_po.html\" rel=\"external\">Declara\u00e7\u00e3o\u00a0<i>Nostra Aetate<\/i><\/a>\u00a0do Conc\u00edlio Vaticano II sobre as rela\u00e7\u00f5es com as religi\u00f5es n\u00e3o crist\u00e3s, &#8220;a Igreja tem promovido constantemente o di\u00e1logo inter-religioso e a coopera\u00e7\u00e3o entre as diferentes comunidades religiosas, num esp\u00edrito de abertura e respeito m\u00fatuo, que s\u00e3o fundamentais para a constru\u00e7\u00e3o de uma sociedade justa e pac\u00edfica.&#8221;<\/p>\n<h2 style=\"text-align: justify;\">Confirmar os cat\u00f3licos na f\u00e9<\/h2>\n<p style=\"text-align: justify;\">A presen\u00e7a do Sucessor do Ap\u00f3stolo Pedro em Singapura realiza-se quarenta e tr\u00eas anos ap\u00f3s o estabelecimento das rela\u00e7\u00f5es diplom\u00e1ticas entre a Santa S\u00e9 e Singapura, recordou Francisco, e o objetivo &#8220;\u00e9 confirmar os cat\u00f3licos na f\u00e9, exortando-os a prosseguir alegres e dedicados na sua colabora\u00e7\u00e3o com todos os homens e mulheres de boa vontade, para constru\u00edrem uma sociedade civil s\u00e3 e coesa, em favor do bem comum e de um testemunho cristalino da pr\u00f3pria f\u00e9.&#8221;<\/p>\n<p style=\"text-align: justify;\">O Pont\u00edfice, ao recordar o papel espec\u00edfico que Singapura tem a desempenhar na ordem internacional, &#8220;amea\u00e7ada por conflitos e guerras sangrentas&#8221;, encorajou a &#8220;prosseguir o trabalho a favor da unidade e da fraternidade entre os homens, visando o bem comum de todos os povos e Na\u00e7\u00f5es, com um crit\u00e9rio que n\u00e3o seja excludente nem estreitamente centrado nos interesses nacionais&#8221;.<\/p>\n<h2 style=\"text-align: justify;\">Apoio \u00e0 unidade familiar<\/h2>\n<p style=\"text-align: justify;\">Perante as autoridades, Francisco destacou o papel da fam\u00edlia, &#8220;que \u00e9 o primeiro lugar onde cada um aprende a relacionar-se, a ser amado e a amar&#8221;:<\/p>\n<p style=\"text-align: justify;\"><i>As fam\u00edlias precisam de ser apoiadas de modo a poderem transmitir os valores que d\u00e3o sentido e forma \u00e0 vida, e ensinar os jovens a formar rela\u00e7\u00f5es s\u00f3lidas e saud\u00e1veis. \u00c9 louv\u00e1vel, portanto, o esfor\u00e7o de promo\u00e7\u00e3o, prote\u00e7\u00e3o e apoio \u00e0 unidade familiar atrav\u00e9s do trabalho de v\u00e1rias institui\u00e7\u00f5es.<\/i><\/p>\n<h2 style=\"text-align: justify;\">Esp\u00edrito de inclus\u00e3o e fraternidade<\/h2>\n<p style=\"text-align: justify;\">Ao falar da crise ambiental, o Papa destacou que o empenho de Singapura &#8220;no desenvolvimento sustent\u00e1vel e na prote\u00e7\u00e3o da natureza \u00e9 um exemplo a seguir, e a procura de solu\u00e7\u00f5es inovadoras para os desafios ambientais pode incentivar outros pa\u00edses a fazer o mesmo&#8221;:<\/p>\n<p style=\"text-align: justify;\"><i>Singapura \u00e9 um exemplo brilhante do que a humanidade pode alcan\u00e7ar se trabalhar em conjunto, em harmonia, com sentido de responsabilidade e num esp\u00edrito de inclus\u00e3o e fraternidade. Encorajo-vos a prosseguir neste caminho, confiando na promessa de Deus e no seu amor paternal por todos.<\/i><\/p>\n<p style=\"text-align: justify;\">Senhor Presidente, Senhoras e Senhores, que Deus vos ajude a responder \u00e0s necessidades e expectativas do vosso povo e vos fa\u00e7a experimentar que, atrav\u00e9s de quem permanece humilde e agradecido, Ele pode realizar grandes coisas em benef\u00edcio de todos.<\/p>\n<p style=\"text-align: justify;\">Deus aben\u00e7oe Singapura!<\/p>\n<\/div>\n","protected":false},"excerpt":{"rendered":"<p>\u00a0 \u00a0 \u00a0 \u00a0Encontro do Papa com as Autoridades de Singapura no Centro Cultural Universit\u00e1rio\u00a0 \u00a0 \u00a0 \u00a0 \u00a0 \u00a0da Nacional University of Singapore &#8220;Desde os prim\u00f3rdios da sua presen\u00e7a, a Igreja Cat\u00f3lica em Singapura deu uma colabora\u00e7\u00e3o muito espec\u00edfica para o progresso desta Na\u00e7\u00e3o, especialmente nos dom\u00ednios da educa\u00e7\u00e3o e dos cuidados de sa\u00fade, [&hellip;]<\/p>\n","protected":false},"author":1,"featured_media":90160,"comment_status":"open","ping_status":"closed","sticky":false,"template":"","format":"standard","meta":{"footnotes":""},"categories":[3],"tags":[],"class_list":["post-90159","post","type-post","status-publish","format-standard","has-post-thumbnail","hentry","category-vaticano"],"_links":{"self":[{"href":"https:\/\/catolicanet.net\/wp-cnet\/wp-json\/wp\/v2\/posts\/90159","targetHints":{"allow":["GET"]}}],"collection":[{"href":"https:\/\/catolicanet.net\/wp-cnet\/wp-json\/wp\/v2\/posts"}],"about":[{"href":"https:\/\/catolicanet.net\/wp-cnet\/wp-json\/wp\/v2\/types\/post"}],"author":[{"embeddable":true,"href":"https:\/\/catolicanet.net\/wp-cnet\/wp-json\/wp\/v2\/users\/1"}],"replies":[{"embeddable":true,"href":"https:\/\/catolicanet.net\/wp-cnet\/wp-json\/wp\/v2\/comments?post=90159"}],"version-history":[{"count":1,"href":"https:\/\/catolicanet.net\/wp-cnet\/wp-json\/wp\/v2\/posts\/90159\/revisions"}],"predecessor-version":[{"id":90162,"href":"https:\/\/catolicanet.net\/wp-cnet\/wp-json\/wp\/v2\/posts\/90159\/revisions\/90162"}],"wp:featuredmedia":[{"embeddable":true,"href":"https:\/\/catolicanet.net\/wp-cnet\/wp-json\/wp\/v2\/media\/90160"}],"wp:attachment":[{"href":"https:\/\/catolicanet.net\/wp-cnet\/wp-json\/wp\/v2\/media?parent=90159"}],"wp:term":[{"taxonomy":"category","embeddable":true,"href":"https:\/\/catolicanet.net\/wp-cnet\/wp-json\/wp\/v2\/categories?post=90159"},{"taxonomy":"post_tag","embeddable":true,"href":"https:\/\/catolicanet.net\/wp-cnet\/wp-json\/wp\/v2\/tags?post=90159"}],"curies":[{"name":"wp","href":"https:\/\/api.w.org\/{rel}","templated":true}]}}