{"id":90155,"date":"2024-09-12T09:36:38","date_gmt":"2024-09-12T12:36:38","guid":{"rendered":"https:\/\/catolicanet.net\/wp-cnet\/?p=90155"},"modified":"2024-09-12T11:40:36","modified_gmt":"2024-09-12T14:40:36","slug":"o-papa-na-missa-em-singapura-nada-de-duradouro-nasce-e-cresce-sem-amor","status":"publish","type":"post","link":"https:\/\/catolicanet.net\/wp-cnet\/o-papa-na-missa-em-singapura-nada-de-duradouro-nasce-e-cresce-sem-amor\/","title":{"rendered":"O Papa na Missa em Singapura: nada de duradouro nasce e cresce sem amor"},"content":{"rendered":"<div class=\"article__subTitle\" style=\"text-align: justify;\">Na raiz da nossa capacidade de amar e de ser amados, est\u00e1 o pr\u00f3prio Deus, que com cora\u00e7\u00e3o de Pai nos desejou e nos trouxe \u00e0 exist\u00eancia de uma maneira totalmente gratuita e que, de forma igualmente gratuita, nos redimiu e nos libertou do pecado e da morte, com a paix\u00e3o e a ressurrei\u00e7\u00e3o do seu Filho Unig\u00eanito. \u00c9 n\u2019Ele que tudo o que somos e podemos vir a ser tem a sua origem e o seu pleno cumprimento: disse Francisco na Missa celebrada esta quinta-feira (12\/09) no Est\u00e1dio Nacional de Singapura<\/div>\n<div><\/div>\n<div>\n<p><iframe loading=\"lazy\" title=\"Singapura, chegada e Santa Missa, 12 de setembro de 2024, Papa Francisco\" width=\"696\" height=\"392\" src=\"https:\/\/www.youtube.com\/embed\/9VPVH2ugVv0?feature=oembed\" frameborder=\"0\" allow=\"accelerometer; autoplay; clipboard-write; encrypted-media; gyroscope; picture-in-picture; web-share\" referrerpolicy=\"strict-origin-when-cross-origin\" allowfullscreen><\/iframe><\/p>\n<\/div>\n<div class=\"title__separator\" style=\"text-align: justify;\"><\/div>\n<div class=\"article__text\">\n<p style=\"text-align: justify;\"><b>Raimundo de Lima \u2013 Vatican News<\/b><\/p>\n<div style=\"text-align: justify;\">\n<div class=\"article__embed article__embed--unwrap article__embed--dark\">\n<div class=\"article__innerTitle\">Ou\u00e7a com a voz do Papa Francisco e compartilhe<\/div>\n<div>\n<audio class=\"wp-audio-shortcode\" id=\"audio-90155-1\" preload=\"none\" style=\"width: 100%;\" controls=\"controls\"><source type=\"audio\/mpeg\" src=\"https:\/\/media.vaticannews.va\/media\/audio\/s1\/2024\/09\/12\/12\/138256805_F138256805.mp3?_=1\" \/><a href=\"https:\/\/media.vaticannews.va\/media\/audio\/s1\/2024\/09\/12\/12\/138256805_F138256805.mp3\">https:\/\/media.vaticannews.va\/media\/audio\/s1\/2024\/09\/12\/12\/138256805_F138256805.mp3<\/a><\/audio>\n<\/div>\n<\/div>\n<\/div>\n<p style=\"text-align: justify;\">A vida conduz-nos, em \u00faltima an\u00e1lise, a uma verdade: sem amor, n\u00e3o somos nada. Foi o que disse o Santo Padre na Missa celebrada esta quinta-feira (12\/09) em Singapura, \u00faltima etapa de sua 45\u00aa Viagem Apost\u00f3lica Internacional, depois de ter visitado a Indon\u00e9sia, Papua Nova Guin\u00e9 e Timor-Leste. Trata-se da mais longa viagem apost\u00f3lica de Francisco, iniciada no dia 02\/09 e se conclui amanh\u00e3, dia 13.<\/p>\n<p style=\"text-align: justify;\">Na homilia da celebra\u00e7\u00e3o no Est\u00e1dio Nacional, diante de 55 mil fi\u00e9is, Francisco inicialmente enalteceu a beleza da Cidade-Estado com suas grandes e arrojadas arquiteturas que contribuem para a tornar t\u00e3o famosa e fascinante recordando que tamb\u00e9m na origem destas imponentes constru\u00e7\u00f5es est\u00e1, em primeiro lugar, o amor: a \u201ccaridade que edifica\u201d.<\/p>\n<p style=\"text-align: justify;\">Francisco observou que talvez alguns pensem ser esta uma afirma\u00e7\u00e3o ing\u00eanua, mas se refletirmos sobre ela, n\u00e3o \u00e9 bem assim. Com efeito, n\u00e3o h\u00e1 nenhuma obra boa, que n\u00e3o tenha por detr\u00e1s pessoas talvez geniais, fortes, ricas, criativas, mas ainda assim mulheres e homens fr\u00e1geis como n\u00f3s, para quem se n\u00e3o h\u00e1 amor n\u00e3o h\u00e1 vida, nem impulso, nem raz\u00f5es para agir, nem for\u00e7a para construir.<\/p>\n<div style=\"text-align: justify;\">\n<div class=\"article__embed article__embed--unwrap article__embed--photo\">\n<figure><picture><img decoding=\"async\" class=\"loaded\" src=\"https:\/\/www.vaticannews.va\/content\/dam\/vaticannews\/agenzie\/images\/srv\/2024\/09\/12\/2024-09-12-viaggio-apostolico-a-singapore---santa-messa-nello-st\/1726135598448.JPG\/_jcr_content\/renditions\/cq5dam.thumbnail.cropped.750.422.jpeg\" alt=\"O Papa Francisco preside a Santa Missa no Est\u00e1dio Nacional de Singapura (Vatican Media)\" data-original=\"\/content\/dam\/vaticannews\/agenzie\/images\/srv\/2024\/09\/12\/2024-09-12-viaggio-apostolico-a-singapore---santa-messa-nello-st\/1726135598448.JPG\/_jcr_content\/renditions\/cq5dam.thumbnail.cropped.750.422.jpeg\" data-was-processed=\"true\" \/><\/picture><\/figure>\n<div class=\"photo_embed--Title\">O Papa Francisco preside a Santa Missa no Est\u00e1dio Nacional de Singapura (Vatican Media)<\/div>\n<\/div>\n<\/div>\n<h2 style=\"text-align: justify;\">Nada de duradouro nasce e cresce sem amor<\/h2>\n<div style=\"text-align: justify;\">\n<div class=\"article__embed article__embed--border embed_style\">\n<blockquote><p>\u201cQueridos irm\u00e3os e irm\u00e3s, se existe e permanece algo de bom neste mundo, \u00e9 simplesmente porque, em infinitas e variadas circunst\u00e2ncias, o amor prevaleceu sobre o \u00f3dio, a solidariedade sobre a indiferen\u00e7a, a generosidade sobre o ego\u00edsmo. Sem isso, ningu\u00e9m teria sido capaz de fazer crescer aqui uma metr\u00f3pole t\u00e3o grande: os arquitetos n\u00e3o teriam projetado, os oper\u00e1rios n\u00e3o teriam trabalhado e nada teria sido conseguido.\u201d<\/p><\/blockquote>\n<\/div>\n<\/div>\n<p style=\"text-align: justify;\">Portanto, tudo o que aqui vemos \u00e9 um sinal, acrescentou o Pont\u00edfice. Por detr\u00e1s de cada uma das obras que temos diante de n\u00f3s, h\u00e1 tantas hist\u00f3rias de amor a descobrir: homens e mulheres unidos entre si numa comunidade, cidad\u00e3os dedicados ao seu Pa\u00eds, m\u00e3es e pais devotados \u00e0s suas fam\u00edlias, profissionais e trabalhadores de todos os tipos e graus, empenhados de forma honesta nas suas diferentes fun\u00e7\u00f5es e tarefas.<\/p>\n<p style=\"text-align: justify;\">E \u00e9 bom que aprendamos a ler estas hist\u00f3rias, escritas nas fachadas das nossas casas e nos tra\u00e7ados das nossas estradas, e as transmitamos, para nos recordar que \u201cnada de duradouro nasce e cresce sem amor\u201d, ressaltou.<\/p>\n<div style=\"text-align: justify;\">\n<div class=\"article__embed article__embed--unwrap article__embed--photo\">\n<figure><picture><img decoding=\"async\" class=\"loaded\" src=\"https:\/\/www.vaticannews.va\/content\/dam\/vaticannews\/agenzie\/images\/srv\/2024\/09\/12\/2024-09-12-viaggio-apostolico-a-singapore---santa-messa-nello-st\/1726134701518.JPG\/_jcr_content\/renditions\/cq5dam.thumbnail.cropped.750.422.jpeg\" alt=\"Missa presidida pelo Papa Francisco no Est\u00e1dio Nacional de Singapura (Vatican Media)\" data-original=\"\/content\/dam\/vaticannews\/agenzie\/images\/srv\/2024\/09\/12\/2024-09-12-viaggio-apostolico-a-singapore---santa-messa-nello-st\/1726134701518.JPG\/_jcr_content\/renditions\/cq5dam.thumbnail.cropped.750.422.jpeg\" data-was-processed=\"true\" \/><\/picture><\/figure>\n<div class=\"photo_embed--Title\">Missa presidida pelo Papa Francisco no Est\u00e1dio Nacional de Singapura (Vatican Media)<\/div>\n<\/div>\n<\/div>\n<h2 style=\"text-align: justify;\">O tesouro mais precioso aos olhos de Deus somos n\u00f3s<\/h2>\n<p style=\"text-align: justify;\">Francisco prosseguiu destacando que a f\u00e9 confirma-nos e ilumina-nos ainda mais sobre esta certeza, porque nos diz que, na raiz da nossa capacidade de amar e de ser amados, est\u00e1 o pr\u00f3prio Deus, que com cora\u00e7\u00e3o de Pai nos desejou e nos trouxe \u00e0 exist\u00eancia de uma maneira totalmente gratuita e que, de forma igualmente gratuita, nos redimiu e nos libertou do pecado e da morte, com a paix\u00e3o e a ressurrei\u00e7\u00e3o do seu Filho Unig\u00eanito. \u00c9 n\u2019Ele que tudo o que somos e podemos vir a ser tem a sua origem e o seu pleno cumprimento.<\/p>\n<p style=\"text-align: justify;\">O Papa ressaltou aos fi\u00e9is que para al\u00e9m \u00a0do deslumbramento diante das obras feitas pelo homem, h\u00e1 uma maravilha ainda maior, a ser abra\u00e7ada com muito mais admira\u00e7\u00e3o e respeito, isto \u00e9, os irm\u00e3os e irm\u00e3s que encontramos todos os dias no nosso caminho, sem prefer\u00eancias nem distin\u00e7\u00f5es, como nos mostra a sociedade e a Igreja de Singapura, etnicamente t\u00e3o diversas e, ao mesmo tempo, t\u00e3o unidas e solid\u00e1rias!<\/p>\n<div style=\"text-align: justify;\">\n<div class=\"article__embed article__embed--border embed_style\">\n<blockquote><p>\u201cO edif\u00edcio mais bonito, o tesouro mais precioso, o investimento mais lucrativo aos olhos de Deus somos n\u00f3s: filhos prediletos do mesmo Pai, chamados por sua vez a difundir o amor.\u201d<\/p><\/blockquote>\n<\/div>\n<\/div>\n<div style=\"text-align: justify;\">\n<div class=\"article__embed article__embed--unwrap article__embed--photo\">\n<figure><picture><img decoding=\"async\" class=\"loaded\" src=\"https:\/\/www.vaticannews.va\/content\/dam\/vaticannews\/agenzie\/images\/srv\/2024\/09\/12\/2024-09-12-viaggio-apostolico-a-singapore---santa-messa-nello-st\/1726134406379.JPG\/_jcr_content\/renditions\/cq5dam.thumbnail.cropped.750.422.jpeg\" alt=\"O Papa Francisco preside a Santa Missa no Est\u00e1dio Nacional de Singapura (Vatican Media)\" data-original=\"\/content\/dam\/vaticannews\/agenzie\/images\/srv\/2024\/09\/12\/2024-09-12-viaggio-apostolico-a-singapore---santa-messa-nello-st\/1726134406379.JPG\/_jcr_content\/renditions\/cq5dam.thumbnail.cropped.750.422.jpeg\" data-was-processed=\"true\" \/><\/picture><\/figure>\n<div class=\"photo_embed--Title\">O Papa Francisco preside a Santa Missa no Est\u00e1dio Nacional de Singapura (Vatican Media)<\/div>\n<\/div>\n<\/div>\n<h2 style=\"text-align: justify;\">A Virgem Maria e S\u00e3o Francisco Xavier<\/h2>\n<p style=\"text-align: justify;\">Antes de concluir, o Santo Padre quis recordar duas pessoas. A primeira \u00e9 Maria, cujo Sant\u00edssimo Nome celebramos esta quinta-feira (12\/09). \u201cA quantas pessoas o seu apoio e presen\u00e7a deram e d\u00e3o esperan\u00e7a! Em quantos l\u00e1bios o seu Nome apareceu e aparece nos momentos de alegria e de dor! Tudo isto porque n\u2019Ela vemos o amor do Pai manifestar-se num dos modos mais belos e totais: o da ternura de uma m\u00e3e, que tudo compreende e perdoa sem jamais nos abandonar. Por isso nos dirigimos a Ela!\u201d<\/p>\n<p style=\"text-align: justify;\">O segundo, destacou Francisco, \u201c\u00e9 um santo muito querido nesta terra, que aqui encontrou hospitalidade por diversas vezes durante as suas viagens mission\u00e1rias. Refiro-me a S\u00e3o Francisco Xavier, recebido v\u00e1rias vezes neste territ\u00f3rio, sendo a \u00faltima no dia 21 de julho de 1552, poucos meses antes da sua morte\u201d. O Papa lembrou do mission\u00e1rio jesu\u00edta as palavras \u201cSenhor, eis-me aqui; que quereis que eu fa\u00e7a?\u201d<\/p>\n<p style=\"text-align: justify;\">Tamb\u00e9m n\u00f3s, concluiu o Papa, seguindo o seu exemplo e o de Maria, poder\u00edamos fazer nossas estas palavras:<\/p>\n<div style=\"text-align: justify;\">\n<div class=\"article__embed article__embed--border embed_style\">\n<blockquote><p>\u201c\u201cSenhor, eis-me aqui, que queres que eu fa\u00e7a?\u201d, de modo que elas nos acompanhem n\u00e3o s\u00f3 nestes dias, mas sempre, como compromisso constante a escutar e a responder prontamente aos apelos de amor e de justi\u00e7a que, ainda hoje, continuam a chegar-nos da infinita caridade de Deus.\u201d<\/p><\/blockquote>\n<\/div>\n<\/div>\n<div>\n<div class=\"article__embed article__embed--unwrap article__embed--photo\">\n<figure style=\"text-align: justify;\"><picture><img decoding=\"async\" class=\"loaded\" src=\"https:\/\/www.vaticannews.va\/content\/dam\/vaticannews\/agenzie\/images\/srv\/2024\/09\/12\/2024-09-12-viaggio-apostolico-a-singapore---santa-messa-nello-st\/1726134709492.JPG\/_jcr_content\/renditions\/cq5dam.thumbnail.cropped.750.422.jpeg\" alt=\"Um dos momentos da Missa presidida pelo Papa Francisco no Est\u00e1dio Nacional de Singapura (Vatican Media)\" data-original=\"\/content\/dam\/vaticannews\/agenzie\/images\/srv\/2024\/09\/12\/2024-09-12-viaggio-apostolico-a-singapore---santa-messa-nello-st\/1726134709492.JPG\/_jcr_content\/renditions\/cq5dam.thumbnail.cropped.750.422.jpeg\" data-was-processed=\"true\" \/><\/picture><\/figure>\n<div class=\"photo_embed--Title\" style=\"text-align: justify;\">Um dos momentos da Missa presidida pelo Papa Francisco no Est\u00e1dio Nacional de Singapura (Vatican Media)<\/div>\n<\/div>\n<\/div>\n<\/div>\n","protected":false},"excerpt":{"rendered":"<p>Na raiz da nossa capacidade de amar e de ser amados, est\u00e1 o pr\u00f3prio Deus, que com cora\u00e7\u00e3o de Pai nos desejou e nos trouxe \u00e0 exist\u00eancia de uma maneira totalmente gratuita e que, de forma igualmente gratuita, nos redimiu e nos libertou do pecado e da morte, com a paix\u00e3o e a ressurrei\u00e7\u00e3o do [&hellip;]<\/p>\n","protected":false},"author":1,"featured_media":90156,"comment_status":"open","ping_status":"closed","sticky":false,"template":"","format":"standard","meta":{"footnotes":""},"categories":[13,3],"tags":[],"class_list":["post-90155","post","type-post","status-publish","format-standard","has-post-thumbnail","hentry","category-featured","category-vaticano"],"_links":{"self":[{"href":"https:\/\/catolicanet.net\/wp-cnet\/wp-json\/wp\/v2\/posts\/90155","targetHints":{"allow":["GET"]}}],"collection":[{"href":"https:\/\/catolicanet.net\/wp-cnet\/wp-json\/wp\/v2\/posts"}],"about":[{"href":"https:\/\/catolicanet.net\/wp-cnet\/wp-json\/wp\/v2\/types\/post"}],"author":[{"embeddable":true,"href":"https:\/\/catolicanet.net\/wp-cnet\/wp-json\/wp\/v2\/users\/1"}],"replies":[{"embeddable":true,"href":"https:\/\/catolicanet.net\/wp-cnet\/wp-json\/wp\/v2\/comments?post=90155"}],"version-history":[{"count":1,"href":"https:\/\/catolicanet.net\/wp-cnet\/wp-json\/wp\/v2\/posts\/90155\/revisions"}],"predecessor-version":[{"id":90158,"href":"https:\/\/catolicanet.net\/wp-cnet\/wp-json\/wp\/v2\/posts\/90155\/revisions\/90158"}],"wp:featuredmedia":[{"embeddable":true,"href":"https:\/\/catolicanet.net\/wp-cnet\/wp-json\/wp\/v2\/media\/90156"}],"wp:attachment":[{"href":"https:\/\/catolicanet.net\/wp-cnet\/wp-json\/wp\/v2\/media?parent=90155"}],"wp:term":[{"taxonomy":"category","embeddable":true,"href":"https:\/\/catolicanet.net\/wp-cnet\/wp-json\/wp\/v2\/categories?post=90155"},{"taxonomy":"post_tag","embeddable":true,"href":"https:\/\/catolicanet.net\/wp-cnet\/wp-json\/wp\/v2\/tags?post=90155"}],"curies":[{"name":"wp","href":"https:\/\/api.w.org\/{rel}","templated":true}]}}