{"id":90093,"date":"2024-09-09T10:01:07","date_gmt":"2024-09-09T13:01:07","guid":{"rendered":"https:\/\/catolicanet.net\/wp-cnet\/?p=90093"},"modified":"2024-09-09T15:02:56","modified_gmt":"2024-09-09T18:02:56","slug":"com-a-eucaristia-nao-ha-sonho-que-nao-possamos-realizar-se-coincidir-com-os-sonhos-de-deus","status":"publish","type":"post","link":"https:\/\/catolicanet.net\/wp-cnet\/com-a-eucaristia-nao-ha-sonho-que-nao-possamos-realizar-se-coincidir-com-os-sonhos-de-deus\/","title":{"rendered":"\u201cCom a Eucaristia n\u00e3o h\u00e1 sonho que n\u00e3o possamos realizar\u2026 se coincidir com os sonhos de Deus\u201d"},"content":{"rendered":"<div style=\"text-align: center;\"><em><span class=\"SubHeading_subheading__NJ_eJ\" aria-label=\"postar legenda\">Vencedor do Pr\u00eamio Ratzinger de Teologia 2023, Padre Pablo Blanco conversou com Aleteia sobre a extraordin\u00e1ria beleza da Eucaristia poucos dias antes do 53\u00ba Congresso Eucar\u00edstico Internacional, do qual ser\u00e1 palestrante<\/span><\/em><\/div>\n<div style=\"text-align: justify;\">\n<div>\n<p><span>Participar\u00e1 como orador no\u00a0<\/span><a title=\"53\u00ba Congresso Eucar\u00edstico Internacional\" href=\"https:\/\/www.iec2024.ec\/\" target=\"_blank\" rel=\"noopener\"><span>53\u00ba Congresso Eucar\u00edstico Internacional<\/span><\/a><span>\u00a0, que se realizar\u00e1 de 8 a 15 de setembro no Equador. F\u00e1-lo-\u00e1 como orador na \u00e1rea da Teologia, \u00e1rea onde \u00e9 uma particular refer\u00eancia mundial. N\u00e3o \u00e9 \u00e0 toa que ele det\u00e9m o\u00a0<\/span><a title=\"Pr\u00eamio Ratzinger 2023,\" href=\"https:\/\/es.aleteia.org\/2023\/11\/15\/pablo-blanco-ratzinger-2023-el-futuro-de-la-iglesia-pasa-necesariamente-por-los-laicos\" target=\"_blank\" rel=\"noopener\"><span>Pr\u00eamio Ratzinger 2023,<\/span><\/a><span> considerado o reconhecimento de maior prest\u00edgio em todo o planeta na \u00e1rea.<\/span><\/p>\n<\/div>\n<\/div>\n<div style=\"text-align: justify;\">\n<div>\n<p><span>Trata-se do sacerdote e te\u00f3logo espanhol Pablo Blanco, que conversou exclusivamente com Aleteia sobre qual \u00e9 a maior riqueza teol\u00f3gica que a Eucaristia possui; e tamb\u00e9m para comentar a sua opini\u00e3o especializada sobre o que isto significa num mundo marcado por conflitos, convuls\u00f5es pol\u00edticas e guerras.<\/span><\/p>\n<\/div>\n<\/div>\n<div style=\"text-align: justify;\">\n<blockquote class=\"Quote_container__XMwM_\">\n<div>\n<p><span>\u201cA Eucaristia cont\u00e9m todos os mist\u00e9rios crist\u00e3os, desde a cria\u00e7\u00e3o at\u00e9 a bem-aventuran\u00e7a eterna. \u00c9 o para\u00edso na terra, o momento em que estamos mais pr\u00f3ximos de Deus. \u00c9 como tocar o c\u00e9u quase com os dedos\u201d, ressalta.<\/span><\/p>\n<\/div>\n<div><\/div>\n<\/blockquote>\n<\/div>\n<div style=\"text-align: justify;\">\n<figure class=\"ImageBlock_figure__x1S9e\"><img loading=\"lazy\" decoding=\"async\" class=\"ImageBlock_image__Y5gng\" src=\"https:\/\/wp.es.aleteia.org\/wp-content\/uploads\/sites\/7\/2023\/11\/Premio-Ratzinger-2023.jpg?w=960&amp;q=75\" sizes=\"auto, (max-width: 500px) 400px, 800px\" srcset=\"https:\/\/wp.es.aleteia.org\/wp-content\/uploads\/sites\/7\/2023\/11\/Premio-Ratzinger-2023.jpg?w=75&amp;q=75 75w, https:\/\/wp.es.aleteia.org\/wp-content\/uploads\/sites\/7\/2023\/11\/Premio-Ratzinger-2023.jpg?w=95&amp;q=75 95w, https:\/\/wp.es.aleteia.org\/wp-content\/uploads\/sites\/7\/2023\/11\/Premio-Ratzinger-2023.jpg?w=120&amp;q=75 120w, https:\/\/wp.es.aleteia.org\/wp-content\/uploads\/sites\/7\/2023\/11\/Premio-Ratzinger-2023.jpg?w=240&amp;q=75 240w, https:\/\/wp.es.aleteia.org\/wp-content\/uploads\/sites\/7\/2023\/11\/Premio-Ratzinger-2023.jpg?w=360&amp;q=75 360w, https:\/\/wp.es.aleteia.org\/wp-content\/uploads\/sites\/7\/2023\/11\/Premio-Ratzinger-2023.jpg?w=360&amp;q=75 360w, https:\/\/wp.es.aleteia.org\/wp-content\/uploads\/sites\/7\/2023\/11\/Premio-Ratzinger-2023.jpg?w=480&amp;q=75 480w, https:\/\/wp.es.aleteia.org\/wp-content\/uploads\/sites\/7\/2023\/11\/Premio-Ratzinger-2023.jpg?w=480&amp;q=75 480w, https:\/\/wp.es.aleteia.org\/wp-content\/uploads\/sites\/7\/2023\/11\/Premio-Ratzinger-2023.jpg?w=640&amp;q=75 640w, https:\/\/wp.es.aleteia.org\/wp-content\/uploads\/sites\/7\/2023\/11\/Premio-Ratzinger-2023.jpg?w=640&amp;q=75 640w, https:\/\/wp.es.aleteia.org\/wp-content\/uploads\/sites\/7\/2023\/11\/Premio-Ratzinger-2023.jpg?w=960&amp;q=75 960w\" alt=\"Pr\u00eamio Pablo Blanco Sarto Ratzinger 2023\" width=\"1200\" height=\"800\" data-nimg=\"1\" \/><figcaption class=\"ImageBlock_figcaption__FFRgM\" aria-label=\"Padre Pablo Blanco\"><span>Padre Pablo Blanco<\/span><\/figcaption><div class=\"ImageBlock_copyright__mSdmK\"><span>Manuel Castells, CC BY-SA 2.0, via Wikimedia Commons | Editado por Aleteia<\/span><\/div>\n<\/figure>\n<\/div>\n<div style=\"text-align: justify;\">\n<div>\n<p><span>\u201cA Eucaristia cont\u00e9m \u2013 ela a atualiza \u2013 toda a P\u00e1scoa do Senhor, desde a \u00daltima Ceia at\u00e9 a Cruz e a Ressurrei\u00e7\u00e3o. Significa comparecer a esses eventos na primeira fila. \u00c9 como uma Semana Santa em miniatura, como todo o tempo pascal numa \u00fanica celebra\u00e7\u00e3o\u201d, acrescenta.<\/span><\/p>\n<\/div>\n<\/div>\n<div style=\"text-align: justify;\">\n<div>\n<p><span>\u201c\u00c9 por isso que a Eucaristia \u00e9, nas palavras do Conc\u00edlio Vaticano II, &#8216;fonte e \u00e1pice da vida crist\u00e3&#8217;\u201d (cf. SC 10), conclui o Padre Blanco.<\/span><\/p>\n<\/div>\n<\/div>\n<div style=\"text-align: justify;\">\n<h2 class=\"Heading_heading__PlVsb\"><span>\u201cA Eucaristia \u00e9 tamb\u00e9m fonte de fraternidade\u201d<\/span><\/h2>\n<\/div>\n<div style=\"text-align: justify;\">\n<div>\n<p><span>Questionado sobre a mensagem que um congresso eucar\u00edstico envia ao mundo em tempos de tanta tens\u00e3o pol\u00edtica e de guerra, salienta que \u201ca Eucaristia \u00e9 tamb\u00e9m fonte de fraternidade, como diz o lema do congresso eucar\u00edstico. Quando, por exemplo, n\u00e3o podemos amar uma pessoa, podemos pedi-lo na Eucaristia e Deus expandir\u00e1 os nossos cora\u00e7\u00f5es. Quando n\u00e3o podemos perdoar, devemos pedir esse perd\u00e3o em comunh\u00e3o\u201d.<\/span><\/p>\n<\/div>\n<\/div>\n<div style=\"text-align: justify;\">\n<div>\n<p><span>O sacerdote explica que a\u00a0<\/span><span>Eucaristia<\/span><span>\u00a0\u201ctamb\u00e9m pode ser fonte de paz. Quando Jo\u00e3o Paulo II celebrou a missa sob fortes nevascas em Sarajevo, em 1997, a paz n\u00e3o foi alcan\u00e7ada. Mas voltou a pedi-lo na prociss\u00e3o de Corpus Christi com a expressividade que tinha e, contra todas as probabilidades, a paz foi assinada\u201d.<\/span><\/p>\n<\/div>\n<\/div>\n<div style=\"text-align: justify;\">\n<div>\n<p><span>Agora, \u201cpodemos alcan\u00e7ar a paz na Ucr\u00e2nia ou em Gaza com os nossos pedidos na Eucaristia?\u00a0<\/span><span>\u201d E sua resposta \u00e9 igualmente contundente e direta:<\/span><\/p>\n<\/div>\n<\/div>\n<div style=\"text-align: justify;\">\n<blockquote class=\"Quote_container__XMwM_\">\n<div>\n<p><span>\u201cToda a for\u00e7a est\u00e1 nela.\u00a0<\/span><a title=\"Bento XVI\" href=\"https:\/\/es.aleteia.org\/tag\/benedicto-xvi\" target=\"_blank\" rel=\"noopener\"><span>Bento XVI<\/span><\/a><span> comparou-a \u00e0 fus\u00e3o nuclear, \u00e0 energia limpa e inesgot\u00e1vel, como a do sol. A energia \u2013 a gra\u00e7a \u2013 est\u00e1 a\u00ed. Tamb\u00e9m depende de n\u00f3s o que obtemos da Eucaristia\u201d.<\/span><\/p>\n<\/div>\n<\/blockquote>\n<\/div>\n<div style=\"text-align: justify;\">\n<h2 class=\"Heading_heading__PlVsb\"><span>Uma mensagem curiosa para os jovens<\/span><\/h2>\n<\/div>\n<div style=\"text-align: justify;\">\n<div>\n<p><span>O jovem te\u00f3logo tamb\u00e9m tem uma mensagem para os jovens: \u201cAproveitem esta fonte inesgot\u00e1vel de energia para os seus sonhos e as suas dificuldades quotidianas, como convida o Papa Francisco\u201d.<\/span><\/p>\n<\/div>\n<\/div>\n<div style=\"text-align: justify;\">\n<blockquote class=\"Blockquote_container__x7EGt\">\n<p class=\"Blockquote_par__J3vJP\"><span>\u201cCom a Eucaristia n\u00e3o h\u00e1 desafio ou sonho que n\u00e3o possamos realizar\u201d<\/span><\/p>\n<\/blockquote>\n<\/div>\n<div style=\"text-align: justify;\">\n<div>\n<p><span>Ele os adverte que \u201c\u00e0s vezes podemos ficar desanimados, especialmente se confiarmos em nossas pr\u00f3prias for\u00e7as\u201d. No entanto, ele tamb\u00e9m lhes d\u00e1 uma solu\u00e7\u00e3o: \u201cA Eucaristia \u00e9 como os lembas de Frodo ou a po\u00e7\u00e3o m\u00e1gica de Ast\u00e9rix, mas de uma forma real. Porque cont\u00e9m todo o Cristo, com o seu corpo, o seu sangue, a sua alma e a sua divindade. Temos a Eucaristia e, com ela, n\u00e3o h\u00e1 desafio ou sonho que n\u00e3o possamos realizar, desde que estes coincidam com os sonhos de Deus, como repete o Papa\u201d.<\/span><\/p>\n<\/div>\n<\/div>\n<div style=\"text-align: justify;\">\n<h2 class=\"Heading_heading__PlVsb\"><span>\u201cSaiba o que voc\u00ea ama\u201d<\/span><\/h2>\n<\/div>\n<div style=\"text-align: justify;\">\n<div>\n<p><span>Aleteia perguntou ao Padre Pablo \u2013 pessoa de estudos aprofundados que partilha o tempo acad\u00e9mico com o tempo pastoral num altar \u2013 o que mais o atrai nos dois espa\u00e7os onde vive. Isto \u00e9 o que ele respondeu:<\/span><\/p>\n<\/div>\n<\/div>\n<div style=\"text-align: justify;\">\n<div>\n<p><span>\u201cObrigado pela parte profunda&#8230; (risos). Mas \u00e9 verdade que n\u00e3o poderia dizer muito se n\u00e3o me alimentasse diariamente com a Eucaristia. Certamente explico este assunto, mas sem a celebra\u00e7\u00e3o di\u00e1ria da Eucaristia permaneceria na pura teoria\u201d.<\/span><\/p>\n<\/div>\n<\/div>\n<div style=\"text-align: justify;\">\n<blockquote class=\"Quote_container__XMwM_\">\n<div>\n<p><span>\u201cTamb\u00e9m \u00e9 verdade que o conhecimento alimenta o amor. &#8216;Um grande amor \u00e9 filho de um grande conhecimento&#8217;, disse Leonardo Da Vinci. E muitas vezes lendo ou explicando em aula tenho que expressar minha gratid\u00e3o a Deus por esse grande presente.\u201d<\/span><\/p>\n<\/div>\n<div><\/div>\n<\/blockquote>\n<\/div>\n<div>\n<div>\n<p style=\"text-align: justify;\"><span>\u201cPortanto, aqui vai um \u00faltimo aviso aos jovens: saibam o que voc\u00eas amam. Assim voc\u00ea ver\u00e1 como n\u00e3o fica entediado na missa&#8230;&#8221;<\/span><\/p>\n<\/div>\n<\/div>\n","protected":false},"excerpt":{"rendered":"<p>Vencedor do Pr\u00eamio Ratzinger de Teologia 2023, Padre Pablo Blanco conversou com Aleteia sobre a extraordin\u00e1ria beleza da Eucaristia poucos dias antes do 53\u00ba Congresso Eucar\u00edstico Internacional, do qual ser\u00e1 palestrante Participar\u00e1 como orador no\u00a053\u00ba Congresso Eucar\u00edstico Internacional\u00a0, que se realizar\u00e1 de 8 a 15 de setembro no Equador. F\u00e1-lo-\u00e1 como orador na \u00e1rea da [&hellip;]<\/p>\n","protected":false},"author":1,"featured_media":90094,"comment_status":"open","ping_status":"closed","sticky":false,"template":"","format":"standard","meta":{"footnotes":""},"categories":[4,13],"tags":[],"class_list":["post-90093","post","type-post","status-publish","format-standard","has-post-thumbnail","hentry","category-cotidiano","category-featured"],"_links":{"self":[{"href":"https:\/\/catolicanet.net\/wp-cnet\/wp-json\/wp\/v2\/posts\/90093","targetHints":{"allow":["GET"]}}],"collection":[{"href":"https:\/\/catolicanet.net\/wp-cnet\/wp-json\/wp\/v2\/posts"}],"about":[{"href":"https:\/\/catolicanet.net\/wp-cnet\/wp-json\/wp\/v2\/types\/post"}],"author":[{"embeddable":true,"href":"https:\/\/catolicanet.net\/wp-cnet\/wp-json\/wp\/v2\/users\/1"}],"replies":[{"embeddable":true,"href":"https:\/\/catolicanet.net\/wp-cnet\/wp-json\/wp\/v2\/comments?post=90093"}],"version-history":[{"count":1,"href":"https:\/\/catolicanet.net\/wp-cnet\/wp-json\/wp\/v2\/posts\/90093\/revisions"}],"predecessor-version":[{"id":90096,"href":"https:\/\/catolicanet.net\/wp-cnet\/wp-json\/wp\/v2\/posts\/90093\/revisions\/90096"}],"wp:featuredmedia":[{"embeddable":true,"href":"https:\/\/catolicanet.net\/wp-cnet\/wp-json\/wp\/v2\/media\/90094"}],"wp:attachment":[{"href":"https:\/\/catolicanet.net\/wp-cnet\/wp-json\/wp\/v2\/media?parent=90093"}],"wp:term":[{"taxonomy":"category","embeddable":true,"href":"https:\/\/catolicanet.net\/wp-cnet\/wp-json\/wp\/v2\/categories?post=90093"},{"taxonomy":"post_tag","embeddable":true,"href":"https:\/\/catolicanet.net\/wp-cnet\/wp-json\/wp\/v2\/tags?post=90093"}],"curies":[{"name":"wp","href":"https:\/\/api.w.org\/{rel}","templated":true}]}}